{"id":105904,"date":"2024-01-04T17:54:57","date_gmt":"2024-01-04T20:54:57","guid":{"rendered":"https:\/\/cdnoticias.com\/?p=105904"},"modified":"2024-01-04T20:50:48","modified_gmt":"2024-01-04T23:50:48","slug":"combustible-cae-la-venta-en-estaciones-urbanas-y-se-mantiene-en-las-rutas-por-las-vacaciones","status":"publish","type":"post","link":"https:\/\/cdnoticias.com\/index.php\/2024\/01\/04\/combustible-cae-la-venta-en-estaciones-urbanas-y-se-mantiene-en-las-rutas-por-las-vacaciones\/","title":{"rendered":"Combustible: cae la venta en estaciones urbanas y se mantiene en las rutas por las vacaciones"},"content":{"rendered":"\n<p>Es el primer impacto de la suba de combustible que plante\u00f3 Jorge Hernando, presidente de la C\u00e1mara de Estaciones de Servicio de Olavarr\u00eda y empresario del sector. Se prev\u00e9 una nueva suba para febrero.<\/p>\n\n\n\n<hr class=\"wp-block-separator aligncenter has-alpha-channel-opacity is-style-wide\"\/>\n\n\n\n<p><a href=\"https:\/\/cdnoticias.com\/index.php\/2024\/01\/03\/largas-colas-en-las-estaciones-de-servicio-de-olavarria-para-ganarle-al-nuevo-aumento-de-combustibles\/\" data-type=\"post\" data-id=\"105789\" target=\"_blank\" rel=\"noreferrer noopener\">Esta semana se registr\u00f3 el primer aumento del combustible del a\u00f1o<\/a>, <strong>el tercero en un mes<\/strong>. La suba de precios se dio durante las semanas de fiestas y cercana a las fechas de vacaciones, <strong>uno de los momentos del a\u00f1o donde la gente m\u00e1s viaja<\/strong> con lo que el impacto va directo al bolsillo de los usuarios y su capacidad de movilidad.<\/p>\n\n\n\n<p><strong>Central de Noticias<\/strong> convers\u00f3 con<strong> Jorge Hernando, presidente de la C\u00e1mara de Estaciones de Servicio de Olavarr\u00eda<\/strong> y empresario del sector, para conocer la situaci\u00f3n local. <em>Plante\u00f3 la afectaci\u00f3n inicial para los estacioneros y los conductores de veh\u00edculos, y tambi\u00e9n previ\u00f3 que el mes que viene habr\u00eda un nuevo incremento de precios <\/em>que \u2013en estimaciones nacionales- podr\u00eda llegar a 27%.<\/p>\n\n\n\n<blockquote class=\"wp-block-quote is-layout-flow wp-block-quote-is-layout-flow\">\n<p>Hernando fue consultado sobre la suba del alrededor de 26% del precio de este mi\u00e9rcoles. Afirm\u00f3 que \u201cocasiona una baja en la venta de combustible que obviamente repercute en la estaci\u00f3n de servicio\u201d. \u201cAnte un aumento de precios, con la cantidad de dinero que habitualmente se carga, est\u00e1 cargando menos litros\u201d detall\u00f3.<\/p>\n<\/blockquote>\n\n\n\n<p>Adem\u00e1s, puntualiz\u00f3 que afecta m\u00e1s a las estaciones urbanas porque <em>\u201cla gente maneja el d\u00eda a d\u00eda, la semana, y tiene asignada no una cantidad de litros sino una cantidad de pesos\u201d <\/em>a diferencia de las estaciones de servicio de las rutas en las que el cliente \u201cgeneralmente completa el tanque\u201d.<\/p>\n\n\n\n<figure class=\"wp-block-image aligncenter size-large\"><img data-recalc-dims=\"1\" loading=\"lazy\" decoding=\"async\" width=\"800\" height=\"445\" src=\"https:\/\/i0.wp.com\/cdnoticias.com\/wp-content\/uploads\/2024\/01\/estaciones-de-servicio-combustibles-02.jpg?resize=800%2C445&#038;ssl=1\" alt=\"\" class=\"wp-image-105794\" srcset=\"https:\/\/i0.wp.com\/cdnoticias.com\/wp-content\/uploads\/2024\/01\/estaciones-de-servicio-combustibles-02.jpg?resize=1024%2C570&amp;ssl=1 1024w, https:\/\/i0.wp.com\/cdnoticias.com\/wp-content\/uploads\/2024\/01\/estaciones-de-servicio-combustibles-02.jpg?resize=300%2C167&amp;ssl=1 300w, https:\/\/i0.wp.com\/cdnoticias.com\/wp-content\/uploads\/2024\/01\/estaciones-de-servicio-combustibles-02.jpg?resize=768%2C428&amp;ssl=1 768w, https:\/\/i0.wp.com\/cdnoticias.com\/wp-content\/uploads\/2024\/01\/estaciones-de-servicio-combustibles-02.jpg?resize=800%2C445&amp;ssl=1 800w, https:\/\/i0.wp.com\/cdnoticias.com\/wp-content\/uploads\/2024\/01\/estaciones-de-servicio-combustibles-02.jpg?w=1200&amp;ssl=1 1200w\" sizes=\"auto, (max-width: 800px) 100vw, 800px\" \/><\/figure>\n\n\n\n<p>Respecto del volumen de venta tuvo en cuenta que \u201ccomienza el movimiento de vacaciones antes de Navidad y se potencia m\u00e1s con la fiesta de fin de a\u00f1o. Fundamentalmente crece el tr\u00e1nsito desde Capital Federal hacia el sur del pa\u00eds. <strong>En volumen viene copiando al movimiento del a\u00f1o pasado, cosa que a nosotros en eso nos deja muy conformes<\/strong>. Hasta el d\u00eda de hoy <strong>no hay problemas con el abastecimiento<\/strong> y no creo que haya\u201d coment\u00f3.<\/p>\n\n\n\n<blockquote class=\"wp-block-quote is-layout-flow wp-block-quote-is-layout-flow\">\n<p>Con respecto al uso de promociones de billeteras virtuales y descuentos en aplicaciones dijo que ambos recursos son <strong>\u201cmuy utilizado por los clientes\u201d.<\/strong><\/p>\n<\/blockquote>\n\n\n\n<p>Sobre la posibilidad de otro aumento apunt\u00f3 a la relaci\u00f3n entre el valor del litro con el precio del d\u00f3lar. \u201cEn la historia del pa\u00eds y en condiciones pol\u00edticas similares a las actuales, <strong>el precio de la nafta s\u00faper, por ejemplo, estaba en 1 d\u00f3lar y de la nafta premium en 1,20 d\u00f3lar. Hoy estamos entre un 18 y un 20% atrasados <\/strong>para llegar a ese monto en funci\u00f3n del valor del d\u00f3lar del d\u00eda de hoy\u201d se\u00f1al\u00f3.<\/p>\n\n\n\n<h2 class=\"wp-block-heading\"><strong>La foto del pa\u00eds<\/strong><\/h2>\n\n\n\n<p><strong>El Secretario de Energ\u00eda de Milei, Eduardo Rodr\u00edguez Chirillo<\/strong>, hab\u00eda afirmado antes de asumir que <strong>&#8220;se debe apuntar a una fluctuaci\u00f3n libre<\/strong>, sin el control indirecto que hoy ejerce el Gobierno en el mercado a trav\u00e9s de YPF&#8221;. Desde su perspectiva de empresario local, Hernando declar\u00f3 que \u201chace un par de a\u00f1os, el a\u00f1o pasado y el anterior, ten\u00edamos precios intervenidos, donde el Estado negociaba con las petroleras un precio de combustible y, por otro lado, subsidiaba la diferencia que terminaba llegando a valores internacionales. <strong>Es algo muy finito, que no lo hace ning\u00fan pa\u00eds del mundo, y en el caso de Argentina no sirvi\u00f3<\/strong>\u201d.<\/p>\n\n\n\n<figure class=\"wp-block-image aligncenter size-full\"><img data-recalc-dims=\"1\" loading=\"lazy\" decoding=\"async\" width=\"800\" height=\"445\" src=\"https:\/\/i0.wp.com\/cdnoticias.com\/wp-content\/uploads\/2023\/08\/combustibles-fila-vehiculos01.jpg?resize=800%2C445&#038;ssl=1\" alt=\"\" class=\"wp-image-93460\" srcset=\"https:\/\/i0.wp.com\/cdnoticias.com\/wp-content\/uploads\/2023\/08\/combustibles-fila-vehiculos01.jpg?w=800&amp;ssl=1 800w, https:\/\/i0.wp.com\/cdnoticias.com\/wp-content\/uploads\/2023\/08\/combustibles-fila-vehiculos01.jpg?resize=300%2C167&amp;ssl=1 300w, https:\/\/i0.wp.com\/cdnoticias.com\/wp-content\/uploads\/2023\/08\/combustibles-fila-vehiculos01.jpg?resize=768%2C427&amp;ssl=1 768w\" sizes=\"auto, (max-width: 800px) 100vw, 800px\" \/><\/figure>\n\n\n\n<p>Por \u00faltimo, especific\u00f3 cu\u00e1les son los factores que afectan el precio del combustible y que<strong> podr\u00edan explicar un futuro aumento en febrero.<\/strong><\/p>\n\n\n\n<p>El primero es el retraso en los impuestos que gravan los combustibles por Ley, \u201cque el anterior gobierno lo prorrog\u00f3 durante dos a\u00f1os y vence el mes que viene\u201d. Sobre esto habl\u00f3 esta semana el <strong>Presidente de la C\u00e1mara de Empresarios de Combustibles Ra\u00fal Castellanos<\/strong>. En una entrevista con Radio Nacional dijo que <strong>\u201cde hacerse, ser\u00eda el 1\u00b0 del mes y tendr\u00eda una incidencia del 27 % del precio de los surtidores. <\/strong>Pero no sabemos si lo prorrogar\u00e1n de nuevo&#8221;. Adem\u00e1s, mencion\u00f3 que el sector necesitaba que &#8220;se recuperara el atraso respecto a la inflaci\u00f3n<strong>\u201d<\/strong>.<\/p>\n\n\n\n<p>Los otros par\u00e1metros a tener en cuenta, seg\u00fan Hernando son:<strong> el valor del crudo internacional<\/strong> -que ya no cuenta con un d\u00f3lar diferencial-, <strong>el precio de los biocombustibles <\/strong>que tambi\u00e9n est\u00e1n en aumento <strong>y la cotizaci\u00f3n del d\u00f3lar oficial<\/strong>.<\/p>\n\n\n\n<figure class=\"wp-block-embed is-type-wp-embed is-provider-central-de-noticias-olavarr-a wp-block-embed-central-de-noticias-olavarr-a\"><div class=\"wp-block-embed__wrapper\">\n<blockquote class=\"wp-embedded-content\" data-secret=\"3ws99ytDlF\"><a href=\"https:\/\/cdnoticias.com\/index.php\/2024\/01\/03\/como-quedaron-los-precios-del-combustible-en-olavarria-tras-la-suba\/\">C\u00f3mo quedaron los precios del combustible en Olavarr\u00eda tras la suba<\/a><\/blockquote><iframe loading=\"lazy\" class=\"wp-embedded-content\" sandbox=\"allow-scripts\" security=\"restricted\" style=\"position: absolute; clip: rect(1px, 1px, 1px, 1px);\" title=\"&#8220;C\u00f3mo quedaron los precios del combustible en Olavarr\u00eda tras la suba&#8221; &#8212; Central de Noticias | Olavarr\u00eda\" src=\"https:\/\/cdnoticias.com\/index.php\/2024\/01\/03\/como-quedaron-los-precios-del-combustible-en-olavarria-tras-la-suba\/embed\/#?secret=sWTq5D6MT6#?secret=3ws99ytDlF\" data-secret=\"3ws99ytDlF\" width=\"600\" height=\"338\" frameborder=\"0\" marginwidth=\"0\" marginheight=\"0\" scrolling=\"no\"><\/iframe>\n<\/div><\/figure>\n\n\n\n<p><\/p>\n","protected":false},"excerpt":{"rendered":"<p>Es el primer impacto de la suba de combustible que plante\u00f3 Jorge Hernando, presidente de la C\u00e1mara de Estaciones de<\/p>\n","protected":false},"author":2,"featured_media":103751,"comment_status":"closed","ping_status":"closed","sticky":false,"template":"","format":"standard","meta":{"_jetpack_memberships_contains_paid_content":false,"footnotes":""},"categories":[5,1],"tags":[],"class_list":["post-105904","post","type-post","status-publish","format-standard","has-post-thumbnail","hentry","category-informacion-general","category-portada"],"jetpack_featured_media_url":"https:\/\/i0.wp.com\/cdnoticias.com\/wp-content\/uploads\/2023\/12\/combustible-ypf-suba.jpg?fit=1024%2C576&ssl=1","jetpack_sharing_enabled":true,"_links":{"self":[{"href":"https:\/\/cdnoticias.com\/index.php\/wp-json\/wp\/v2\/posts\/105904","targetHints":{"allow":["GET"]}}],"collection":[{"href":"https:\/\/cdnoticias.com\/index.php\/wp-json\/wp\/v2\/posts"}],"about":[{"href":"https:\/\/cdnoticias.com\/index.php\/wp-json\/wp\/v2\/types\/post"}],"author":[{"embeddable":true,"href":"https:\/\/cdnoticias.com\/index.php\/wp-json\/wp\/v2\/users\/2"}],"replies":[{"embeddable":true,"href":"https:\/\/cdnoticias.com\/index.php\/wp-json\/wp\/v2\/comments?post=105904"}],"version-history":[{"count":0,"href":"https:\/\/cdnoticias.com\/index.php\/wp-json\/wp\/v2\/posts\/105904\/revisions"}],"wp:featuredmedia":[{"embeddable":true,"href":"https:\/\/cdnoticias.com\/index.php\/wp-json\/wp\/v2\/media\/103751"}],"wp:attachment":[{"href":"https:\/\/cdnoticias.com\/index.php\/wp-json\/wp\/v2\/media?parent=105904"}],"wp:term":[{"taxonomy":"category","embeddable":true,"href":"https:\/\/cdnoticias.com\/index.php\/wp-json\/wp\/v2\/categories?post=105904"},{"taxonomy":"post_tag","embeddable":true,"href":"https:\/\/cdnoticias.com\/index.php\/wp-json\/wp\/v2\/tags?post=105904"}],"curies":[{"name":"wp","href":"https:\/\/api.w.org\/{rel}","templated":true}]}}