{"id":1059,"date":"2020-09-08T15:48:52","date_gmt":"2020-09-08T18:48:52","guid":{"rendered":"http:\/\/www.centraldenoticias.com.ar\/?p=1059"},"modified":"2020-09-08T17:10:48","modified_gmt":"2020-09-08T20:10:48","slug":"una-camioneta-choco-y-destrozo-el-arco-sanitario-de-avenida-pringles","status":"publish","type":"post","link":"https:\/\/cdnoticias.com\/index.php\/2020\/09\/08\/una-camioneta-choco-y-destrozo-el-arco-sanitario-de-avenida-pringles\/","title":{"rendered":"Una camioneta choc\u00f3 y destroz\u00f3 el arco sanitario de avenida Pringles"},"content":{"rendered":"<p>El caso se registr\u00f3 a inicios de la tarde y el impacto da\u00f1\u00f3 toda la estructura, afectando severamente las tareas preventivas que se realizan en el lugar. Profundo malestar desde el \u00e1rea de Seguridad Municipal.<\/p>\n<hr \/>\n<p>&nbsp;<\/p>\n<p>En el inicio de la tarde de este martes una camioneta embisti\u00f3 y destroz\u00f3 el arco sanitario que se encuentra ubicado sobre el acceso a la ciudad por avenida Pringles.<strong> Fue tal la violencia del impacto que result\u00f3 da\u00f1ada toda la estructura y la ca\u00f1er\u00eda que alimenta los rociadores\u00a0 de agua clorada.<\/strong><\/p>\n<p>&nbsp;<\/p>\n<p><strong>Central de Noticias<\/strong> dialog\u00f3 con Daniel Borra, el subsecretario de Seguridad, quien no ocult\u00f3 su <strong>\u201cmalestar\u201d e \u201cindignaci\u00f3n\u201d<\/strong> ya que se trata de la \u201ctercera o cuarta vez\u201d que sucede un hecho de estas caracter\u00edsticas. En ese sentido, reproch\u00f3 la <strong>\u201cfalta de responsabilidad\u201d<\/strong> y colaboraci\u00f3n de los automovilistas.<\/p>\n<p><img data-recalc-dims=\"1\" loading=\"lazy\" decoding=\"async\" class=\"alignnone size-large wp-image-1062\" src=\"https:\/\/i0.wp.com\/cdnoticias.com\/wp-content\/uploads\/2020\/09\/arco02-1.jpg?resize=800%2C466&#038;ssl=1\" alt=\"\" width=\"800\" height=\"466\" srcset=\"https:\/\/i0.wp.com\/cdnoticias.com\/wp-content\/uploads\/2020\/09\/arco02-1.jpg?resize=1024%2C597&amp;ssl=1 1024w, https:\/\/i0.wp.com\/cdnoticias.com\/wp-content\/uploads\/2020\/09\/arco02-1.jpg?resize=300%2C175&amp;ssl=1 300w, https:\/\/i0.wp.com\/cdnoticias.com\/wp-content\/uploads\/2020\/09\/arco02-1.jpg?resize=768%2C448&amp;ssl=1 768w, https:\/\/i0.wp.com\/cdnoticias.com\/wp-content\/uploads\/2020\/09\/arco02-1.jpg?w=1317&amp;ssl=1 1317w\" sizes=\"auto, (max-width: 800px) 100vw, 800px\" \/><\/p>\n<p>&nbsp;<\/p>\n<p>Se detall\u00f3 a la par que el arco sanitario qued\u00f3 fuera de servicio debido a los da\u00f1os, lo cual afecta severamente las tareas preventivas y operativas en el lugar, ya que <strong>se utilizaba tanto para rociar los rodados con agua clorada como para llevar la contabilidad de autos y camiones que pasan por el acceso m\u00e1s concurrido a la ciudad.<\/strong><\/p>\n<p>&nbsp;<\/p>\n<p>Se desconoce por cu\u00e1nto tiempo quedar\u00e1 ese acceso de la ciudad sin el arco sanitario. Mientras tanto, <strong>el conductor ya fue identificado e interceptado a pocos metros del lugar de los hechos.<\/strong><\/p>\n","protected":false},"excerpt":{"rendered":"<p>El caso se registr\u00f3 a inicios de la tarde y el impacto da\u00f1\u00f3 toda la estructura, afectando severamente las tareas<\/p>\n","protected":false},"author":3,"featured_media":1064,"comment_status":"closed","ping_status":"closed","sticky":false,"template":"","format":"standard","meta":{"_jetpack_memberships_contains_paid_content":false,"footnotes":""},"categories":[5,1],"tags":[],"class_list":["post-1059","post","type-post","status-publish","format-standard","has-post-thumbnail","hentry","category-informacion-general","category-portada"],"jetpack_featured_media_url":"https:\/\/i0.wp.com\/cdnoticias.com\/wp-content\/uploads\/2020\/09\/arco03.jpg?fit=1366%2C768&ssl=1","jetpack_sharing_enabled":true,"_links":{"self":[{"href":"https:\/\/cdnoticias.com\/index.php\/wp-json\/wp\/v2\/posts\/1059","targetHints":{"allow":["GET"]}}],"collection":[{"href":"https:\/\/cdnoticias.com\/index.php\/wp-json\/wp\/v2\/posts"}],"about":[{"href":"https:\/\/cdnoticias.com\/index.php\/wp-json\/wp\/v2\/types\/post"}],"author":[{"embeddable":true,"href":"https:\/\/cdnoticias.com\/index.php\/wp-json\/wp\/v2\/users\/3"}],"replies":[{"embeddable":true,"href":"https:\/\/cdnoticias.com\/index.php\/wp-json\/wp\/v2\/comments?post=1059"}],"version-history":[{"count":0,"href":"https:\/\/cdnoticias.com\/index.php\/wp-json\/wp\/v2\/posts\/1059\/revisions"}],"wp:featuredmedia":[{"embeddable":true,"href":"https:\/\/cdnoticias.com\/index.php\/wp-json\/wp\/v2\/media\/1064"}],"wp:attachment":[{"href":"https:\/\/cdnoticias.com\/index.php\/wp-json\/wp\/v2\/media?parent=1059"}],"wp:term":[{"taxonomy":"category","embeddable":true,"href":"https:\/\/cdnoticias.com\/index.php\/wp-json\/wp\/v2\/categories?post=1059"},{"taxonomy":"post_tag","embeddable":true,"href":"https:\/\/cdnoticias.com\/index.php\/wp-json\/wp\/v2\/tags?post=1059"}],"curies":[{"name":"wp","href":"https:\/\/api.w.org\/{rel}","templated":true}]}}