{"id":105886,"date":"2024-01-04T16:44:52","date_gmt":"2024-01-04T19:44:52","guid":{"rendered":"https:\/\/cdnoticias.com\/?p=105886"},"modified":"2024-01-04T16:44:53","modified_gmt":"2024-01-04T19:44:53","slug":"colonia-hinojo-festeja-su-146-aniversario-este-viernes","status":"publish","type":"post","link":"https:\/\/cdnoticias.com\/index.php\/2024\/01\/04\/colonia-hinojo-festeja-su-146-aniversario-este-viernes\/","title":{"rendered":"Colonia Hinojo festeja su 146\u00b0 aniversario este viernes"},"content":{"rendered":"\n<p>Diferentes instituciones de la comunidad junto a vecinos y vecinas realizar\u00e1n un acto y una ceremonia en conmemoraci\u00f3n de la fecha.<\/p>\n\n\n\n<hr class=\"wp-block-separator aligncenter has-alpha-channel-opacity is-style-wide\"\/>\n\n\n\n<p>Colonia Hinojo es el primer asentamiento de alemanes del Volga en Argentina, que vinieron directamente desde Europa al puerto de Buenos Aires. La localidad originalmente llamada \u201cKamenka\u201d, en alusi\u00f3n a la aldea alemana de la cual proven\u00edan los primeros inmigrantes, <strong>fue fundada un 5 de enero de 1878<\/strong> durante el gobierno de Nicol\u00e1s Avellaneda.<\/p>\n\n\n\n<p><strong>A 146 a\u00f1os de su nacimiento este viernes a las 10:30 se llevar\u00e1 a cabo el acto protocolar en el marco del Aniversario de Colonia Hinojo, que tendr\u00e1 lugar al pie del Monumento a los Fundadores emplazado en la Plaza \u201cDomingo F. Sarmiento\u201d de la localidad.<\/strong><\/p>\n\n\n\n<blockquote class=\"wp-block-quote is-layout-flow wp-block-quote-is-layout-flow\">\n<p>\u201cRevalorizar las tradiciones y mantener vivo el recuerdo de los primeros colonos que llegaron a nuestras tierras para quedarse a vivir y forjar aqu\u00ed sus sue\u00f1os, es parte del legado que conservan sus descendientes\u201d mencionaron.<\/p>\n<\/blockquote>\n\n\n\n<p>Participar\u00e1n de la actividad funcionarios municipales, junto a integrantes de diferentes instituciones representativas de la comunidad, vecinos y vecinas de Colonia Hinojo.<\/p>\n\n\n\n<p>La ceremonia iniciar\u00e1 con la entonaci\u00f3n del Himno Nacional Argentino y la colocaci\u00f3n de una ofrenda floral en el monumento en homenaje a los fundadores del pueblo. <strong>Luego el p\u00e1rroco de la comunidad Jos\u00e9 Quattrocchio realizar\u00e1 una bendici\u00f3n.<\/strong><\/p>\n\n\n\n<p>Por su parte Norma Schwindt, integrante de la Asociaci\u00f3n de Descendientes de Alemanes del Volga, interpretar\u00e1 un c\u00e1ntico en acci\u00f3n de gracias denominado \u201cGrosser Gott\u201d. Vilma Yungblut, colaboradora del Centro de Jubilados \u201cGracias a la Vida\u201d&nbsp;brindar\u00e1 unas palabras alusivas. Por \u00faltimo, se realizar\u00e1 un brindis con la t\u00edpica torta rusa.<\/p>\n\n\n\n<p>El programa finalizar\u00e1 con una misa a las 19 en el Parroquia \u201cNuestra Se\u00f1ora de la Natividad\u201d de Colonia Hinojo, que ser\u00e1 oficiada por el p\u00e1rroco Quattrocchio.<\/p>\n","protected":false},"excerpt":{"rendered":"<p>Diferentes instituciones de la comunidad junto a vecinos y vecinas realizar\u00e1n un acto y una ceremonia en conmemoraci\u00f3n de la<\/p>\n","protected":false},"author":2,"featured_media":22794,"comment_status":"closed","ping_status":"closed","sticky":false,"template":"","format":"standard","meta":{"_jetpack_memberships_contains_paid_content":false,"footnotes":""},"categories":[5,1],"tags":[],"class_list":["post-105886","post","type-post","status-publish","format-standard","has-post-thumbnail","hentry","category-informacion-general","category-portada"],"jetpack_featured_media_url":"https:\/\/i0.wp.com\/cdnoticias.com\/wp-content\/uploads\/2021\/05\/colonia-hinojo-0.jpg?fit=800%2C444&ssl=1","jetpack_sharing_enabled":true,"_links":{"self":[{"href":"https:\/\/cdnoticias.com\/index.php\/wp-json\/wp\/v2\/posts\/105886","targetHints":{"allow":["GET"]}}],"collection":[{"href":"https:\/\/cdnoticias.com\/index.php\/wp-json\/wp\/v2\/posts"}],"about":[{"href":"https:\/\/cdnoticias.com\/index.php\/wp-json\/wp\/v2\/types\/post"}],"author":[{"embeddable":true,"href":"https:\/\/cdnoticias.com\/index.php\/wp-json\/wp\/v2\/users\/2"}],"replies":[{"embeddable":true,"href":"https:\/\/cdnoticias.com\/index.php\/wp-json\/wp\/v2\/comments?post=105886"}],"version-history":[{"count":0,"href":"https:\/\/cdnoticias.com\/index.php\/wp-json\/wp\/v2\/posts\/105886\/revisions"}],"wp:featuredmedia":[{"embeddable":true,"href":"https:\/\/cdnoticias.com\/index.php\/wp-json\/wp\/v2\/media\/22794"}],"wp:attachment":[{"href":"https:\/\/cdnoticias.com\/index.php\/wp-json\/wp\/v2\/media?parent=105886"}],"wp:term":[{"taxonomy":"category","embeddable":true,"href":"https:\/\/cdnoticias.com\/index.php\/wp-json\/wp\/v2\/categories?post=105886"},{"taxonomy":"post_tag","embeddable":true,"href":"https:\/\/cdnoticias.com\/index.php\/wp-json\/wp\/v2\/tags?post=105886"}],"curies":[{"name":"wp","href":"https:\/\/api.w.org\/{rel}","templated":true}]}}