{"id":105882,"date":"2024-01-04T11:07:21","date_gmt":"2024-01-04T14:07:21","guid":{"rendered":"https:\/\/cdnoticias.com\/?p=105882"},"modified":"2024-01-04T11:09:03","modified_gmt":"2024-01-04T14:09:03","slug":"se-promulgo-la-ley-para-agilizar-la-cobertura-de-vacantes-judiciales-en-la-provincia","status":"publish","type":"post","link":"https:\/\/cdnoticias.com\/index.php\/2024\/01\/04\/se-promulgo-la-ley-para-agilizar-la-cobertura-de-vacantes-judiciales-en-la-provincia\/","title":{"rendered":"Se promulg\u00f3 la ley para agilizar la cobertura de vacantes judiciales en la Provincia"},"content":{"rendered":"<p>Se puso en marcha la ley 15.478 sancionada el 20 de diciembre. Suspenden la exigencia de una evaluaci\u00f3n oral y la doble convocatoria anual a un examen de oposici\u00f3n.<!--more--><\/p>\n<hr \/>\n<p>El <strong>gobierno bonaerense promulg\u00f3<\/strong> este jueves una ley que <strong>procura agilizar el proceso de coberturas de vacantes en cargos judiciales<\/strong> en toda la provincia al <em>suspender por dos a\u00f1os la exigencia de una evaluaci\u00f3n oral y la doble convocatoria anual a un examen de oposici\u00f3n<\/em> establecidos por el Consejo de la Magistratura.<\/p>\n<p>Por medio del <strong>decreto 123<\/strong>, publicado en el Bolet\u00edn Oficial, el gobierno provincial puso en marcha la <strong>ley 15.478<\/strong> sancionada por la Legislatura el 20 de diciembre pasado.<\/p>\n<p>El <strong>ministro de Justicia y Derechos Humanos bonaerense, Juan Mart\u00edn Mena<\/strong>, hab\u00eda mantenido semanas atr\u00e1s una reuni\u00f3n con autoridades legislativas, a quienes destac\u00f3 la <em>necesidad de sancionar esa ley que prorroga por dos a\u00f1os los requisitos fijados en la cobertura de cargos.<\/em><\/p>\n<blockquote><p>En los fundamentos de la propuesta se indic\u00f3 que &#8220;al momento de la sanci\u00f3n de la ley mencionada, en diciembre de 2021, la pr\u00e1ctica del examen oral establecido en el art\u00edculo 26 de la Ley 11.868 se hab\u00eda tornado sumamente compleja, con imposibilidad f\u00e1ctica de llevarlo a cabo teniendo en cuenta la cantidad de pruebas que se encontraban pendientes de realizar con m\u00e1s de siete mil inscripciones&#8221;.<\/p><\/blockquote>\n<p>&#8220;El impacto producido por la declaraci\u00f3n de emergencia p\u00fablica en materia sanitaria en marzo de 2020, con el agregado de la implementaci\u00f3n de la Ley 15.05 que hab\u00eda modificado en el a\u00f1o 2018 la Ley del consejo de la Magistratura (estableciendo cambios de entidad, como: la exigencia obligatoria de la Escuela Judicial, el establecimiento de un orden de m\u00e9rito \u00fanico, y una instancia adicional de evaluaci\u00f3n: examen oral videofilmado) gener\u00f3 la <strong>necesidad de atender esa contingencia suscitada en los procesos de selecci\u00f3n&#8221;<\/strong>, destac\u00f3 la normativa.<\/p>\n<p>En ese marco, la Legislatura provincial sancion\u00f3 la <strong>suspensi\u00f3n por un plazo de dos a\u00f1os del examen oral y de la convocatoria anual del examen de oposici\u00f3n. <\/strong>En la propuesta parlamentaria se plante\u00f3 que si bien en la actualidad el Consejo de la Magistratura avanza en los procesos de selecci\u00f3n,<em> &#8220;atento a la cantidad de vacantes existentes en la Provincia se considera imprescindible la pr\u00f3rroga de la vigencia por un per\u00edodo de dos a\u00f1os de la Ley 15.316, lo que posibilitar\u00e1 avanzar con el gran c\u00famulo de concursos existentes en pos de garantizar el acceso a la justicia de todos y todas los\/as bonaerenses&#8221;<\/em>.<\/p>\n<p>Fuente: <em>Diario El D\u00eda<\/em><\/p>\n","protected":false},"excerpt":{"rendered":"<p>Se puso en marcha la ley 15.478 sancionada el 20 de diciembre. Suspenden la exigencia de una evaluaci\u00f3n oral y<\/p>\n","protected":false},"author":4,"featured_media":105883,"comment_status":"closed","ping_status":"closed","sticky":false,"template":"","format":"standard","meta":{"_jetpack_memberships_contains_paid_content":false,"footnotes":""},"categories":[6,1],"tags":[],"class_list":["post-105882","post","type-post","status-publish","format-standard","has-post-thumbnail","hentry","category-nacionales","category-portada"],"jetpack_featured_media_url":"https:\/\/i0.wp.com\/cdnoticias.com\/wp-content\/uploads\/2024\/01\/suprema-corte-de-justicia-la-plata.jpg?fit=1000%2C557&ssl=1","jetpack_sharing_enabled":true,"_links":{"self":[{"href":"https:\/\/cdnoticias.com\/index.php\/wp-json\/wp\/v2\/posts\/105882","targetHints":{"allow":["GET"]}}],"collection":[{"href":"https:\/\/cdnoticias.com\/index.php\/wp-json\/wp\/v2\/posts"}],"about":[{"href":"https:\/\/cdnoticias.com\/index.php\/wp-json\/wp\/v2\/types\/post"}],"author":[{"embeddable":true,"href":"https:\/\/cdnoticias.com\/index.php\/wp-json\/wp\/v2\/users\/4"}],"replies":[{"embeddable":true,"href":"https:\/\/cdnoticias.com\/index.php\/wp-json\/wp\/v2\/comments?post=105882"}],"version-history":[{"count":0,"href":"https:\/\/cdnoticias.com\/index.php\/wp-json\/wp\/v2\/posts\/105882\/revisions"}],"wp:featuredmedia":[{"embeddable":true,"href":"https:\/\/cdnoticias.com\/index.php\/wp-json\/wp\/v2\/media\/105883"}],"wp:attachment":[{"href":"https:\/\/cdnoticias.com\/index.php\/wp-json\/wp\/v2\/media?parent=105882"}],"wp:term":[{"taxonomy":"category","embeddable":true,"href":"https:\/\/cdnoticias.com\/index.php\/wp-json\/wp\/v2\/categories?post=105882"},{"taxonomy":"post_tag","embeddable":true,"href":"https:\/\/cdnoticias.com\/index.php\/wp-json\/wp\/v2\/tags?post=105882"}],"curies":[{"name":"wp","href":"https:\/\/api.w.org\/{rel}","templated":true}]}}