{"id":105875,"date":"2024-01-04T09:30:45","date_gmt":"2024-01-04T12:30:45","guid":{"rendered":"https:\/\/cdnoticias.com\/?p=105875"},"modified":"2024-01-04T10:06:23","modified_gmt":"2024-01-04T13:06:23","slug":"jorge-marcelo-alvarez-q-e-p-d-2","status":"publish","type":"post","link":"https:\/\/cdnoticias.com\/index.php\/2024\/01\/04\/jorge-marcelo-alvarez-q-e-p-d-2\/","title":{"rendered":"Jorge Marcelo \u00c1lvarez (Q.E.P.D.)"},"content":{"rendered":"\n<p>Falleci\u00f3 en Olavarr\u00eda el d\u00eda\u00a0 24 de diciembre de 2023 a los 53\u00a0a\u00f1os de<br>edad.<br><br>Su pareja Laura Isabel Sotuyo; sus hijos; su madre Mar\u00eda; sus hermanos:<br>Horacio y Juan; sus hermanas pol\u00edticas: Mar\u00eda Rosa y Cristina; sus hijos del<br>coraz\u00f3n: Braian y Nayra; sus sobrinos\u00a0 y dem\u00e1s deudos participan su<br>fallecimiento.<br><br>Velatorio: Espa\u00f1a 2942 departamento &#8220;D&#8221;. Finaliza domingo 24\/12 a las 20:30.<br>Inhumaci\u00f3n: Crematorio Pinos de Paz.<br><br>D\u00eda y hora: A confirmar.<\/p>\n\n\n\n<p>Servicio adherido a Coopelectric.<br><br>Barrio en el que viv\u00eda: Pueblo Nuevo.<br><br>Lugar de nacimiento: Olavarr\u00eda.<br><br>Actividad que desarrollaba: Jubilado.<\/p>\n","protected":false},"excerpt":{"rendered":"<p>Falleci\u00f3 en Olavarr\u00eda el d\u00eda\u00a0 24 de diciembre de 2023 a los 53\u00a0a\u00f1os deedad. Su pareja Laura Isabel Sotuyo; sus<\/p>\n","protected":false},"author":2,"featured_media":100390,"comment_status":"closed","ping_status":"closed","sticky":false,"template":"","format":"standard","meta":{"_jetpack_memberships_contains_paid_content":false,"footnotes":""},"categories":[10],"tags":[],"class_list":["post-105875","post","type-post","status-publish","format-standard","has-post-thumbnail","hentry","category-necrologicas"],"jetpack_featured_media_url":"https:\/\/i0.wp.com\/cdnoticias.com\/wp-content\/uploads\/2023\/10\/necrologicas-390-x-240.jpg?fit=390%2C240&ssl=1","jetpack_sharing_enabled":true,"_links":{"self":[{"href":"https:\/\/cdnoticias.com\/index.php\/wp-json\/wp\/v2\/posts\/105875","targetHints":{"allow":["GET"]}}],"collection":[{"href":"https:\/\/cdnoticias.com\/index.php\/wp-json\/wp\/v2\/posts"}],"about":[{"href":"https:\/\/cdnoticias.com\/index.php\/wp-json\/wp\/v2\/types\/post"}],"author":[{"embeddable":true,"href":"https:\/\/cdnoticias.com\/index.php\/wp-json\/wp\/v2\/users\/2"}],"replies":[{"embeddable":true,"href":"https:\/\/cdnoticias.com\/index.php\/wp-json\/wp\/v2\/comments?post=105875"}],"version-history":[{"count":0,"href":"https:\/\/cdnoticias.com\/index.php\/wp-json\/wp\/v2\/posts\/105875\/revisions"}],"wp:featuredmedia":[{"embeddable":true,"href":"https:\/\/cdnoticias.com\/index.php\/wp-json\/wp\/v2\/media\/100390"}],"wp:attachment":[{"href":"https:\/\/cdnoticias.com\/index.php\/wp-json\/wp\/v2\/media?parent=105875"}],"wp:term":[{"taxonomy":"category","embeddable":true,"href":"https:\/\/cdnoticias.com\/index.php\/wp-json\/wp\/v2\/categories?post=105875"},{"taxonomy":"post_tag","embeddable":true,"href":"https:\/\/cdnoticias.com\/index.php\/wp-json\/wp\/v2\/tags?post=105875"}],"curies":[{"name":"wp","href":"https:\/\/api.w.org\/{rel}","templated":true}]}}