{"id":105820,"date":"2024-01-03T13:14:03","date_gmt":"2024-01-03T16:14:03","guid":{"rendered":"https:\/\/cdnoticias.com\/?p=105820"},"modified":"2024-01-03T14:00:46","modified_gmt":"2024-01-03T17:00:46","slug":"robo-de-cables-un-comerciante-quedo-detenido-por-encubrimiento-agravado","status":"publish","type":"post","link":"https:\/\/cdnoticias.com\/index.php\/2024\/01\/03\/robo-de-cables-un-comerciante-quedo-detenido-por-encubrimiento-agravado\/","title":{"rendered":"Robo de cables: un comerciante qued\u00f3 detenido por \u201cencubrimiento agravado\u201d"},"content":{"rendered":"<p>La detenci\u00f3n fue avalada por el Juzgado de Garant\u00edas N\u00ba 1 y se hizo efectiva este mi\u00e9rcoles. Se constat\u00f3 que el acusado hab\u00eda comprado m\u00e1s de 400 metros de cables de manera ilegal. Las medidas se dictaron tras la inspecci\u00f3n al comercio la semana pasada.<!--more--><\/p>\n<hr \/>\n<p><strong>Un comerciante de Olavarr\u00eda qued\u00f3 detenido por \u201cencubrimiento agravado\u201d<\/strong> en el marco de una investigaci\u00f3n por<strong> robo de cables.<\/strong><\/p>\n<p>&nbsp;<\/p>\n<p>Desde la<strong> Fiscal\u00eda General de Azul<\/strong> se inform\u00f3 que<strong> la detenci\u00f3n se hizo efectiva este mi\u00e9rcoles.<\/strong> El imputado hab\u00eda sido aprehendido y trasladado a la sede de la Seccional Segunda.<\/p>\n<p>&nbsp;<\/p>\n<p>La medida fue avalada por el <strong>Juzgado de Garant\u00edas N\u00ba 1 de nuestra ciudad<\/strong> a solicitud de la fiscal Mariela Viceconte subrogante en la UFI N\u00ba 10.<\/p>\n<p>&nbsp;<\/p>\n<p><img data-recalc-dims=\"1\" loading=\"lazy\" decoding=\"async\" class=\"size-large wp-image-105822 aligncenter\" src=\"https:\/\/i0.wp.com\/cdnoticias.com\/wp-content\/uploads\/2024\/01\/robo-de-cables-inspeccion-02.jpg?resize=800%2C445&#038;ssl=1\" alt=\"\" width=\"800\" height=\"445\" srcset=\"https:\/\/i0.wp.com\/cdnoticias.com\/wp-content\/uploads\/2024\/01\/robo-de-cables-inspeccion-02.jpg?resize=1024%2C570&amp;ssl=1 1024w, https:\/\/i0.wp.com\/cdnoticias.com\/wp-content\/uploads\/2024\/01\/robo-de-cables-inspeccion-02.jpg?resize=300%2C167&amp;ssl=1 300w, https:\/\/i0.wp.com\/cdnoticias.com\/wp-content\/uploads\/2024\/01\/robo-de-cables-inspeccion-02.jpg?resize=768%2C428&amp;ssl=1 768w, https:\/\/i0.wp.com\/cdnoticias.com\/wp-content\/uploads\/2024\/01\/robo-de-cables-inspeccion-02.jpg?resize=800%2C445&amp;ssl=1 800w, https:\/\/i0.wp.com\/cdnoticias.com\/wp-content\/uploads\/2024\/01\/robo-de-cables-inspeccion-02.jpg?w=1200&amp;ssl=1 1200w\" sizes=\"auto, (max-width: 800px) 100vw, 800px\" \/><\/p>\n<p>&nbsp;<\/p>\n<p>En las averiguaciones penales iniciadas la semana pasada,<strong> tras la inspecci\u00f3n al comercio<\/strong> propiedad del acusado, se constat\u00f3 que <strong>hab\u00eda comprado m\u00e1s de 400 metros de cables de manera ilegal.<\/strong><\/p>\n<p>&nbsp;<\/p>\n<p><strong>Las autoridades del Ministerio P\u00fablico solicitaron a la comunidad que brinden informaci\u00f3n vinculada con este delito.<\/strong><\/p>\n<p>&nbsp;<\/p>\n<p>En el comunicado donde se dio a conocer la novedad, <strong>la Fiscal\u00eda General de Azul<\/strong> a cargo del doctor Marcelo Sobrino, <strong>expuso la realizaci\u00f3n de trabajos conjuntos<\/strong> &#8211;<em>ante \u201cel creciente fen\u00f3meno criminal relacionado a la sustracci\u00f3n de cables en el partido de Olavarr\u00eda\u201d<\/em>&#8211; entre el<strong> Ministerio Publico Fiscal, las fuerzas de seguridad y las \u00e1reas municipales<\/strong>. El objetivo de tal coordinaci\u00f3n es el <strong>\u201cavance en la investigaci\u00f3n y el esclarecimiento de estos hechos as\u00ed como tambi\u00e9n a desalentar el crecimiento de estas pr\u00e1cticas ilegales\u201d.<\/strong><\/p>\n<p>&nbsp;<\/p>\n<p><img data-recalc-dims=\"1\" loading=\"lazy\" decoding=\"async\" class=\"size-large wp-image-105823 aligncenter\" src=\"https:\/\/i0.wp.com\/cdnoticias.com\/wp-content\/uploads\/2024\/01\/robo-de-cables-inspeccion-01.jpg?resize=800%2C445&#038;ssl=1\" alt=\"\" width=\"800\" height=\"445\" srcset=\"https:\/\/i0.wp.com\/cdnoticias.com\/wp-content\/uploads\/2024\/01\/robo-de-cables-inspeccion-01.jpg?resize=1024%2C569&amp;ssl=1 1024w, https:\/\/i0.wp.com\/cdnoticias.com\/wp-content\/uploads\/2024\/01\/robo-de-cables-inspeccion-01.jpg?resize=300%2C167&amp;ssl=1 300w, https:\/\/i0.wp.com\/cdnoticias.com\/wp-content\/uploads\/2024\/01\/robo-de-cables-inspeccion-01.jpg?resize=768%2C427&amp;ssl=1 768w, https:\/\/i0.wp.com\/cdnoticias.com\/wp-content\/uploads\/2024\/01\/robo-de-cables-inspeccion-01.jpg?resize=800%2C445&amp;ssl=1 800w, https:\/\/i0.wp.com\/cdnoticias.com\/wp-content\/uploads\/2024\/01\/robo-de-cables-inspeccion-01.jpg?w=1200&amp;ssl=1 1200w\" sizes=\"auto, (max-width: 800px) 100vw, 800px\" \/><\/p>\n<p>&nbsp;<\/p>\n<p>Se record\u00f3 que <strong>\u201ca mediados de la semana pasada\u201d se procedi\u00f3 a realizar una <a href=\"https:\/\/cdnoticias.com\/index.php\/2023\/12\/29\/proteccion-ciudadana-nuevo-hallazgo-y-secuestro-de-cables\/\" target=\"_blank\" rel=\"noopener\">inspecci\u00f3n en un comercio de compra y venta de metales<\/a><\/strong><a href=\"_wp_link_placeholder\"> de Olavarr\u00eda por parte del personal municipal<\/a>. Los inspectores constataron la posible comisi\u00f3n de un il\u00edcito, y previo a efectuar la<strong> clausura del comercio<\/strong>, convocaron a personal policial y autoridades judiciales.<\/p>\n<p>&nbsp;<\/p>\n<blockquote><p>Los funcionarios policiales y judiciales quienes \u201cpudieron comprobar y acreditar la adquisici\u00f3n de manera ilegal de m\u00e1s de 400 metros de cables y otros elementos pertenecientes a empresas de servicios p\u00fablicos de la ciudad de Olavarr\u00eda y a otras empresas de la ciudad\u201d. Se destac\u00f3 que los art\u00edculos encontrados en el local se corresponden con \u201clos que le fueran sustra\u00eddos\u201d a las empresas y fueron \u201creconocidos por personal id\u00f3neo de cada una de las empresas\u201d a las que se les restituyeron los cables hallados.<\/p><\/blockquote>\n<p>&nbsp;<\/p>\n<p>Con ello <strong>qued\u00f3 en evidencia el il\u00edcito<\/strong>, y se dispuso por parte del personal de la Unidad Funcional de Instrucci\u00f3n y Juicio N.\u00ba 10 y la Ayudantia Fiscal de Autores Ignorados de Olavarr\u00eda la<strong> aprehensi\u00f3n del propietario del comercio<\/strong>. Fue acusado por<strong> \u201cencubrimiento agravado por el \u00e1nimo de lucro y habitualidad\u201d.<\/strong><\/p>\n<p>&nbsp;<\/p>\n<p><img data-recalc-dims=\"1\" loading=\"lazy\" decoding=\"async\" class=\"size-large wp-image-105824 aligncenter\" src=\"https:\/\/i0.wp.com\/cdnoticias.com\/wp-content\/uploads\/2024\/01\/robo-de-cables-inspeccion-03.jpg?resize=800%2C445&#038;ssl=1\" alt=\"\" width=\"800\" height=\"445\" srcset=\"https:\/\/i0.wp.com\/cdnoticias.com\/wp-content\/uploads\/2024\/01\/robo-de-cables-inspeccion-03.jpg?resize=1024%2C570&amp;ssl=1 1024w, https:\/\/i0.wp.com\/cdnoticias.com\/wp-content\/uploads\/2024\/01\/robo-de-cables-inspeccion-03.jpg?resize=300%2C167&amp;ssl=1 300w, https:\/\/i0.wp.com\/cdnoticias.com\/wp-content\/uploads\/2024\/01\/robo-de-cables-inspeccion-03.jpg?resize=768%2C428&amp;ssl=1 768w, https:\/\/i0.wp.com\/cdnoticias.com\/wp-content\/uploads\/2024\/01\/robo-de-cables-inspeccion-03.jpg?resize=800%2C445&amp;ssl=1 800w, https:\/\/i0.wp.com\/cdnoticias.com\/wp-content\/uploads\/2024\/01\/robo-de-cables-inspeccion-03.jpg?w=1200&amp;ssl=1 1200w\" sizes=\"auto, (max-width: 800px) 100vw, 800px\" \/><\/p>\n<p>&nbsp;<\/p>\n<p>La fiscal Mariela Viceconte solicit\u00f3 al Juzgado de Garant\u00edas N\u00b01 de Olavarr\u00eda, a cargo de la jueza Fabiana San Rom\u00e1n, la detenci\u00f3n del sospechoso.<\/p>\n<p>&nbsp;<\/p>\n<p>La orden que fue concedida este mi\u00e9rcoles y <strong>se convalid\u00f3 la actuaci\u00f3n del personal interviniente.<\/strong><\/p>\n<p>&nbsp;<\/p>\n<blockquote><p>Desde el Ministerio P\u00fablico Fiscal se reiter\u00f3 \u201cel compromiso tendiente a erradicar esta modalidad delictiva, con lo cual se solicita la colaboraci\u00f3n de la comunidad, sobre cualquier dato que obtuvieron respecto de la sustracci\u00f3n o posterior comercializaci\u00f3n de estos elementos\u201d.<\/p><\/blockquote>\n<p>&nbsp;<\/p>\n<p><img data-recalc-dims=\"1\" loading=\"lazy\" decoding=\"async\" class=\"size-large wp-image-105826 aligncenter\" src=\"https:\/\/i0.wp.com\/cdnoticias.com\/wp-content\/uploads\/2024\/01\/robo-de-cables-inspeccion-detenido-03.jpg?resize=800%2C687&#038;ssl=1\" alt=\"\" width=\"800\" height=\"687\" srcset=\"https:\/\/i0.wp.com\/cdnoticias.com\/wp-content\/uploads\/2024\/01\/robo-de-cables-inspeccion-detenido-03.jpg?resize=1024%2C879&amp;ssl=1 1024w, https:\/\/i0.wp.com\/cdnoticias.com\/wp-content\/uploads\/2024\/01\/robo-de-cables-inspeccion-detenido-03.jpg?resize=300%2C258&amp;ssl=1 300w, https:\/\/i0.wp.com\/cdnoticias.com\/wp-content\/uploads\/2024\/01\/robo-de-cables-inspeccion-detenido-03.jpg?resize=768%2C659&amp;ssl=1 768w, https:\/\/i0.wp.com\/cdnoticias.com\/wp-content\/uploads\/2024\/01\/robo-de-cables-inspeccion-detenido-03.jpg?w=1200&amp;ssl=1 1200w\" sizes=\"auto, (max-width: 800px) 100vw, 800px\" \/><\/p>\n<p>&nbsp;<\/p>\n","protected":false},"excerpt":{"rendered":"<p>La detenci\u00f3n fue avalada por el Juzgado de Garant\u00edas N\u00ba 1 y se hizo efectiva este mi\u00e9rcoles. Se constat\u00f3 que<\/p>\n","protected":false},"author":4,"featured_media":105825,"comment_status":"closed","ping_status":"closed","sticky":false,"template":"","format":"standard","meta":{"_jetpack_memberships_contains_paid_content":false,"footnotes":""},"categories":[14,1],"tags":[],"class_list":["post-105820","post","type-post","status-publish","format-standard","has-post-thumbnail","hentry","category-policiales","category-portada"],"jetpack_featured_media_url":"https:\/\/i0.wp.com\/cdnoticias.com\/wp-content\/uploads\/2024\/01\/robo-de-cables-inspeccion-detenido-00.jpg?fit=1200%2C667&ssl=1","jetpack_sharing_enabled":true,"_links":{"self":[{"href":"https:\/\/cdnoticias.com\/index.php\/wp-json\/wp\/v2\/posts\/105820","targetHints":{"allow":["GET"]}}],"collection":[{"href":"https:\/\/cdnoticias.com\/index.php\/wp-json\/wp\/v2\/posts"}],"about":[{"href":"https:\/\/cdnoticias.com\/index.php\/wp-json\/wp\/v2\/types\/post"}],"author":[{"embeddable":true,"href":"https:\/\/cdnoticias.com\/index.php\/wp-json\/wp\/v2\/users\/4"}],"replies":[{"embeddable":true,"href":"https:\/\/cdnoticias.com\/index.php\/wp-json\/wp\/v2\/comments?post=105820"}],"version-history":[{"count":0,"href":"https:\/\/cdnoticias.com\/index.php\/wp-json\/wp\/v2\/posts\/105820\/revisions"}],"wp:featuredmedia":[{"embeddable":true,"href":"https:\/\/cdnoticias.com\/index.php\/wp-json\/wp\/v2\/media\/105825"}],"wp:attachment":[{"href":"https:\/\/cdnoticias.com\/index.php\/wp-json\/wp\/v2\/media?parent=105820"}],"wp:term":[{"taxonomy":"category","embeddable":true,"href":"https:\/\/cdnoticias.com\/index.php\/wp-json\/wp\/v2\/categories?post=105820"},{"taxonomy":"post_tag","embeddable":true,"href":"https:\/\/cdnoticias.com\/index.php\/wp-json\/wp\/v2\/tags?post=105820"}],"curies":[{"name":"wp","href":"https:\/\/api.w.org\/{rel}","templated":true}]}}