{"id":105807,"date":"2024-01-03T11:39:45","date_gmt":"2024-01-03T14:39:45","guid":{"rendered":"https:\/\/cdnoticias.com\/?p=105807"},"modified":"2024-01-03T11:40:27","modified_gmt":"2024-01-03T14:40:27","slug":"el-gobierno-aumentara-las-tarifas-de-transporte-publico-todos-los-meses-por-inflacion","status":"publish","type":"post","link":"https:\/\/cdnoticias.com\/index.php\/2024\/01\/03\/el-gobierno-aumentara-las-tarifas-de-transporte-publico-todos-los-meses-por-inflacion\/","title":{"rendered":"El Gobierno aumentar\u00e1 las tarifas de transporte p\u00fablico todos los meses por inflaci\u00f3n"},"content":{"rendered":"<p>Estos ajustes se dar\u00e1n m\u00e1s all\u00e1 de la decisi\u00f3n de los aumentos que habr\u00e1 por quita de subsidios.<!--more--><\/p>\n<hr \/>\n<p><strong>El Gobierno nacional estableci\u00f3 que las tarifas de trenes y colectivos volver\u00e1n a incrementarse mensualmente de acuerdo a la inflaci\u00f3n<\/strong>, m\u00e1s all\u00e1 de la decisi\u00f3n de los aumentos que habr\u00e1 por quita de subsidios.<\/p>\n<p>La novedad fue publicada este mi\u00e9rcoles en la Resoluci\u00f3n 8\/2023 del Bolet\u00edn Oficial, que reestablece el art\u00edculo 11 de la Resoluci\u00f3n 1017 de diciembre de 2022.<\/p>\n<p>Cabe se\u00f1alar que el Gobierno de <strong>Alberto Fern\u00e1ndez<\/strong> hab\u00eda decidido, en ese entonces, establecer un nuevo tarifario \u2013tras dos a\u00f1os de congelamiento por la pandemia\u2013 que se incrementar\u00eda de forma mensual a partir de marzo del a\u00f1o pasado.<\/p>\n<p>Dichos aumentos, que fueron aplicados entre marzo hasta su suspensi\u00f3n en agosto, tomaban en cuenta el \u00edndice de Precios al Consumidor (IPC) de la Regi\u00f3n Gran Buenos Aires publicado por el Instituto Nacional de Estad\u00edsticas y Censos (Indec) del mes anterior.<\/p>\n<figure id=\"attachment_105808\" aria-describedby=\"caption-attachment-105808\" style=\"width: 696px\" class=\"wp-caption aligncenter\"><img data-recalc-dims=\"1\" loading=\"lazy\" decoding=\"async\" class=\"wp-image-105808 size-full\" src=\"https:\/\/i0.wp.com\/cdnoticias.com\/wp-content\/uploads\/2024\/01\/Foto-Telam-Transporte-696x392-1.jpg?resize=696%2C392&#038;ssl=1\" alt=\"\" width=\"696\" height=\"392\" srcset=\"https:\/\/i0.wp.com\/cdnoticias.com\/wp-content\/uploads\/2024\/01\/Foto-Telam-Transporte-696x392-1.jpg?w=696&amp;ssl=1 696w, https:\/\/i0.wp.com\/cdnoticias.com\/wp-content\/uploads\/2024\/01\/Foto-Telam-Transporte-696x392-1.jpg?resize=300%2C169&amp;ssl=1 300w\" sizes=\"auto, (max-width: 696px) 100vw, 696px\" \/><figcaption id=\"caption-attachment-105808\" class=\"wp-caption-text\">Foto: DIB<\/figcaption><\/figure>\n<p>La disposici\u00f3n de hoy deroga la Resoluci\u00f3n 501 de fines de agosto pasado mediante la cual se hab\u00eda suspendido el mecanismo de actualizaci\u00f3n tarifaria, que congelaba las tarifas hasta fines del a\u00f1o pasado.<\/p>\n<p>El regreso de esta f\u00f3rmula de incremento mensual ser\u00e1 v\u00e1lido para todos los colectivos urbanos y suburbanos de jurisdicci\u00f3n nacional; y servicios metropolitanos y regionales de trenes del \u00c1rea Metropolitana de Buenos Aires (AMBA).<\/p>\n<p><strong>En tanto, para los servicios de trenes regionales del interior y de larga distancia la tarifa tambi\u00e9n aumentar\u00e1 seg\u00fan la inflaci\u00f3n acumulada, aunque los incrementos ser\u00e1n trimestrales en lugar de mensuales.<\/strong><\/p>\n<p>La f\u00f3rmula de incremento volver\u00e1 a establecerse el pr\u00f3ximo 15 de enero, luego de aplicarse aumentos previstos de trenes y colectivos para este mes.<\/p>\n<p>El restablecimiento de los aumentos por inflaci\u00f3n busca \u201c<em>mantener la ecuaci\u00f3n econ\u00f3mico-financiero que permite el sostenimiento del servicio p\u00fablico del transporte automotor y ferroviario de pasajeros involucrado, en condiciones de calidad y eficiencia<\/em>\u201d, se\u00f1alan los considerandos.<\/p>\n<p>Al aumento mensual de tarifas por inflaci\u00f3n \u2013que se ver\u00e1 reflejado desde febrero- habr\u00e1 que sumar el eventual incremento por quita de subsidios, por lo que <strong>el aumento para los pr\u00f3ximos meses ser\u00e1 mayor al del \u00edndice de precios<\/strong>. (DIB)<\/p>\n","protected":false},"excerpt":{"rendered":"<p>Estos ajustes se dar\u00e1n m\u00e1s all\u00e1 de la decisi\u00f3n de los aumentos que habr\u00e1 por quita de subsidios.<\/p>\n","protected":false},"author":2,"featured_media":51078,"comment_status":"closed","ping_status":"closed","sticky":false,"template":"","format":"standard","meta":{"_jetpack_memberships_contains_paid_content":false,"footnotes":""},"categories":[6,1],"tags":[],"class_list":["post-105807","post","type-post","status-publish","format-standard","has-post-thumbnail","hentry","category-nacionales","category-portada"],"jetpack_featured_media_url":"https:\/\/i0.wp.com\/cdnoticias.com\/wp-content\/uploads\/2022\/04\/colectivo-boleto-tu-bus-2.jpg?fit=800%2C445&ssl=1","jetpack_sharing_enabled":true,"_links":{"self":[{"href":"https:\/\/cdnoticias.com\/index.php\/wp-json\/wp\/v2\/posts\/105807","targetHints":{"allow":["GET"]}}],"collection":[{"href":"https:\/\/cdnoticias.com\/index.php\/wp-json\/wp\/v2\/posts"}],"about":[{"href":"https:\/\/cdnoticias.com\/index.php\/wp-json\/wp\/v2\/types\/post"}],"author":[{"embeddable":true,"href":"https:\/\/cdnoticias.com\/index.php\/wp-json\/wp\/v2\/users\/2"}],"replies":[{"embeddable":true,"href":"https:\/\/cdnoticias.com\/index.php\/wp-json\/wp\/v2\/comments?post=105807"}],"version-history":[{"count":0,"href":"https:\/\/cdnoticias.com\/index.php\/wp-json\/wp\/v2\/posts\/105807\/revisions"}],"wp:featuredmedia":[{"embeddable":true,"href":"https:\/\/cdnoticias.com\/index.php\/wp-json\/wp\/v2\/media\/51078"}],"wp:attachment":[{"href":"https:\/\/cdnoticias.com\/index.php\/wp-json\/wp\/v2\/media?parent=105807"}],"wp:term":[{"taxonomy":"category","embeddable":true,"href":"https:\/\/cdnoticias.com\/index.php\/wp-json\/wp\/v2\/categories?post=105807"},{"taxonomy":"post_tag","embeddable":true,"href":"https:\/\/cdnoticias.com\/index.php\/wp-json\/wp\/v2\/tags?post=105807"}],"curies":[{"name":"wp","href":"https:\/\/api.w.org\/{rel}","templated":true}]}}