{"id":105758,"date":"2024-01-02T16:43:34","date_gmt":"2024-01-02T19:43:34","guid":{"rendered":"https:\/\/cdnoticias.com\/?p=105758"},"modified":"2024-01-02T20:04:24","modified_gmt":"2024-01-02T23:04:24","slug":"wesner-inauguro-la-temporada-de-verano-de-centros-de-dia-y-callejeadas","status":"publish","type":"post","link":"https:\/\/cdnoticias.com\/index.php\/2024\/01\/02\/wesner-inauguro-la-temporada-de-verano-de-centros-de-dia-y-callejeadas\/","title":{"rendered":"Wesner inaugur\u00f3 la temporada de verano de Centros de D\u00eda y Callejeadas"},"content":{"rendered":"\n<p>La actividad se desarroll\u00f3 en la ma\u00f1ana de este martes en la Base Bonino.<br><\/p>\n\n\n\n<hr class=\"wp-block-separator aligncenter has-alpha-channel-opacity\"\/>\n\n\n\n<p><strong>El Intendente Maximiliano Wesner inaugur\u00f3 oficialmente el ciclo de actividades de verano para ni\u00f1os, ni\u00f1as y adolescentes<\/strong> que concurren a programas que se brindan desde la Subsecretar\u00eda de Protecci\u00f3n Integral de Derechos del Municipio de Olavarr\u00eda.<\/p>\n\n\n\n<blockquote class=\"wp-block-quote is-layout-flow wp-block-quote-is-layout-flow\">\n<p>Alrededor de un centenar de participantes son protagonistas de actividades de pileta, recreativas y vida en la naturaleza en la temporada estival 2024.<br><\/p>\n<\/blockquote>\n\n\n\n<p>El Intendente, quien estuvo acompa\u00f1ado por el secretario de Desarrollo de la Comunidad Cristian Delpiani y la subsecretaria de Protecci\u00f3n Integral de Derechos Malena Pianciola, dio la bienvenida a los servicios que participar\u00e1n de las propuestas en sus diferentes sedes: <strong>Centros de D\u00eda y Programa Callejeada en Base Bonino, Centro de D\u00eda Espacio Adolescente y Envi\u00f3n 1 en la pileta de sus sedes, Envi\u00f3n 2 en el Bioparque La M\u00e1xima, y Callejeadas de Hinojo, Loma Negra, Sierras Bayas y Sierra Chica en sus respectivos clubes locales.<\/strong><br><br>En la ocasi\u00f3n el intendente Wesner invit\u00f3 a los presentes a disfrutar de cada una de las actividades que se ofrecen y, a la par, resalt\u00f3 la labor que realizan los trabajadores por el acompa\u00f1amiento a los chicos y chicas que realizan d\u00eda a d\u00eda.<strong> Adem\u00e1s, mencion\u00f3 que es importante aprovechar estos espacios de encuentro, de aprendizaje y vivencias fundamentales para el crecimiento y experiencia de cada uno de los participantes.<\/strong><\/p>\n\n\n\n<figure class=\"wp-block-image size-large\"><img data-recalc-dims=\"1\" loading=\"lazy\" decoding=\"async\" width=\"800\" height=\"532\" src=\"https:\/\/i0.wp.com\/cdnoticias.com\/wp-content\/uploads\/2024\/01\/WhatsApp-Image-2024-01-02-at-16.01.28.jpeg?resize=800%2C532&#038;ssl=1\" alt=\"\" class=\"wp-image-105760\" srcset=\"https:\/\/i0.wp.com\/cdnoticias.com\/wp-content\/uploads\/2024\/01\/WhatsApp-Image-2024-01-02-at-16.01.28.jpeg?resize=1024%2C681&amp;ssl=1 1024w, https:\/\/i0.wp.com\/cdnoticias.com\/wp-content\/uploads\/2024\/01\/WhatsApp-Image-2024-01-02-at-16.01.28.jpeg?resize=300%2C200&amp;ssl=1 300w, https:\/\/i0.wp.com\/cdnoticias.com\/wp-content\/uploads\/2024\/01\/WhatsApp-Image-2024-01-02-at-16.01.28.jpeg?resize=768%2C511&amp;ssl=1 768w, https:\/\/i0.wp.com\/cdnoticias.com\/wp-content\/uploads\/2024\/01\/WhatsApp-Image-2024-01-02-at-16.01.28.jpeg?resize=272%2C182&amp;ssl=1 272w, https:\/\/i0.wp.com\/cdnoticias.com\/wp-content\/uploads\/2024\/01\/WhatsApp-Image-2024-01-02-at-16.01.28.jpeg?w=1400&amp;ssl=1 1400w\" sizes=\"auto, (max-width: 800px) 100vw, 800px\" \/><\/figure>\n\n\n\n<p><br>La propuesta, impulsada en articulaci\u00f3n desde las Subsecretar\u00edas de Protecci\u00f3n Integral de Derechos y Deportes municipal, <strong>se desarrollar\u00e1 de lunes a viernes durante el horario de la ma\u00f1ana y tarde, con equipos profesionales de las \u00e1reas mencionadas.<\/strong><br><br>Contempla adem\u00e1s el abordaje integral de las situaciones que durante todo el a\u00f1o se acompa\u00f1an desde los respectivos servicios, a trav\u00e9s de diferentes actividades pedag\u00f3gico-did\u00e1cticas, como as\u00ed tambi\u00e9n la ense\u00f1anza de la disciplina de nataci\u00f3n adaptada a las respectivas edades de cada grupo.<br><br>Asimismo, <strong>en cada servicio se planifican y llevan adelante diferentes propuestas de interacci\u00f3n con la naturaleza en las cotidianidades, y actividades grupales para fortalecer la socializaci\u00f3n y sentido de pertenencia. Eventualmente, se desarrollan campamentos y jornadas especiales en sinton\u00eda con el esp\u00edritu de colaboraci\u00f3n, compromiso y cuidado del medio natural, en los que se plasma todo lo aprendido durante las cotidianidades junto al equipo de profes y resto de personal que acompa\u00f1a las rutinas.<\/strong><\/p>\n\n\n\n<figure class=\"wp-block-image size-large\"><img data-recalc-dims=\"1\" loading=\"lazy\" decoding=\"async\" width=\"800\" height=\"532\" src=\"https:\/\/i0.wp.com\/cdnoticias.com\/wp-content\/uploads\/2024\/01\/WhatsApp-Image-2024-01-02-at-16.01.31.jpeg?resize=800%2C532&#038;ssl=1\" alt=\"\" class=\"wp-image-105762\" srcset=\"https:\/\/i0.wp.com\/cdnoticias.com\/wp-content\/uploads\/2024\/01\/WhatsApp-Image-2024-01-02-at-16.01.31.jpeg?resize=1024%2C681&amp;ssl=1 1024w, https:\/\/i0.wp.com\/cdnoticias.com\/wp-content\/uploads\/2024\/01\/WhatsApp-Image-2024-01-02-at-16.01.31.jpeg?resize=300%2C200&amp;ssl=1 300w, https:\/\/i0.wp.com\/cdnoticias.com\/wp-content\/uploads\/2024\/01\/WhatsApp-Image-2024-01-02-at-16.01.31.jpeg?resize=768%2C511&amp;ssl=1 768w, https:\/\/i0.wp.com\/cdnoticias.com\/wp-content\/uploads\/2024\/01\/WhatsApp-Image-2024-01-02-at-16.01.31.jpeg?resize=1536%2C1021&amp;ssl=1 1536w, https:\/\/i0.wp.com\/cdnoticias.com\/wp-content\/uploads\/2024\/01\/WhatsApp-Image-2024-01-02-at-16.01.31.jpeg?resize=272%2C182&amp;ssl=1 272w, https:\/\/i0.wp.com\/cdnoticias.com\/wp-content\/uploads\/2024\/01\/WhatsApp-Image-2024-01-02-at-16.01.31.jpeg?w=1600&amp;ssl=1 1600w\" sizes=\"auto, (max-width: 800px) 100vw, 800px\" \/><\/figure>\n\n\n\n<figure class=\"wp-block-image size-large\"><img data-recalc-dims=\"1\" loading=\"lazy\" decoding=\"async\" width=\"800\" height=\"532\" src=\"https:\/\/i0.wp.com\/cdnoticias.com\/wp-content\/uploads\/2024\/01\/WhatsApp-Image-2024-01-02-at-16.01.31-1.jpeg?resize=800%2C532&#038;ssl=1\" alt=\"\" class=\"wp-image-105759\" srcset=\"https:\/\/i0.wp.com\/cdnoticias.com\/wp-content\/uploads\/2024\/01\/WhatsApp-Image-2024-01-02-at-16.01.31-1.jpeg?resize=1024%2C681&amp;ssl=1 1024w, https:\/\/i0.wp.com\/cdnoticias.com\/wp-content\/uploads\/2024\/01\/WhatsApp-Image-2024-01-02-at-16.01.31-1.jpeg?resize=300%2C200&amp;ssl=1 300w, https:\/\/i0.wp.com\/cdnoticias.com\/wp-content\/uploads\/2024\/01\/WhatsApp-Image-2024-01-02-at-16.01.31-1.jpeg?resize=768%2C511&amp;ssl=1 768w, https:\/\/i0.wp.com\/cdnoticias.com\/wp-content\/uploads\/2024\/01\/WhatsApp-Image-2024-01-02-at-16.01.31-1.jpeg?resize=272%2C182&amp;ssl=1 272w, https:\/\/i0.wp.com\/cdnoticias.com\/wp-content\/uploads\/2024\/01\/WhatsApp-Image-2024-01-02-at-16.01.31-1.jpeg?w=1400&amp;ssl=1 1400w\" sizes=\"auto, (max-width: 800px) 100vw, 800px\" \/><\/figure>\n\n\n\n<p><br>La subsecretaria de Protecci\u00f3n Integral de Derechos Malena Pianciola manifest\u00f3 con entusiasmo las mejores expectativas para el inicio de la temporada de verano que comienza:<em> \u201cJunto con Silvana Sonn, la directora de Ni\u00f1eces y Adolescencias, vivimos con mucha alegr\u00eda haber dado por inaugurada la temporada de verano de todos los servicios de la Subsecretar\u00eda. Garantizar dichos espacios implica trabajar en pos de fortalecer los derechos de la recreaci\u00f3n y aprendizaje de nuestras infancias, lo cual es posible gracias a todo el personal que acompa\u00f1a con mucho compromiso el desarrollo de la temporada\u201d.<\/em><\/p>\n","protected":false},"excerpt":{"rendered":"<p>La actividad se desarroll\u00f3 en la ma\u00f1ana de este martes en la Base Bonino. El Intendente Maximiliano Wesner inaugur\u00f3 oficialmente<\/p>\n","protected":false},"author":2,"featured_media":105761,"comment_status":"closed","ping_status":"closed","sticky":false,"template":"","format":"standard","meta":{"_jetpack_memberships_contains_paid_content":false,"footnotes":""},"categories":[5,1],"tags":[],"class_list":["post-105758","post","type-post","status-publish","format-standard","has-post-thumbnail","hentry","category-informacion-general","category-portada"],"jetpack_featured_media_url":"https:\/\/i0.wp.com\/cdnoticias.com\/wp-content\/uploads\/2024\/01\/WhatsApp-Image-2024-01-02-at-16.01.30.jpeg?fit=1400%2C931&ssl=1","jetpack_sharing_enabled":true,"_links":{"self":[{"href":"https:\/\/cdnoticias.com\/index.php\/wp-json\/wp\/v2\/posts\/105758","targetHints":{"allow":["GET"]}}],"collection":[{"href":"https:\/\/cdnoticias.com\/index.php\/wp-json\/wp\/v2\/posts"}],"about":[{"href":"https:\/\/cdnoticias.com\/index.php\/wp-json\/wp\/v2\/types\/post"}],"author":[{"embeddable":true,"href":"https:\/\/cdnoticias.com\/index.php\/wp-json\/wp\/v2\/users\/2"}],"replies":[{"embeddable":true,"href":"https:\/\/cdnoticias.com\/index.php\/wp-json\/wp\/v2\/comments?post=105758"}],"version-history":[{"count":0,"href":"https:\/\/cdnoticias.com\/index.php\/wp-json\/wp\/v2\/posts\/105758\/revisions"}],"wp:featuredmedia":[{"embeddable":true,"href":"https:\/\/cdnoticias.com\/index.php\/wp-json\/wp\/v2\/media\/105761"}],"wp:attachment":[{"href":"https:\/\/cdnoticias.com\/index.php\/wp-json\/wp\/v2\/media?parent=105758"}],"wp:term":[{"taxonomy":"category","embeddable":true,"href":"https:\/\/cdnoticias.com\/index.php\/wp-json\/wp\/v2\/categories?post=105758"},{"taxonomy":"post_tag","embeddable":true,"href":"https:\/\/cdnoticias.com\/index.php\/wp-json\/wp\/v2\/tags?post=105758"}],"curies":[{"name":"wp","href":"https:\/\/api.w.org\/{rel}","templated":true}]}}