{"id":105756,"date":"2024-01-02T16:31:13","date_gmt":"2024-01-02T19:31:13","guid":{"rendered":"https:\/\/cdnoticias.com\/?p=105756"},"modified":"2024-01-02T18:52:21","modified_gmt":"2024-01-02T21:52:21","slug":"coopelectric-la-recuperacion-del-sistema-electrico-demandara-tiempo-e-inversion","status":"publish","type":"post","link":"https:\/\/cdnoticias.com\/index.php\/2024\/01\/02\/coopelectric-la-recuperacion-del-sistema-electrico-demandara-tiempo-e-inversion\/","title":{"rendered":"Coopelectric: \u201cLa recuperaci\u00f3n del sistema el\u00e9ctrico demandar\u00e1 tiempo e inversi\u00f3n\u201d"},"content":{"rendered":"\n<p>El ingeniero N\u00e1poli admiti\u00f3 que se atendi\u00f3 la emergencia pero para llegar a normalizar al 100% el servicio se requerir\u00e1 \u201cun a\u00f1o aproximadamente\u201d. \u201cEl da\u00f1o fue tremendo\u201d agreg\u00f3.<\/p>\n\n\n\n<hr class=\"wp-block-separator aligncenter has-alpha-channel-opacity\"\/>\n\n\n\n<p>Este martes, <strong>el ingeniero Claudio N\u00e1poli brind\u00f3 detalles de c\u00f3mo se encuentra Coopelectric e hizo \u00e9nfasis en lo sucedido con el servicio el\u00e9ctrico. <\/strong>Indic\u00f3 que llevar\u00e1 \u201ctiempo e inversi\u00f3n\u201d y que tras atender la emergencia llevar\u00eda aproximadamente un a\u00f1o normalizar completamente el sistema.<\/p>\n\n\n\n<p>N\u00e1poli remarc\u00f3 que <em>\u201cla situaci\u00f3n para nosotros no termin\u00f3, ya que estamos en un intermedio, queda mucho trabajo por hacer, porque si bien se atendi\u00f3 la emergencia todav\u00eda falta tiempo para recuperar el Sistema y dejarlo como estaba antes del temporal\u201d.<\/em><\/p>\n\n\n\n<blockquote class=\"wp-block-quote is-layout-flow wp-block-quote-is-layout-flow\">\n<p>Inform\u00f3 que ese plazo puede llegar a ser de un a\u00f1o aproximadamente, ya que el da\u00f1o fue tremendo. \u201cesto va a llevar tiempo y dinero\u201d, explic\u00f3.<\/p>\n<\/blockquote>\n\n\n\n<p>Y agreg\u00f3 <em>\u201csi bien hemos atravesado temporales con una intensidad semejante,<strong> lo que fue diferente ahora es la amplitud, y si bien tambi\u00e9n es cierto que en algunos sectores tuvo m\u00e1s impacto que en otros, en cierta manera todos sufrieron las consecuencias<\/strong>\u201d.<\/em><\/p>\n\n\n\n<p>En lo referente a la recuperaci\u00f3n del servicio destac\u00f3 que <em>\u201chemos realizado infinidad de reparaciones de emergencia. <strong>Los gastos son enormes, por ejemplo de cable preensamblado se colocaron 2600 metros y todav\u00eda quedan pendientes varios m\u00e1s para volver a la situaci\u00f3n previa al temporal y dejar todo \u00f3ptimo<\/strong>\u201d.<\/em><\/p>\n\n\n\n<figure class=\"wp-block-image size-large\"><img data-recalc-dims=\"1\" loading=\"lazy\" decoding=\"async\" width=\"800\" height=\"445\" src=\"https:\/\/i0.wp.com\/cdnoticias.com\/wp-content\/uploads\/2023\/12\/temporal-14-de-diciembre-00-coopelectric.jpg?resize=800%2C445&#038;ssl=1\" alt=\"\" class=\"wp-image-104341\" srcset=\"https:\/\/i0.wp.com\/cdnoticias.com\/wp-content\/uploads\/2023\/12\/temporal-14-de-diciembre-00-coopelectric.jpg?resize=1024%2C570&amp;ssl=1 1024w, https:\/\/i0.wp.com\/cdnoticias.com\/wp-content\/uploads\/2023\/12\/temporal-14-de-diciembre-00-coopelectric.jpg?resize=300%2C167&amp;ssl=1 300w, https:\/\/i0.wp.com\/cdnoticias.com\/wp-content\/uploads\/2023\/12\/temporal-14-de-diciembre-00-coopelectric.jpg?resize=768%2C428&amp;ssl=1 768w, https:\/\/i0.wp.com\/cdnoticias.com\/wp-content\/uploads\/2023\/12\/temporal-14-de-diciembre-00-coopelectric.jpg?resize=800%2C445&amp;ssl=1 800w, https:\/\/i0.wp.com\/cdnoticias.com\/wp-content\/uploads\/2023\/12\/temporal-14-de-diciembre-00-coopelectric.jpg?w=1200&amp;ssl=1 1200w\" sizes=\"auto, (max-width: 800px) 100vw, 800px\" \/><\/figure>\n\n\n\n<p>Inform\u00f3 que <strong>al momento se han repuesto alrededor de 350 postes y la cifra podr\u00eda llegar a 900. <\/strong>Por eso se insisti\u00f3 en que la tarea para recuperar totalmente el sistema \u201ces \u00e1rdua y conlleva tiempo e inversi\u00f3n\u201d.<\/p>\n\n\n\n<p>Tambi\u00e9n dijo que<em> \u201cactualmente hay lugares en los que todav\u00eda no tenemos red producto de los robos, este tema hay que mencionarlo y dimensionarlo. <strong>Se han sustra\u00eddo alrededor de 20000 metros de cables y si bien los usuarios est\u00e1n con servicio, lo que hemos perdido por \u00e9stos hechos es un poco de flexibilidad, sobre todo cuando se produce alguna falla. <\/strong>De todas maneras, la reconfiguraci\u00f3n de l\u00edneas nos permite reponer el servicio r\u00e1pidamente\u201d.<\/em><\/p>\n\n\n\n<p>Record\u00f3 tambi\u00e9n que debido a esos hechos delictivos,<strong> en algunos casos se ocasion\u00f3 la demora en la reposici\u00f3n del servicio ya que <\/strong><em><strong>\u201cno es lo mismo realizar una reparaci\u00f3n que tener que construir una L\u00ednea nuevamente<\/strong>, porque eso requiere tiempo y materiales. Por eso hay lugares que demoraron m\u00e1s que otros en normalizarse\u201d<\/em>, explic\u00f3.<\/p>\n\n\n\n<p>Al respecto de \u00e9ste tema coment\u00f3 que <strong>en el \u00faltimo tiempo Coopelectric ha colaborado con allanamientos importantes en los que se hallaron cables perteneciente a la Cooperativa<\/strong> y considera que, para terminar con \u00e9ste flagelo que tanto afecta a los usuarios<em><strong> \u201cel punto es cortar la cadena de comercializaci\u00f3n\u201d.<\/strong><\/em><\/p>\n\n\n\n<p>N\u00e1poli explic\u00f3 que para llegar a la situaci\u00f3n actual <em>\u201cse trabaj\u00f3 sin parar, intensamente y en equipo. Nosotros hacemos un balance s\u00faper positivo de nuestro trabajo, <strong>110 personas estuvieron las 24 horas del d\u00eda trabajando para reponer el Servicio, eso es pr\u00e1cticamente toda nuestra fuerza operativa puesta al servicio de la comunidad, trabajando sin cesar\u201d.<\/strong><\/em><strong><em> <\/em>Destac\u00f3 que incluso personal que se encontraba de vacaciones estuvo a disposici\u00f3n para ayudar a resolver semejante situaci\u00f3n<em>, \u201cpor eso les agradecemos profundamente la entrega y el compromiso\u201d.<\/em><\/strong><\/p>\n\n\n\n<blockquote class=\"wp-block-quote is-layout-flow wp-block-quote-is-layout-flow\">\n<p>En relaci\u00f3n a esto agreg\u00f3 \u201chemos vivido con emoci\u00f3n situaciones con vecinos que colaboraron haciendo pozos, colocando postes, podando plantas, trabajando codo a codo defendiendo los cables, realmente emociona lo que hemos vivido\u201d.<\/p>\n<\/blockquote>\n\n\n\n<p>Inform\u00f3 que<em> \u201cahora estamos con algunos inconvenientes en la zona rural, producto de algunas tormentas, aunque no tan intensas, que volvieron a afectar la zona del Club H\u00edpico por ejemplo. El resto de la ciudad, m\u00e1s all\u00e1 de reclamos puntuales cuenta con servicio&#8221;.<\/em><\/p>\n\n\n\n<p>Con respecto al Servicio de Obras Sanitarias, aprovech\u00f3 para recalcar que la presi\u00f3n del agua va de la mano junto al Servicio El\u00e9ctrico ya que las bombas de extracci\u00f3n funcionan con electricidad y teniendo en cuenta el aumento de consumo en el per\u00edodo estival, se recuerda hacer uso racional y solidario de ambos.<\/p>\n\n\n\n<p>Por \u00faltimo destac\u00f3 que desde Coopelectric<em><strong> \u201credoblamos el compromiso trabajando de manera constante para mejorar la calidad del servicio\u201d.<\/strong><\/em><\/p>\n","protected":false},"excerpt":{"rendered":"<p>El ingeniero N\u00e1poli admiti\u00f3 que se atendi\u00f3 la emergencia pero para llegar a normalizar al 100% el servicio se requerir\u00e1<\/p>\n","protected":false},"author":2,"featured_media":104389,"comment_status":"closed","ping_status":"closed","sticky":false,"template":"","format":"standard","meta":{"_jetpack_memberships_contains_paid_content":false,"footnotes":""},"categories":[5,1],"tags":[],"class_list":["post-105756","post","type-post","status-publish","format-standard","has-post-thumbnail","hentry","category-informacion-general","category-portada"],"jetpack_featured_media_url":"https:\/\/i0.wp.com\/cdnoticias.com\/wp-content\/uploads\/2023\/12\/tormenta-temporal-coopelectric.jpg?fit=800%2C450&ssl=1","jetpack_sharing_enabled":true,"_links":{"self":[{"href":"https:\/\/cdnoticias.com\/index.php\/wp-json\/wp\/v2\/posts\/105756","targetHints":{"allow":["GET"]}}],"collection":[{"href":"https:\/\/cdnoticias.com\/index.php\/wp-json\/wp\/v2\/posts"}],"about":[{"href":"https:\/\/cdnoticias.com\/index.php\/wp-json\/wp\/v2\/types\/post"}],"author":[{"embeddable":true,"href":"https:\/\/cdnoticias.com\/index.php\/wp-json\/wp\/v2\/users\/2"}],"replies":[{"embeddable":true,"href":"https:\/\/cdnoticias.com\/index.php\/wp-json\/wp\/v2\/comments?post=105756"}],"version-history":[{"count":0,"href":"https:\/\/cdnoticias.com\/index.php\/wp-json\/wp\/v2\/posts\/105756\/revisions"}],"wp:featuredmedia":[{"embeddable":true,"href":"https:\/\/cdnoticias.com\/index.php\/wp-json\/wp\/v2\/media\/104389"}],"wp:attachment":[{"href":"https:\/\/cdnoticias.com\/index.php\/wp-json\/wp\/v2\/media?parent=105756"}],"wp:term":[{"taxonomy":"category","embeddable":true,"href":"https:\/\/cdnoticias.com\/index.php\/wp-json\/wp\/v2\/categories?post=105756"},{"taxonomy":"post_tag","embeddable":true,"href":"https:\/\/cdnoticias.com\/index.php\/wp-json\/wp\/v2\/tags?post=105756"}],"curies":[{"name":"wp","href":"https:\/\/api.w.org\/{rel}","templated":true}]}}