{"id":105748,"date":"2024-01-02T13:39:22","date_gmt":"2024-01-02T16:39:22","guid":{"rendered":"https:\/\/cdnoticias.com\/?p=105748"},"modified":"2024-01-02T13:39:25","modified_gmt":"2024-01-02T16:39:25","slug":"manuel-antonio-araya-tito-q-e-p-d","status":"publish","type":"post","link":"https:\/\/cdnoticias.com\/index.php\/2024\/01\/02\/manuel-antonio-araya-tito-q-e-p-d\/","title":{"rendered":"Manuel Antonio Araya &#8220;Tito&#8221; (Q.E.P.D)"},"content":{"rendered":"\n<p>Falleci\u00f3 en Olavarr\u00eda el d\u00eda&nbsp;2&nbsp;de&nbsp;Enero de 2024 a los&nbsp;74&nbsp;a\u00f1os de edad.<\/p>\n\n\n\n<p>Velatorio: Espa\u00f1a 2942 departamento \u201cD\u201c 2\/1\/2024 12:30.<br>Responso: Capilla ardiente.<\/p>\n\n\n\n<p>Inhumaci\u00f3n: Cementerio Loma de Paz.<\/p>\n\n\n\n<p>D\u00eda y hora: Martes 2\/1\/2024 13:30.<\/p>\n\n\n\n<p>Barrio en el que viv\u00eda: Luj\u00e1n.<\/p>\n\n\n\n<p>Lugar de nacimiento: General La Madrid.<\/p>\n\n\n\n<p>Actividad que desarrollaba: Jubilado Ferroviario.<\/p>\n","protected":false},"excerpt":{"rendered":"<p>Falleci\u00f3 en Olavarr\u00eda el d\u00eda&nbsp;2&nbsp;de&nbsp;Enero de 2024 a los&nbsp;74&nbsp;a\u00f1os de edad. Velatorio: Espa\u00f1a 2942 departamento \u201cD\u201c 2\/1\/2024 12:30.Responso: Capilla ardiente.<\/p>\n","protected":false},"author":2,"featured_media":100390,"comment_status":"closed","ping_status":"closed","sticky":false,"template":"","format":"standard","meta":{"_jetpack_memberships_contains_paid_content":false,"footnotes":""},"categories":[10],"tags":[],"class_list":["post-105748","post","type-post","status-publish","format-standard","has-post-thumbnail","hentry","category-necrologicas"],"jetpack_featured_media_url":"https:\/\/i0.wp.com\/cdnoticias.com\/wp-content\/uploads\/2023\/10\/necrologicas-390-x-240.jpg?fit=390%2C240&ssl=1","jetpack_sharing_enabled":true,"_links":{"self":[{"href":"https:\/\/cdnoticias.com\/index.php\/wp-json\/wp\/v2\/posts\/105748","targetHints":{"allow":["GET"]}}],"collection":[{"href":"https:\/\/cdnoticias.com\/index.php\/wp-json\/wp\/v2\/posts"}],"about":[{"href":"https:\/\/cdnoticias.com\/index.php\/wp-json\/wp\/v2\/types\/post"}],"author":[{"embeddable":true,"href":"https:\/\/cdnoticias.com\/index.php\/wp-json\/wp\/v2\/users\/2"}],"replies":[{"embeddable":true,"href":"https:\/\/cdnoticias.com\/index.php\/wp-json\/wp\/v2\/comments?post=105748"}],"version-history":[{"count":0,"href":"https:\/\/cdnoticias.com\/index.php\/wp-json\/wp\/v2\/posts\/105748\/revisions"}],"wp:featuredmedia":[{"embeddable":true,"href":"https:\/\/cdnoticias.com\/index.php\/wp-json\/wp\/v2\/media\/100390"}],"wp:attachment":[{"href":"https:\/\/cdnoticias.com\/index.php\/wp-json\/wp\/v2\/media?parent=105748"}],"wp:term":[{"taxonomy":"category","embeddable":true,"href":"https:\/\/cdnoticias.com\/index.php\/wp-json\/wp\/v2\/categories?post=105748"},{"taxonomy":"post_tag","embeddable":true,"href":"https:\/\/cdnoticias.com\/index.php\/wp-json\/wp\/v2\/tags?post=105748"}],"curies":[{"name":"wp","href":"https:\/\/api.w.org\/{rel}","templated":true}]}}