{"id":105738,"date":"2024-01-02T13:49:49","date_gmt":"2024-01-02T16:49:49","guid":{"rendered":"https:\/\/cdnoticias.com\/?p=105738"},"modified":"2024-01-02T16:43:56","modified_gmt":"2024-01-02T19:43:56","slug":"seguridad-vial-las-perspectivas-y-analisis-de-2023","status":"publish","type":"post","link":"https:\/\/cdnoticias.com\/index.php\/2024\/01\/02\/seguridad-vial-las-perspectivas-y-analisis-de-2023\/","title":{"rendered":"Seguridad vial, las perspectivas y an\u00e1lisis de 2023"},"content":{"rendered":"<p>Un repaso de las columnas de Marcos Pascua publicadas por Central de Noticias durante el a\u00f1o. El balance y los desaf\u00edos que vienen. Un libro y \u00bfde qu\u00e9 vamos a hablar en 2024?<\/p>\n<p><!--more--><\/p>\n<hr \/>\n<p>Por <em>Marcos Pascua \/ Ingeniero civil<\/em><\/p>\n<p>&nbsp;<\/p>\n<p>Bueno, hemos llegado a fin de a\u00f1o, ha sido un a\u00f1o largo \u00bfno?<\/p>\n<p>&nbsp;<\/p>\n<p>Hoy no voy a hablar de ning\u00fan tema en particular, lo que vamos a hacer es un repaso por las columnas que se publicaron durante 2023 y te voy a dejar algunas ideas para el pr\u00f3ximo a\u00f1o y lo que se puede esperar tanto en la ciudad, como en el pa\u00eds.<\/p>\n<p>&nbsp;<\/p>\n<p>\u00bfEmpezamos?<\/p>\n<p>&nbsp;<\/p>\n<h2>Un libro<\/h2>\n<p>&nbsp;<\/p>\n<p>Para empezar, voy a hablar de \u201cDesaf\u00edos Contempor\u00e1neos\u201d, <strong>el libro que publicamos en conjunto con Central de Noticias y que contiene una selecci\u00f3n de columnas publicadas entre septiembre de 2020 y abril de 2023<\/strong>. Dicho libro fue presentado el pasado lunes 11 de diciembre en el Centro Cultural Universitario. Cuenta con tres cap\u00edtulos, <strong>seguridad vial, urbanismo y movilidad<\/strong>, donde se puede leer sobre <em>la importancia del rol del Estado en estos temas y sobre la necesidad del compromiso de la sociedad.<\/em><\/p>\n<p>&nbsp;<\/p>\n<p>Si quer\u00e9s contar con un ejemplar pod\u00e9s enviarme un correo a la siguiente direcci\u00f3n: <em>marcospascuaing@gmail.com<\/em>.<\/p>\n<p>&nbsp;<\/p>\n<h2>Las columnas del 2023<\/h2>\n<p>&nbsp;<\/p>\n<p>Durante este a\u00f1o publiqu\u00e9 <strong>trece columnas<\/strong>, desde febrero a diciembre donde te propuse una variedad de temas.<\/p>\n<p>&nbsp;<\/p>\n<p>Hablamos de:<\/p>\n<p>&nbsp;<\/p>\n<p>\u2022 <a href=\"https:\/\/cdnoticias.com\/index.php\/2023\/11\/26\/la-importancia-del-urbanismo-con-perspectiva-de-genero\/\" target=\"_blank\" rel=\"noopener\">Urbanismo con perspectiva de g\u00e9nero<\/a>;<br \/>\n\u2022 <a href=\"https:\/\/cdnoticias.com\/index.php\/2023\/06\/26\/seguridad-vial-con-perspectiva-de-genero-el-rol-de-las-mujeres-en-el-espacio-publico\/\" target=\"_blank\" rel=\"noopener\">Seguridad vial con perspectiva de g\u00e9nero<\/a>;<br \/>\n\u2022 <a href=\"https:\/\/cdnoticias.com\/index.php\/2023\/05\/07\/vivir-como-en-el-siglo-xx-en-pleno-siglo-xxi\/\" target=\"_blank\" rel=\"noopener\">Barrios populares en Olavarr\u00eda<\/a>;<br \/>\n\u2022 <a href=\"https:\/\/cdnoticias.com\/index.php\/2023\/12\/10\/siniestralidad-vial-los-numeros-del-2022\/\" target=\"_blank\" rel=\"noopener\">Los n\u00fameros de la siniestralidad vial en Olavarr\u00eda durante el 2022<\/a>;<br \/>\n\u2022 <a href=\"https:\/\/cdnoticias.com\/index.php\/2023\/06\/11\/dia-de-la-seguridad-vial-estadisticas-2022\/\" target=\"_blank\" rel=\"noopener\">D\u00eda de la Seguridad Vial<\/a>;<br \/>\n\u2022 <a href=\"https:\/\/cdnoticias.com\/index.php\/2022\/12\/20\/carreteras-21-una-solucion-posible\/\" target=\"_blank\" rel=\"noopener\">Carreteras 2+1<\/a>;<br \/>\n\u2022 <a href=\"https:\/\/cdnoticias.com\/index.php\/2023\/03\/19\/que-es-la-micromovilidad\/\" target=\"_blank\" rel=\"noopener\">Micromovilidad<\/a>;<br \/>\n\u2022 <a href=\"https:\/\/cdnoticias.com\/index.php\/2023\/05\/22\/que-tan-seguro-es-mi-auto\/\" target=\"_blank\" rel=\"noopener\">Planificaci\u00f3n<\/a>;<br \/>\n\u2022 <a href=\"https:\/\/cdnoticias.com\/index.php\/2023\/05\/22\/que-tan-seguro-es-mi-auto\/\" target=\"_blank\" rel=\"noopener\">Qu\u00e9 tan seguros son los autos<\/a>;<br \/>\n\u2022 <a href=\"https:\/\/cdnoticias.com\/index.php\/2022\/12\/31\/mas-alla-de-la-ley\/\" target=\"_blank\" rel=\"noopener\">Alcoholemia<\/a>;<br \/>\n\u2022 <a href=\"https:\/\/cdnoticias.com\/index.php\/2023\/10\/29\/estacionamiento-medido-propuesta-y-desconcepto\/\" target=\"_blank\" rel=\"noopener\">Estacionamiento medido<\/a>;<br \/>\n\u2022 <a href=\"https:\/\/cdnoticias.com\/index.php\/2023\/09\/04\/desafios-urbanos-del-ahora-parte-iii\/\" target=\"_blank\" rel=\"noopener\">Los desaf\u00edos de la ciudad<\/a>;<br \/>\n\u2022 <a href=\"https:\/\/cdnoticias.com\/index.php\/2023\/10\/18\/seguridad-vial-y-movilidad-las-propuestas-de-cada-espacio\/\" target=\"_blank\" rel=\"noopener\">Los proyectos de los candidatos a intendente de la ciudad de Olavarr\u00eda<\/a>.<\/p>\n<p>&nbsp;<\/p>\n<p>Como siempre el objetivo es abordar conceptos generales o conceptos marcos sobre algunos temas de seguridad vial, movilidad y urbanismo y tratar de darle un enfoque local, siempre <strong>con el objetivo de pensar en cu\u00e1les son los puntos en los que se est\u00e1 trabajando y c\u00f3mo puede tener eso una aplicaci\u00f3n local.<\/strong><\/p>\n<p>&nbsp;<\/p>\n<h2>\u00bfQu\u00e9 nos deja este 2023?<\/h2>\n<p>&nbsp;<\/p>\n<p>El domingo 10 de diciembre publiqu\u00e9 un an\u00e1lisis del informe elaborado por Control Urbano sobre los n\u00fameros que dej\u00f3 el 2022. Entre los datos m\u00e1s destacados se encuentra que <strong>la tasa de siniestralidad vial de nuestra ciudad es mayor que la de otros municipios con mayor cantidad de habitantes<\/strong>, como sucede cuando comparamos los n\u00fameros de nuestra ciudad con los de<strong> General Pueyrred\u00f3n, Bah\u00eda Blanca y Tandil.<\/strong> Adem\u00e1s, se produjeron un total de<strong> 9 v\u00edctimas fatales, siendo 6 de ellas en la planta urbana<\/strong>.<\/p>\n<p>&nbsp;<\/p>\n<p><img data-recalc-dims=\"1\" loading=\"lazy\" decoding=\"async\" class=\"size-full wp-image-105740 aligncenter\" src=\"https:\/\/i0.wp.com\/cdnoticias.com\/wp-content\/uploads\/2024\/01\/mapa-de-siniestralidad-vial-2022-00.jpg?resize=800%2C354&#038;ssl=1\" alt=\"\" width=\"800\" height=\"354\" srcset=\"https:\/\/i0.wp.com\/cdnoticias.com\/wp-content\/uploads\/2024\/01\/mapa-de-siniestralidad-vial-2022-00.jpg?w=1000&amp;ssl=1 1000w, https:\/\/i0.wp.com\/cdnoticias.com\/wp-content\/uploads\/2024\/01\/mapa-de-siniestralidad-vial-2022-00.jpg?resize=300%2C133&amp;ssl=1 300w, https:\/\/i0.wp.com\/cdnoticias.com\/wp-content\/uploads\/2024\/01\/mapa-de-siniestralidad-vial-2022-00.jpg?resize=768%2C339&amp;ssl=1 768w\" sizes=\"auto, (max-width: 800px) 100vw, 800px\" \/><\/p>\n<p>&nbsp;<\/p>\n<p>La cantidad de v\u00edctimas fatales se han incrementado notablemente. En este punto contamos con <strong>21 fallecidos por siniestros viales, 13 en zona rural y 8 en zona urbana<\/strong>. Tenemos que irnos hasta el a\u00f1o<strong> 2017<\/strong>, a\u00f1o en el cual se produjeron 21 v\u00edctimas fatales para encontrar un n\u00famero similar.<\/p>\n<p>&nbsp;<\/p>\n<p>Si quer\u00e9s ampliar, te dejo una nota que cuenta un poco m\u00e1s, pod\u00e9s <a href=\"https:\/\/cdnoticias.com\/index.php\/2023\/12\/26\/fallecidos-en-siniestros-viales-en-olavarria-hay-un-salto-grande-en-la-cantidad\/\" target=\"_blank\" rel=\"noopener\">leerla ac\u00e1<\/a>.<\/p>\n<p>&nbsp;<\/p>\n<h2>\u00bfCu\u00e1les son los principales desaf\u00edos?<\/h2>\n<p>&nbsp;<\/p>\n<p>El principal problema que tiene hoy la ciudad es la <strong>circulaci\u00f3n a altas velocidades<\/strong>, se conduce con mucha imprudencia y por lo general no se frena en las esquinas, lo que deriva en los siniestros viales de la violencia que tenemos hoy. Por un lado, <strong>la imprudencia<\/strong>, que, <strong>sumada a la calidad de la infraestructura, sus dimensiones y la falta de formaci\u00f3n para conducir<\/strong> derivan en siniestros viales.<\/p>\n<p>&nbsp;<\/p>\n<p>El n\u00famero de v\u00edctimas fatales de este a\u00f1o no solo deben ser un llamado de atenci\u00f3n para comenzar a trabajar en la tem\u00e1tica, tambi\u00e9n <strong>debe ser un punto de inflexi\u00f3n para trabajar en un plan a largo plazo con el objetivo de reducir las v\u00edctimas de los siniestros viales en nuestra ciudad<\/strong>.<\/p>\n<p>&nbsp;<\/p>\n<p>\u00bfQu\u00e9 podemos esperar para el a\u00f1o que viene? Los siniestros viales van de la mano de la econom\u00eda, <strong>a mayor movimiento de la econom\u00eda<\/strong>, tambi\u00e9n es mayor la circulaci\u00f3n, por lo tanto,<strong> la cantidad de siniestros viales tiende a aumentar<\/strong>. Caso contrario, los siniestros tienden a disminuir.<\/p>\n<p>&nbsp;<\/p>\n<p>Teniendo en cuenta que<strong> se espera una recesi\u00f3n en la econom\u00eda para el primer trimestre del 2024<\/strong>, algo que ya se puede ver reflejado en la sustancial disminuci\u00f3n de las reservas en los alojamientos de la costa argentina para esta temporada, respecto de la temporada anterior,<strong> es probable que la cantidad de siniestros viales tambi\u00e9n sufran una disminuci\u00f3n<\/strong>. En un a\u00f1o volvemos a charlar.<\/p>\n<p>&nbsp;<\/p>\n<h2>Los cambios<\/h2>\n<p>&nbsp;<\/p>\n<p>En las primeras semanas del nuevo gobierno, entre el famoso DNU y el proyecto de ley enviado al congreso, <strong>se quieren modificar algunas cuestiones relacionadas al tr\u00e1nsito y al transporte<\/strong>. De esos temas hablaremos m\u00e1s adelante, cuando tengamos la certeza que algunos de estos puntos ser\u00e1n tratados o eventualmente sean aprobados, simplemente para no generar mayor confusi\u00f3n. En cuanto al DNU no se generan grandes cambios en la forma de circular,<strong> tanto el seguro del automotor como la VTV siguen siendo requisitos necesarios para circular.<\/strong><\/p>\n<p>&nbsp;<\/p>\n<p>En cuanto al nuevo gobierno, el presidente en su discurso de asunci\u00f3n hizo referencia a la cantidad de v\u00edctimas fatales sobre siniestros viales, <strong>el dato de 15.000 fallecidos por a\u00f1o dicho por Javier Milei es falso<\/strong>, lo pod\u00e9s <a href=\"https:\/\/cdnoticias.com\/index.php\/2023\/06\/11\/dia-de-la-seguridad-vial-estadisticas-2022\/\" target=\"_blank\" rel=\"noopener\">chequear ac\u00e1<\/a>. En el mismo discurso tambi\u00e9n hizo hincapi\u00e9 en <strong>el estado de la infraestructura vial<\/strong> como causa de esas v\u00edctimas, un dato tambi\u00e9n falso que pod\u00e9s <a href=\"https:\/\/cdnoticias.com\/index.php\/2020\/10\/04\/por-que-nos-accidentamos\/\" target=\"_blank\" rel=\"noopener\">chequear ac\u00e1<\/a>. <strong>Falsear los datos o tener un diagn\u00f3stico equivocado puede ser un problema a la hora de pensar pol\u00edticas p\u00fablicas.<\/strong><\/p>\n<p>&nbsp;<\/p>\n<p><img data-recalc-dims=\"1\" loading=\"lazy\" decoding=\"async\" class=\"size-large wp-image-105741 aligncenter\" src=\"https:\/\/i0.wp.com\/cdnoticias.com\/wp-content\/uploads\/2024\/01\/mapa-de-mortalidad-por-sinietsros-viales-2022-argentina.jpg?resize=800%2C998&#038;ssl=1\" alt=\"\" width=\"800\" height=\"998\" srcset=\"https:\/\/i0.wp.com\/cdnoticias.com\/wp-content\/uploads\/2024\/01\/mapa-de-mortalidad-por-sinietsros-viales-2022-argentina.jpg?resize=821%2C1024&amp;ssl=1 821w, https:\/\/i0.wp.com\/cdnoticias.com\/wp-content\/uploads\/2024\/01\/mapa-de-mortalidad-por-sinietsros-viales-2022-argentina.jpg?resize=240%2C300&amp;ssl=1 240w, https:\/\/i0.wp.com\/cdnoticias.com\/wp-content\/uploads\/2024\/01\/mapa-de-mortalidad-por-sinietsros-viales-2022-argentina.jpg?resize=768%2C958&amp;ssl=1 768w, https:\/\/i0.wp.com\/cdnoticias.com\/wp-content\/uploads\/2024\/01\/mapa-de-mortalidad-por-sinietsros-viales-2022-argentina.jpg?w=1000&amp;ssl=1 1000w\" sizes=\"auto, (max-width: 800px) 100vw, 800px\" \/><\/p>\n<p>&nbsp;<\/p>\n<h2>\u00bfDe qu\u00e9 vamos a hablar en 2024?<\/h2>\n<p>&nbsp;<\/p>\n<p>La idea desde este espacio es invitarte a pensar algunos de los temas de la actualidad y por qu\u00e9 no del futuro, el pr\u00f3ximo a\u00f1o hablaremos de unos temas que me vienen desvelando hace rato como la<em> inteligencia artificial aplicada a las ciudades, la desigualdad, los veh\u00edculos aut\u00f3nomos<\/em>, cu\u00e1les son los desaf\u00edos del <em>cambio clim\u00e1tico<\/em> y <em>qu\u00e9 consecuencias tienen en las ciudades la aplicaci\u00f3n de las pol\u00edticas actuales<\/em>.<\/p>\n<p>&nbsp;<\/p>\n<p>Tambi\u00e9n voy a tratar de dejarte alguna recomendaci\u00f3n de algo que haya le\u00eddo entre semana, como por ejemplo esta <a href=\"https:\/\/www.eldiarioar.com\/opinion\/patron-vereda_129_10798762.html\" target=\"_blank\" rel=\"noopener\">columna<\/a> de <strong>Karina Niebla<\/strong> en el <strong>Diario Ar<\/strong>.<\/p>\n<p>&nbsp;<\/p>\n<p>Espero haberte invitado a leer lo que sigue, en enero me voy a tomar un descanso, pero en febrero nos volvemos a encontrar con algo de lo prometido.<\/p>\n<p>&nbsp;<\/p>\n<p>Que tengas un feliz a\u00f1o y nos volvemos a leer en el 2024.<\/p>\n<p>&nbsp;<\/p>\n<p>Gracias por compartir otro a\u00f1o de lectura.<\/p>\n<p>&nbsp;<\/p>\n","protected":false},"excerpt":{"rendered":"<p>Un repaso de las columnas de Marcos Pascua publicadas por Central de Noticias durante el a\u00f1o. El balance y los<\/p>\n","protected":false},"author":4,"featured_media":105743,"comment_status":"closed","ping_status":"closed","sticky":false,"template":"","format":"standard","meta":{"_jetpack_memberships_contains_paid_content":false,"footnotes":""},"categories":[5,1],"tags":[],"class_list":["post-105738","post","type-post","status-publish","format-standard","has-post-thumbnail","hentry","category-informacion-general","category-portada"],"jetpack_featured_media_url":"https:\/\/i0.wp.com\/cdnoticias.com\/wp-content\/uploads\/2024\/01\/seguridad-vial-desafios-contemporaneos.jpg?fit=1200%2C668&ssl=1","jetpack_sharing_enabled":true,"_links":{"self":[{"href":"https:\/\/cdnoticias.com\/index.php\/wp-json\/wp\/v2\/posts\/105738","targetHints":{"allow":["GET"]}}],"collection":[{"href":"https:\/\/cdnoticias.com\/index.php\/wp-json\/wp\/v2\/posts"}],"about":[{"href":"https:\/\/cdnoticias.com\/index.php\/wp-json\/wp\/v2\/types\/post"}],"author":[{"embeddable":true,"href":"https:\/\/cdnoticias.com\/index.php\/wp-json\/wp\/v2\/users\/4"}],"replies":[{"embeddable":true,"href":"https:\/\/cdnoticias.com\/index.php\/wp-json\/wp\/v2\/comments?post=105738"}],"version-history":[{"count":0,"href":"https:\/\/cdnoticias.com\/index.php\/wp-json\/wp\/v2\/posts\/105738\/revisions"}],"wp:featuredmedia":[{"embeddable":true,"href":"https:\/\/cdnoticias.com\/index.php\/wp-json\/wp\/v2\/media\/105743"}],"wp:attachment":[{"href":"https:\/\/cdnoticias.com\/index.php\/wp-json\/wp\/v2\/media?parent=105738"}],"wp:term":[{"taxonomy":"category","embeddable":true,"href":"https:\/\/cdnoticias.com\/index.php\/wp-json\/wp\/v2\/categories?post=105738"},{"taxonomy":"post_tag","embeddable":true,"href":"https:\/\/cdnoticias.com\/index.php\/wp-json\/wp\/v2\/tags?post=105738"}],"curies":[{"name":"wp","href":"https:\/\/api.w.org\/{rel}","templated":true}]}}