{"id":10572,"date":"2021-01-06T08:32:26","date_gmt":"2021-01-06T11:32:26","guid":{"rendered":"http:\/\/www.centraldenoticias.com.ar\/?p=10572"},"modified":"2021-01-06T10:20:26","modified_gmt":"2021-01-06T13:20:26","slug":"proponen-que-fanazul-detecte-y-retire-amianto-de-escuelas-bonaerenses","status":"publish","type":"post","link":"https:\/\/cdnoticias.com\/index.php\/2021\/01\/06\/proponen-que-fanazul-detecte-y-retire-amianto-de-escuelas-bonaerenses\/","title":{"rendered":"Proponen que Fanazul detecte y retire amianto de escuelas bonaerenses"},"content":{"rendered":"<p>La f\u00e1brica ya reincorpor\u00f3 a nueve trabajadores y busca nuevos perfiles productivos.<!--more--><\/p>\n<hr \/>\n<p>Vanina Zurita, dirigente de la Asociaci\u00f3n de Trabajadores del Estado (ATE), sostuvo que<strong> la planta de Fabricaciones Militares en Azul (Fanazul) podr\u00eda dedicarse a la \u201cdetecci\u00f3n\u201d y \u201cextracci\u00f3n\u201d de amianto (un material nocivo para la salud) en escuelas<\/strong> de la provincia de Buenos Aires.<\/p>\n<p>\u201cA los \u00faltimos anuncios realizados por el gobernador Axel Kicillof respecto al presupuesto para infraestructura escolar, lo que le propusimos es algo que viene siendo una necesidad y que desde nuestra organizaci\u00f3n venimos trabajando desde hace mucho tiempo: la detecci\u00f3n y la extracci\u00f3n de amianto en muchos edificios educativos\u201d, indic\u00f3 la gremialista en una entrevista con el diario azule\u00f1o El Tiempo.<\/p>\n<p>El amianto o asbesto es un material de fibras de distintos compuestos que se utiliz\u00f3 para productos de construcci\u00f3n. <strong>Es considerado un material cancer\u00edgeno y Argentina prohibi\u00f3 su uso en el a\u00f1o 2001.<\/strong><\/p>\n<p>Tal como viene indicando DIB, <strong>el Ministerio de Defensa de la Naci\u00f3n, a cargo de Agust\u00edn Rossi, trabaja desde hace varios meses en la reapertura de Fanazul<\/strong>, la f\u00e1brica que dej\u00f3 a m\u00e1s de 200 trabajadores en la calle tras su cierre a principios de 2018.<\/p>\n<p><img data-recalc-dims=\"1\" loading=\"lazy\" decoding=\"async\" class=\"aligncenter wp-image-10573 size-full\" src=\"https:\/\/i0.wp.com\/cdnoticias.com\/wp-content\/uploads\/2021\/01\/fanazul.jpg?resize=800%2C447&#038;ssl=1\" alt=\"\" width=\"800\" height=\"447\" srcset=\"https:\/\/i0.wp.com\/cdnoticias.com\/wp-content\/uploads\/2021\/01\/fanazul.jpg?w=800&amp;ssl=1 800w, https:\/\/i0.wp.com\/cdnoticias.com\/wp-content\/uploads\/2021\/01\/fanazul.jpg?resize=300%2C168&amp;ssl=1 300w, https:\/\/i0.wp.com\/cdnoticias.com\/wp-content\/uploads\/2021\/01\/fanazul.jpg?resize=768%2C429&amp;ssl=1 768w\" sizes=\"auto, (max-width: 800px) 100vw, 800px\" \/><\/p>\n<p><strong>La empresa ya reincorpor\u00f3 a nueve exempleados<\/strong> y en una primera instancia la planta se dedicar\u00e1 a la destrucci\u00f3n de chalecos antibalas, aunque tambi\u00e9n vienen sonando otras posibilidades productivas como la desmilitarizaci\u00f3n (destrucci\u00f3n y disposici\u00f3n final de todo tipo de armamentos y municiones) y el cultivo de cannabis medicinal.<\/p>\n<p>Zurita indic\u00f3 que desde ATE presentaron adem\u00e1s un proyecto para que Fabricaciones Militares (no s\u00f3lo en la planta de Azul) conforme \u201c<strong>una empresa binacional<\/strong> entre Argentina y Bolivia para la extracci\u00f3n y la industrializaci\u00f3n del litio y electromovilidad, para lo que tiene que ver con la producci\u00f3n de bater\u00edas\u201d. \u201cEso incluso ya est\u00e1 hablado con Evo Morales\u201d, sostuvo.<\/p>\n<p><strong>Tras los despidos en 2018, Fanazul hab\u00eda quedado con 16 empleados<\/strong>: algunos estaban en planta permanente y otros ten\u00edan fueros gremiales. A estos, se le suman nueve reincorporados. \u201cEst\u00e1 claro que el tema de la pandemia ha hecho todo m\u00e1s lento, pero nosotros seguimos insistiendo en que creemos que algunos tiempos tienen que acelerarse m\u00e1s\u201d, agreg\u00f3 la sindicalista sobre el proceso de reapertura.<\/p>\n<p><em>Fuente: DIB<\/em><\/p>\n<p><em>Fotos: Diario El Tiempo y Central de Noticias<\/em><\/p>\n","protected":false},"excerpt":{"rendered":"<p>La f\u00e1brica ya reincorpor\u00f3 a nueve trabajadores y busca nuevos perfiles productivos.<\/p>\n","protected":false},"author":4,"featured_media":10574,"comment_status":"closed","ping_status":"closed","sticky":false,"template":"","format":"standard","meta":{"_jetpack_memberships_contains_paid_content":false,"footnotes":""},"categories":[6,1],"tags":[],"class_list":["post-10572","post","type-post","status-publish","format-standard","has-post-thumbnail","hentry","category-nacionales","category-portada"],"jetpack_featured_media_url":"https:\/\/i0.wp.com\/cdnoticias.com\/wp-content\/uploads\/2021\/01\/fanazul-1609754687-696x391.jpg?fit=696%2C391&ssl=1","jetpack_sharing_enabled":true,"_links":{"self":[{"href":"https:\/\/cdnoticias.com\/index.php\/wp-json\/wp\/v2\/posts\/10572","targetHints":{"allow":["GET"]}}],"collection":[{"href":"https:\/\/cdnoticias.com\/index.php\/wp-json\/wp\/v2\/posts"}],"about":[{"href":"https:\/\/cdnoticias.com\/index.php\/wp-json\/wp\/v2\/types\/post"}],"author":[{"embeddable":true,"href":"https:\/\/cdnoticias.com\/index.php\/wp-json\/wp\/v2\/users\/4"}],"replies":[{"embeddable":true,"href":"https:\/\/cdnoticias.com\/index.php\/wp-json\/wp\/v2\/comments?post=10572"}],"version-history":[{"count":0,"href":"https:\/\/cdnoticias.com\/index.php\/wp-json\/wp\/v2\/posts\/10572\/revisions"}],"wp:featuredmedia":[{"embeddable":true,"href":"https:\/\/cdnoticias.com\/index.php\/wp-json\/wp\/v2\/media\/10574"}],"wp:attachment":[{"href":"https:\/\/cdnoticias.com\/index.php\/wp-json\/wp\/v2\/media?parent=10572"}],"wp:term":[{"taxonomy":"category","embeddable":true,"href":"https:\/\/cdnoticias.com\/index.php\/wp-json\/wp\/v2\/categories?post=10572"},{"taxonomy":"post_tag","embeddable":true,"href":"https:\/\/cdnoticias.com\/index.php\/wp-json\/wp\/v2\/tags?post=10572"}],"curies":[{"name":"wp","href":"https:\/\/api.w.org\/{rel}","templated":true}]}}