{"id":105718,"date":"2024-01-02T20:04:10","date_gmt":"2024-01-02T23:04:10","guid":{"rendered":"https:\/\/cdnoticias.com\/?p=105718"},"modified":"2024-01-03T10:53:52","modified_gmt":"2024-01-03T13:53:52","slug":"esperan-mas-de-15-000-personas-en-la-59-fiesta-de-los-reyes-magos-en-sierras-bayas","status":"publish","type":"post","link":"https:\/\/cdnoticias.com\/index.php\/2024\/01\/02\/esperan-mas-de-15-000-personas-en-la-59-fiesta-de-los-reyes-magos-en-sierras-bayas\/","title":{"rendered":"Esperan m\u00e1s de 15.000 personas en la 59\u00b0 Fiesta de los Reyes Magos en Sierras Bayas"},"content":{"rendered":"\n<p>Comenzar\u00e1 el viernes desde las 18 y se extender\u00e1 hasta cerca de la medianoche. Con oferta de bandas, shows y la tradicional entrega de regalos, la localidad se prepara para un evento que ya es un cl\u00e1sico del distrito.<\/p>\n\n\n\n<hr class=\"wp-block-separator aligncenter has-alpha-channel-opacity\"\/>\n\n\n\n<p>Este viernes 5 de enero se llevar\u00e1 a cabo la <strong>Fiesta de los Reyes Magos en su 59\u00b0 edici\u00f3n<\/strong>. El evento se organiza desde 1965 por iniciativa de la comunidad de la localidad de Sierras Bayas.<\/p>\n\n\n\n<p><strong>Ver\u00f3nica Ruybal<\/strong>, secretaria de la comisi\u00f3n organizadora, coment\u00f3 a Central de Noticias que las expectativas <strong>\u201cson muchas, como cada a\u00f1o que bajan los Reyes Magos. Es mucho trabajo, muchas horas de esfuerzo, pero a su vez es muy gratificante\u201d<\/strong>.<\/p>\n\n\n\n<blockquote class=\"wp-block-quote is-layout-flow wp-block-quote-is-layout-flow\">\n<p>Ruybal anticip\u00f3 que \u201cel Pesebre Viviente va a contar con m\u00e1s de 50 personas en escena, que son vecinos de Sierras Bayas y Olavarr\u00eda y que pertenecen a la catequesis familiar. La bajada de los Reyes Magos cuenta con casi 50 personas tambi\u00e9n, que son los pajes, los palafreneros que acompa\u00f1an a los Reyes y la estrella\u201d.<\/p>\n<\/blockquote>\n\n\n\n<p>\u201c<strong>Esperamos m\u00e1s o menos entre 15.000 a 20.000 personas.<\/strong> Por ah\u00ed nos sorprenden y es m\u00e1s la gente\u201d reconoci\u00f3.<\/p>\n\n\n\n<figure class=\"wp-block-image aligncenter size-large\"><img data-recalc-dims=\"1\" loading=\"lazy\" decoding=\"async\" width=\"800\" height=\"533\" src=\"https:\/\/i0.wp.com\/cdnoticias.com\/wp-content\/uploads\/2022\/01\/fiesta-de-reyes-sierras-bayas-1.jpeg?resize=800%2C533&#038;ssl=1\" alt=\"\" class=\"wp-image-43344\" srcset=\"https:\/\/i0.wp.com\/cdnoticias.com\/wp-content\/uploads\/2022\/01\/fiesta-de-reyes-sierras-bayas-1.jpeg?resize=1024%2C682&amp;ssl=1 1024w, https:\/\/i0.wp.com\/cdnoticias.com\/wp-content\/uploads\/2022\/01\/fiesta-de-reyes-sierras-bayas-1.jpeg?resize=300%2C200&amp;ssl=1 300w, https:\/\/i0.wp.com\/cdnoticias.com\/wp-content\/uploads\/2022\/01\/fiesta-de-reyes-sierras-bayas-1.jpeg?resize=768%2C512&amp;ssl=1 768w, https:\/\/i0.wp.com\/cdnoticias.com\/wp-content\/uploads\/2022\/01\/fiesta-de-reyes-sierras-bayas-1.jpeg?resize=272%2C182&amp;ssl=1 272w, https:\/\/i0.wp.com\/cdnoticias.com\/wp-content\/uploads\/2022\/01\/fiesta-de-reyes-sierras-bayas-1.jpeg?w=1280&amp;ssl=1 1280w\" sizes=\"auto, (max-width: 800px) 100vw, 800px\" \/><\/figure>\n\n\n\n<p>El cronograma del 5 de enero ser\u00e1 el siguiente:<\/p>\n\n\n\n<p><strong>18:00 hs: Juan Banegas<\/strong><\/p>\n\n\n\n<p><strong>18:30 hs: Banda \u201cTijuana\u201d<\/strong><\/p>\n\n\n\n<p><strong>19:00 hs: Misa en el Templo<\/strong><\/p>\n\n\n\n<p><strong>19:40 hs: Grupo \u201cLos Chuma\u201d<\/strong><\/p>\n\n\n\n<p><strong>20:30 hs: \u201cElvira Cocha\u201d Show infantil<\/strong><\/p>\n\n\n\n<p><strong>21:00 hs: Bendici\u00f3n de la Fiesta<\/strong><\/p>\n\n\n\n<p><strong>21:15 hs: Recreaci\u00f3n del Pesebre Viviente<\/strong><\/p>\n\n\n\n<p><strong>22:00 hs: Bajada de los Reyes Magos<\/strong><\/p>\n\n\n\n<p><strong>23:00 hs: Entrega de regalos<\/strong><\/p>\n\n\n\n<p><strong>23:30 hs: La Familia Bermudez<\/strong><\/p>\n\n\n\n<p><h2>Declaraci\u00f3n de inter\u00e9s<\/h2><\/p>\n\n\n\n<p>En la \u00faltima Sesi\u00f3n Extraordinaria del HCD el bloque de <strong>Uni\u00f3n por la Patria<\/strong> present\u00f3 un proyecto para <em><strong>declarar de inter\u00e9s legislativo la 59\u00b0 edici\u00f3n de la fiesta<\/strong><\/em>.<\/p>\n\n\n\n<p>\u201c<em>Para el pueblo de Sierras Bayas es una fiesta muy importante. Desde el 2018 pas\u00f3 a estar en el calendario de actividades culturales municipales y tambi\u00e9n le da un desarrollo tur\u00edstico de inter\u00e9s cultural a toda la localidad<\/em>\u201d se\u00f1al\u00f3 <strong>Telma Cazot<\/strong>, quien present\u00f3 el proyecto.<\/p>\n\n\n\n<p>La concejala, oriunda de la localidad, mencion\u00f3 que su padre fue parte del grupo pionero en organizar la Fiesta de Reyes. \u201c<strong>Es una fiesta popular que re\u00fane a muchas familias de Olavarr\u00eda y de otras ciudades, participa toda la comunidad<\/strong>\u201d agreg\u00f3.<\/p>\n\n\n\n<figure class=\"wp-block-image aligncenter size-large\"><img data-recalc-dims=\"1\" loading=\"lazy\" decoding=\"async\" width=\"800\" height=\"533\" src=\"https:\/\/i0.wp.com\/cdnoticias.com\/wp-content\/uploads\/2022\/01\/fiesta-de-reyes-sierras-bayas-9.jpeg?resize=800%2C533&#038;ssl=1\" alt=\"\" class=\"wp-image-43352\" srcset=\"https:\/\/i0.wp.com\/cdnoticias.com\/wp-content\/uploads\/2022\/01\/fiesta-de-reyes-sierras-bayas-9.jpeg?resize=1024%2C682&amp;ssl=1 1024w, https:\/\/i0.wp.com\/cdnoticias.com\/wp-content\/uploads\/2022\/01\/fiesta-de-reyes-sierras-bayas-9.jpeg?resize=300%2C200&amp;ssl=1 300w, https:\/\/i0.wp.com\/cdnoticias.com\/wp-content\/uploads\/2022\/01\/fiesta-de-reyes-sierras-bayas-9.jpeg?resize=768%2C512&amp;ssl=1 768w, https:\/\/i0.wp.com\/cdnoticias.com\/wp-content\/uploads\/2022\/01\/fiesta-de-reyes-sierras-bayas-9.jpeg?resize=272%2C182&amp;ssl=1 272w, https:\/\/i0.wp.com\/cdnoticias.com\/wp-content\/uploads\/2022\/01\/fiesta-de-reyes-sierras-bayas-9.jpeg?w=1280&amp;ssl=1 1280w\" sizes=\"auto, (max-width: 800px) 100vw, 800px\" \/><\/figure>\n\n\n\n<p>Por \u00faltimo, Ruybal se\u00f1al\u00f3 que \u201c<em><strong>armar la fiesta es todo un desaf\u00edo y m\u00e1s en este momento por la situaci\u00f3n econ\u00f3mica que se vive<\/strong>, pero nosotros apostamos a que se cumpla. Estamos a escasos 3 d\u00edas de que ese sue\u00f1o y la magia se apodere de Sierras Bayas, como cada 5 de enero, y <strong>con muchas ansias de que llegue esa noche para haber reflejado el trabajo de todo un a\u00f1o<\/strong><\/em>\u201d.<\/p>\n\n\n\n<p>\u201cTrabajamos en conjunto con el delegado municipal <strong>Alejandro Pereyra<\/strong> y su personal, con las empresas que colaboran tanto en publicidad como en prestar sus herramientas de trabajo para montar todo lo que es el predio. Agradecemos tambi\u00e9n a la gesti\u00f3n de <strong>Maximiliano Wesner<\/strong> que nos apoya en un momento dif\u00edcil para esta fiesta\u201d finaliz\u00f3.<\/p>\n\n\n\n<p>Por consultas: 2284305307<\/p>\n","protected":false},"excerpt":{"rendered":"<p>Comenzar\u00e1 el viernes desde las 18 y se extender\u00e1 hasta cerca de la medianoche. Con oferta de bandas, shows y<\/p>\n","protected":false},"author":2,"featured_media":43357,"comment_status":"closed","ping_status":"closed","sticky":false,"template":"","format":"standard","meta":{"_jetpack_memberships_contains_paid_content":false,"footnotes":""},"categories":[5,1],"tags":[],"class_list":["post-105718","post","type-post","status-publish","format-standard","has-post-thumbnail","hentry","category-informacion-general","category-portada"],"jetpack_featured_media_url":"https:\/\/i0.wp.com\/cdnoticias.com\/wp-content\/uploads\/2022\/01\/fiesta-de-reyes-00.jpg?fit=800%2C446&ssl=1","jetpack_sharing_enabled":true,"_links":{"self":[{"href":"https:\/\/cdnoticias.com\/index.php\/wp-json\/wp\/v2\/posts\/105718","targetHints":{"allow":["GET"]}}],"collection":[{"href":"https:\/\/cdnoticias.com\/index.php\/wp-json\/wp\/v2\/posts"}],"about":[{"href":"https:\/\/cdnoticias.com\/index.php\/wp-json\/wp\/v2\/types\/post"}],"author":[{"embeddable":true,"href":"https:\/\/cdnoticias.com\/index.php\/wp-json\/wp\/v2\/users\/2"}],"replies":[{"embeddable":true,"href":"https:\/\/cdnoticias.com\/index.php\/wp-json\/wp\/v2\/comments?post=105718"}],"version-history":[{"count":0,"href":"https:\/\/cdnoticias.com\/index.php\/wp-json\/wp\/v2\/posts\/105718\/revisions"}],"wp:featuredmedia":[{"embeddable":true,"href":"https:\/\/cdnoticias.com\/index.php\/wp-json\/wp\/v2\/media\/43357"}],"wp:attachment":[{"href":"https:\/\/cdnoticias.com\/index.php\/wp-json\/wp\/v2\/media?parent=105718"}],"wp:term":[{"taxonomy":"category","embeddable":true,"href":"https:\/\/cdnoticias.com\/index.php\/wp-json\/wp\/v2\/categories?post=105718"},{"taxonomy":"post_tag","embeddable":true,"href":"https:\/\/cdnoticias.com\/index.php\/wp-json\/wp\/v2\/tags?post=105718"}],"curies":[{"name":"wp","href":"https:\/\/api.w.org\/{rel}","templated":true}]}}