{"id":105674,"date":"2023-12-31T22:42:04","date_gmt":"2024-01-01T01:42:04","guid":{"rendered":"https:\/\/cdnoticias.com\/?p=105674"},"modified":"2024-01-01T10:28:40","modified_gmt":"2024-01-01T13:28:40","slug":"un-repaso-por-las-principales-noticias-de-2023-en-olavarria","status":"publish","type":"post","link":"https:\/\/cdnoticias.com\/index.php\/2023\/12\/31\/un-repaso-por-las-principales-noticias-de-2023-en-olavarria\/","title":{"rendered":"Un repaso por las principales noticias de 2023 en Olavarr\u00eda"},"content":{"rendered":"<p>Cambios importantes tras el proceso electoral, protestas y reclamos, los espect\u00e1culos y las muertes violentas que sacudieron a la comunidad. El a\u00f1o que termina dej\u00f3 noticias destacadas de distinta \u00edndole. El repaso mes por mes.<\/p>\n<p><!--more--><\/p>\n<hr \/>\n<p><img data-recalc-dims=\"1\" loading=\"lazy\" decoding=\"async\" class=\"alignnone size-full wp-image-73843\" src=\"https:\/\/i0.wp.com\/cdnoticias.com\/wp-content\/uploads\/2022\/12\/01-anuario-2022-3.jpeg?resize=800%2C163&#038;ssl=1\" alt=\"\" width=\"800\" height=\"163\" srcset=\"https:\/\/i0.wp.com\/cdnoticias.com\/wp-content\/uploads\/2022\/12\/01-anuario-2022-3.jpeg?w=800&amp;ssl=1 800w, https:\/\/i0.wp.com\/cdnoticias.com\/wp-content\/uploads\/2022\/12\/01-anuario-2022-3.jpeg?resize=300%2C61&amp;ssl=1 300w, https:\/\/i0.wp.com\/cdnoticias.com\/wp-content\/uploads\/2022\/12\/01-anuario-2022-3.jpeg?resize=768%2C156&amp;ssl=1 768w\" sizes=\"auto, (max-width: 800px) 100vw, 800px\" \/><\/p>\n<p>El 2 de enero, <strong>uno de los acusados en la causa terrenos, Claudio Peralta,<a href=\"https:\/\/cdnoticias.com\/index.php\/2023\/01\/02\/claudio-peralta-se-entrego-con-manos-en-alto-y-fue-trasladado-por-una-ambulancia-del-same\/\" target=\"_blank\" rel=\"noopener\"> se atrincher\u00f3 en un comercio<\/a> <\/strong>en lo que fue una confusa situaci\u00f3n con diversas lecturas y <a href=\"https:\/\/cdnoticias.com\/index.php\/2023\/01\/02\/tras-entregarse-claudio-peralta-hubo-represion-con-periodistas-heridos\/\" target=\"_blank\" rel=\"noopener\">derivaciones<\/a>. El episodio se extendi\u00f3 por pocas horas en Urquiza y Rufino Fal hasta que el hombre se entreg\u00f3. Tras el caso hubo <a href=\"https:\/\/cdnoticias.com\/index.php\/2023\/01\/03\/denunciaron-que-la-causa-por-la-venta-ilegal-de-terrenos-en-olavarria-esta-paralizada\/\" target=\"_blank\" rel=\"noopener\">varios cruces<\/a> entre el oficialismo y la <a href=\"https:\/\/cdnoticias.com\/index.php\/2023\/01\/03\/causa-terrenos-silencios-que-aturden-y-una-justicia-que-no-da-respuesta\/\">oposici\u00f3n<\/a> sobre el avance o no de la investigaci\u00f3n penal, y hasta la<a href=\"https:\/\/cdnoticias.com\/index.php\/2023\/01\/04\/fiscal-serrano-prefiero-trabajar-sobre-seguro-y-no-ir-con-los-tiempos-que-otros-tienen\/\"> fiscal Paula Serrano dio a conocer algunos aspectos de la causa<\/a>. Ella misma hab\u00eda presentado <a href=\"https:\/\/cdnoticias.com\/index.php\/2023\/01\/03\/causa-de-los-terrenos-la-fiscal-serrano-recibio-una-carta-anonima-coactiva\/\">una denuncia por coacci\u00f3n<\/a>.<\/p>\n<p><strong>El 18 de enero se entregaron 20 viviendas del programa municipal TUVI<\/strong>. Fue la primera entrega del a\u00f1o, de las casas de construcci\u00f3n tradicional. Ezequiel Galli fue el \u00fanico orador del acto y respondi\u00f3 a las cr\u00edticas de la oposici\u00f3n sobre el programa: <a href=\"https:\/\/cdnoticias.com\/index.php\/2023\/01\/19\/nunca-vamos-a-chicanear-con-una-vivienda-de-una-familia\/\">\u201cNunca vamos a chicanear con una vivienda de una familia\u201d<\/a>. En tanto, en esos mismos d\u00edas segu\u00eda a pol\u00e9mica por las viviendas industrializadas y <a href=\"https:\/\/cdnoticias.com\/index.php\/2023\/01\/21\/tuvi-industrializadas-hay-4-viviendas-con-las-que-no-estan-conformes\/\" target=\"_blank\" rel=\"noopener\">los adjudicatarios presionaban sobre los funcionarios del \u00e1rea de Obras P\u00fablicas<\/a>, que los recibieron y dieron respuestas.<\/p>\n<p><strong>Los primeros d\u00edas de enero de 2023 marcaron un pico en la crisis empresarial de diario El Popular.<\/strong> <a href=\"https:\/\/cdnoticias.com\/index.php\/2023\/01\/10\/centenares-de-personas-acompanaron-a-las-trabajadoras-y-trabajadores-de-el-popular\/\" target=\"_blank\" rel=\"noopener\">Una masiva manifestaci\u00f3n<\/a> mostr\u00f3 el apoyo de la comunidad a los trabajadores y puso el foco en lo que sigui\u00f3: la continuidad de medidas de fuerza y la salida de la mayor\u00eda de los empleados del medio con el inicio de numerosos juicios laborales. La crisis no par\u00f3 de crecer: en julio<a href=\"https:\/\/cdnoticias.com\/index.php\/2023\/07\/04\/decretaron-la-quiebra-de-diario-el-popular-de-olavarria\/\" target=\"_blank\" rel=\"noopener\"> la Justicia del Fuero Civil decret\u00f3 la quiebra<\/a> y en septiembre, <a href=\"https:\/\/cdnoticias.com\/index.php\/2023\/09\/06\/clausuraron-la-sede-de-el-popular-medios\/\">se dispuso la clausura<\/a>. Todos los procesos judiciales -civiles, comerciales, laborales y penales- contin\u00faan.<\/p>\n<p><img data-recalc-dims=\"1\" loading=\"lazy\" decoding=\"async\" class=\"alignnone size-full wp-image-73844\" src=\"https:\/\/i0.wp.com\/cdnoticias.com\/wp-content\/uploads\/2022\/12\/02-anuario-2022-2.jpeg?resize=800%2C163&#038;ssl=1\" alt=\"\" width=\"800\" height=\"163\" srcset=\"https:\/\/i0.wp.com\/cdnoticias.com\/wp-content\/uploads\/2022\/12\/02-anuario-2022-2.jpeg?w=800&amp;ssl=1 800w, https:\/\/i0.wp.com\/cdnoticias.com\/wp-content\/uploads\/2022\/12\/02-anuario-2022-2.jpeg?resize=300%2C61&amp;ssl=1 300w, https:\/\/i0.wp.com\/cdnoticias.com\/wp-content\/uploads\/2022\/12\/02-anuario-2022-2.jpeg?resize=768%2C156&amp;ssl=1 768w\" sizes=\"auto, (max-width: 800px) 100vw, 800px\" \/><\/p>\n<p>En el inicio del segundo mes del a\u00f1o, <strong>los principales dirigentes del PRO bonaerense se reunieron en Sierras Bayas<\/strong> con Ezequiel Galli como anfitri\u00f3n. Fue el inicio del a\u00f1o electoral para el partido que ten\u00eda para ese momento varios referentes interesados en competir por la Gobernaci\u00f3n bonaerense, y <a href=\"https:\/\/cdnoticias.com\/index.php\/2023\/02\/03\/reunion-del-pro-en-sierras-bayas-gestion-y-coparticipacion-los-temas\/\">al mismo tiempo plantearon sus temas de discusi\u00f3n con la gesti\u00f3n de Axel Kicillof.<\/a><\/p>\n<p><strong>Los Corsos Oficiales abrieron el calendario municipal de festejos:<\/strong> <a href=\"https:\/\/cdnoticias.com\/index.php\/2023\/02\/22\/con-masiva-concurrencia-cerraron-los-corsos-oficiales-2023\/\">miles de olavarrienses se dieron cita en las tres noches<\/a> en el Cors\u00f3dromo que se dieron el 11 y 12 de febrero y el 22 de febrero. La tercera noche tuvo que ser reprogramada por las condiciones clim\u00e1ticas que impidieron su desarrollo en la fecha original.<\/p>\n<p><strong>En Urquiza y Del Valle un siniestro vial dej\u00f3 un ciclista fallecido el 16 de febrero.<\/strong> <a href=\"https:\/\/cdnoticias.com\/index.php\/2023\/02\/16\/se-confirmo-la-identidad-del-ciclista-fallecido-en-del-valle-y-urquiza\/\" target=\"_blank\" rel=\"noopener\">Fue arrollado por un cami\u00f3n<\/a> en la rotonda en circunstancias que fueron dif\u00edciles de dilucidar.<\/p>\n<p><strong>Una de las primeras visitas de ministros del a\u00f1o: Nicol\u00e1s Kreplak, de Salud bonaerense<\/strong>, estuvo en la sede del Hospital de Oncolog\u00eda y tambi\u00e9n estuvo reunido con el intendente Ezequiel Galli.<\/p>\n<p><img data-recalc-dims=\"1\" loading=\"lazy\" decoding=\"async\" class=\"alignnone size-full wp-image-73845\" src=\"https:\/\/i0.wp.com\/cdnoticias.com\/wp-content\/uploads\/2022\/12\/03-anuario-2022-11.jpeg?resize=800%2C163&#038;ssl=1\" alt=\"\" width=\"800\" height=\"163\" srcset=\"https:\/\/i0.wp.com\/cdnoticias.com\/wp-content\/uploads\/2022\/12\/03-anuario-2022-11.jpeg?w=800&amp;ssl=1 800w, https:\/\/i0.wp.com\/cdnoticias.com\/wp-content\/uploads\/2022\/12\/03-anuario-2022-11.jpeg?resize=300%2C61&amp;ssl=1 300w, https:\/\/i0.wp.com\/cdnoticias.com\/wp-content\/uploads\/2022\/12\/03-anuario-2022-11.jpeg?resize=768%2C156&amp;ssl=1 768w\" sizes=\"auto, (max-width: 800px) 100vw, 800px\" \/><\/p>\n<p><strong>En los primeros d\u00edas de marzo se desarroll\u00f3 el tradicional Festival de Doma y Folklore<\/strong> que en esta edici\u00f3n, la 19\u00aa, tuvo su mayor convocatoria en la Sociedad Rural <a href=\"https:\/\/cdnoticias.com\/index.php\/2023\/03\/05\/abel-pintos-ilumino-la-segunda-noche-del-festival-de-doma-y-folclore\/\" target=\"_blank\" rel=\"noopener\">con la actuaci\u00f3n de Abel Pintos.<\/a> En la destacada grilla de actuaciones tambi\u00e9n estuvieron Los Tekis y Carlos Ram\u00f3n Fern\u00e1ndez, quienes fueron homenajeados.<\/p>\n<p><strong>El 1\u00ba de marzo se inauguraron las sesiones del Concejo Deliberante con el discurso del intendente Ezequiel Galli<\/strong>. <a href=\"https:\/\/cdnoticias.com\/index.php\/2023\/03\/01\/galli-el-ano-2022-no-fue-un-ano-facil-en-materia-economica\/\">\u201cEl a\u00f1o 2022 no fue un a\u00f1o f\u00e1cil si de materia econ\u00f3mica hablamos<\/a>, registr\u00e1ndose casi un 100% de inflaci\u00f3n anual, el registro m\u00e1s alto desde el a\u00f1o 1991\u201d, lanz\u00f3 Galli y se\u00f1al\u00f3 que a ra\u00edz de esta situaci\u00f3n y \u201cproducto de una administraci\u00f3n ordenada y de un arduo trabajo\u201d se ejecut\u00f3 \u201cel 99% de los ingresos totales, con un gasto de capital cercano a los 2.000 millones de pesos\u201d.<\/p>\n<p><strong>El 8M en Olavarr\u00eda estuvo en 2023 signado por un caso que conmovi\u00f3 a la comunidad<\/strong>: para ese d\u00eda <strong>Sof\u00eda Vicente<\/strong> llevaba varias jornadas desaparecida y <a href=\"https:\/\/cdnoticias.com\/index.php\/2023\/03\/12\/avanza-la-investigacion-del-femicidio-de-sofia-hay-dos-sospechados\/\" target=\"_blank\" rel=\"noopener\">se produjo el hallazgo de su cuerpo en un campo<\/a>. El crimen se configur\u00f3 como femicidio y poco despu\u00e9s se dictaron dos detenciones. Los acusados, Pablo Olalde y Ezequiel Gonz\u00e1lez contin\u00faan detenidos.<\/p>\n<p><strong>El 24 de marzo, D\u00eda de la Memoria, la Verdad y la Justicia<\/strong>, <a href=\"https:\/\/cdnoticias.com\/index.php\/2023\/03\/24\/con-tres-proyectos-en-carpeta-sesiona-el-hcd-en-monte-pelloni\/\">se realiz\u00f3 la sesi\u00f3n especial del HCD en Monte Peloni<\/a>. Tambi\u00e9n se present\u00f3 <a href=\"https:\/\/cdnoticias.com\/index.php\/2023\/03\/24\/dia-de-la-memoria-con-alegria-y-el-pedido-de-justicia-se-realizo-una-actividad-en-el-parque\/\">un festival en el Parque Mitre.<\/a><\/p>\n<p><img data-recalc-dims=\"1\" loading=\"lazy\" decoding=\"async\" class=\"alignnone size-full wp-image-73846\" src=\"https:\/\/i0.wp.com\/cdnoticias.com\/wp-content\/uploads\/2022\/12\/04-anuario-2022-6.jpeg?resize=800%2C163&#038;ssl=1\" alt=\"\" width=\"800\" height=\"163\" srcset=\"https:\/\/i0.wp.com\/cdnoticias.com\/wp-content\/uploads\/2022\/12\/04-anuario-2022-6.jpeg?w=800&amp;ssl=1 800w, https:\/\/i0.wp.com\/cdnoticias.com\/wp-content\/uploads\/2022\/12\/04-anuario-2022-6.jpeg?resize=300%2C61&amp;ssl=1 300w, https:\/\/i0.wp.com\/cdnoticias.com\/wp-content\/uploads\/2022\/12\/04-anuario-2022-6.jpeg?resize=768%2C156&amp;ssl=1 768w\" sizes=\"auto, (max-width: 800px) 100vw, 800px\" \/><\/p>\n<p><a href=\"https:\/\/cdnoticias.com\/index.php\/2023\/04\/03\/se-inauguro-el-edificio-de-artes-visuales-miguel-angel-galgano\/\">Con la presencia del Director General de Cultura y Educaci\u00f3n provincial, Alberto Sileoni<\/a>, <strong>se inaugur\u00f3 el edificio de la Escuela de Artes Visuales<\/strong>. \u201cVinimos a celebrar el valor del estado que es siempre el resguardo de los m\u00e1s sencillos\u201d dijo. Estuvo el intendente Ezequiel Galli y el funcionario provincial, Federico Aguilera, uno de los impulsores de las gestiones para que el establecimiento logre tener edificio propio despu\u00e9s de al menos tres d\u00e9cadas de reclamos en ese sentido.<\/p>\n<p><strong>A mediados de abril, Horacio Rodr\u00edguez Larreta se impulsaba como candidato preferido del PRO para competir por la presidencia<\/strong>. <a href=\"https:\/\/cdnoticias.com\/index.php\/2023\/04\/15\/horacio-rodriguez-larreta-la-inflacion-esta-matando-a-la-gente\/\" target=\"_blank\" rel=\"noopener\">Junto con Diego Santilli llegaron a Olavarr\u00eda para participar de una recorrida.<\/a><\/p>\n<p><img data-recalc-dims=\"1\" loading=\"lazy\" decoding=\"async\" class=\"alignnone size-full wp-image-73847\" src=\"https:\/\/i0.wp.com\/cdnoticias.com\/wp-content\/uploads\/2022\/12\/05-anuario-2022-10.jpeg?resize=800%2C163&#038;ssl=1\" alt=\"\" width=\"800\" height=\"163\" srcset=\"https:\/\/i0.wp.com\/cdnoticias.com\/wp-content\/uploads\/2022\/12\/05-anuario-2022-10.jpeg?w=800&amp;ssl=1 800w, https:\/\/i0.wp.com\/cdnoticias.com\/wp-content\/uploads\/2022\/12\/05-anuario-2022-10.jpeg?resize=300%2C61&amp;ssl=1 300w, https:\/\/i0.wp.com\/cdnoticias.com\/wp-content\/uploads\/2022\/12\/05-anuario-2022-10.jpeg?resize=768%2C156&amp;ssl=1 768w\" sizes=\"auto, (max-width: 800px) 100vw, 800px\" \/><\/p>\n<p><strong>La Unidad Piquetera<\/strong> impuls\u00f3 diversas manifestaciones a lo largo del a\u00f1o con reclamos a la gesti\u00f3n de Desarrollo Social local y nacional. Una de las m\u00e1s contundentes <a href=\"https:\/\/cdnoticias.com\/index.php\/2023\/05\/18\/la-unidad-piquetera-corto-las-vias-contundente-manifestacion-en-olavarria\/\" target=\"_blank\" rel=\"noopener\">se dio el 18 de mayo donde participaron el MTE, el Polo Obrero y FOL<\/a> para encabezar <strong>un corte de circulaci\u00f3n en las v\u00edas del ferrocarril a la altura de Col\u00f3n y Pringles.<\/strong><\/p>\n<p><strong>A mediados de mayo una importante cantidad de docentes, auxiliares, autoridades y comunidad educativa<\/strong> marcharon por la ciudad para pedir \u201cconcientizaci\u00f3n\u201d de los medios y el Estado ante el tratamiento de denuncias por <a href=\"https:\/\/cdnoticias.com\/index.php\/2023\/05\/15\/denuncias-de-abuso-en-jardines-masiva-manifestacion-de-docentes-autoconvocados\/\" target=\"_blank\" rel=\"noopener\">presuntos abusos en jardines de la ciudad.<\/a> Surgi\u00f3 del \u00faltimo caso conocido: hab\u00eda sido denunciada una docente del Jard\u00edn 901. La docente fue exonerada meses despu\u00e9s y la causa, desestimada.<\/p>\n<p><strong>A fines de mayo se conoci\u00f3 el avance de la causa penal que se sigue desde 2017 contra dos olavarrienses imputados por abuso sexual<\/strong> por las denuncias de seis v\u00edctimas. <a href=\"https:\/\/cdnoticias.com\/index.php\/2023\/05\/29\/abuso-casacion-dicto-la-prescripcion-de-la-causa-contra-los-hermanos-popp-y-la-defensa-apelo\/\" target=\"_blank\" rel=\"noopener\">Un fallo del Tribunal de Casaci\u00f3n de La Plata defini\u00f3 la prescripci\u00f3n de la causa<\/a> en virtud del tiempo transcurrido entre el momento en que se dieron los hechos y la efectivizaci\u00f3n de las denuncias. La defensa de las v\u00edctimas dio a conocer la apelaci\u00f3n. En la sede de Animate se cuestion\u00f3 que el accionar de los magistrados no tuvo \u201cperspectiva de g\u00e9nero\u201d, que fue \u201capresurado\u201d y que fue \u201ccontrario al sentido com\u00fan y a la l\u00f3gica\u201d.<\/p>\n<p><img data-recalc-dims=\"1\" loading=\"lazy\" decoding=\"async\" class=\"alignnone size-full wp-image-73848\" src=\"https:\/\/i0.wp.com\/cdnoticias.com\/wp-content\/uploads\/2022\/12\/06-anuario-2022-12.jpeg?resize=800%2C163&#038;ssl=1\" alt=\"\" width=\"800\" height=\"163\" srcset=\"https:\/\/i0.wp.com\/cdnoticias.com\/wp-content\/uploads\/2022\/12\/06-anuario-2022-12.jpeg?w=800&amp;ssl=1 800w, https:\/\/i0.wp.com\/cdnoticias.com\/wp-content\/uploads\/2022\/12\/06-anuario-2022-12.jpeg?resize=300%2C61&amp;ssl=1 300w, https:\/\/i0.wp.com\/cdnoticias.com\/wp-content\/uploads\/2022\/12\/06-anuario-2022-12.jpeg?resize=768%2C156&amp;ssl=1 768w\" sizes=\"auto, (max-width: 800px) 100vw, 800px\" \/><\/p>\n<p><strong>El 2 de junio se firmaron las escrituras de los terrenos linderos a favor de la Escuela Industrial<\/strong> tras meses de tironeos y disputas con el Municipio por la propiedad de las tierras. En d\u00edas previos se hab\u00eda confirmado que <a href=\"https:\/\/cdnoticias.com\/index.php\/2023\/06\/02\/en-un-hecho-historico-firmaron-las-escrituras-de-los-terrenos-linderos-a-favor-de-la-escuela-industrial\/\" target=\"_blank\" rel=\"noopener\">las resoluciones de los a\u00f1os 60\u2019 y 70\u2019 indicaban que los lotes eran \u201cgrasas\u201d.<\/a><\/p>\n<p><strong>El 3 de junio se produjo un incendio en un edificio de Moreno y Dorrego<\/strong>: el fuego se declar\u00f3 en el piso 11. <a href=\"https:\/\/cdnoticias.com\/index.php\/2023\/06\/03\/interviene-el-ministerio-publico-por-el-incendio-en-el-edificio-centrico\/\" target=\"_blank\" rel=\"noopener\">Interviene la UFI N\u00ba 4 que investig\u00f3 lo sucedido como \u201caveriguaci\u00f3n de il\u00edcito\u201d<\/a> y deriv\u00f3 en acusaciones sobre las condiciones edilicias y de habilitaci\u00f3n. Aquel d\u00eda, el hecho oblig\u00f3 a la asistencia de Bomberos y de salud, y tambi\u00e9n del Municipio para la asistencia a los vecinos del edificio.<\/p>\n<p>A mediados de mes<strong> vino Axel Kicillof a Olavarr\u00eda<\/strong> y, entre sus actividades, <strong>visit\u00f3 la obra de <a href=\"https:\/\/cdnoticias.com\/index.php\/2023\/06\/14\/polo-judicial-los-primeros-meses-de-obra-seran-para-reconstruir-lo-perdido\/\" target=\"_blank\" rel=\"noopener\">construcci\u00f3n del Polo Judicial<\/a><\/strong> que se hab\u00eda retomado el 29 de mayo, despu\u00e9s de a\u00f1os de haber estado parada por falta de financiaci\u00f3n y una investigaci\u00f3n judicial sobre la gesti\u00f3n de la ex gobernadora Vidal.<\/p>\n<p><strong>El 24 de junio fue el d\u00eda de cierre de listas.<\/strong> Como es habitual, a lo largo de toda la jornada los sectores fueron confirmando sus precandidatos. <a href=\"https:\/\/cdnoticias.com\/index.php\/2023\/07\/16\/se-oficializaron-las-listas-hay-18-precandidatos-a-intendente-de-olavarria\/\" target=\"_blank\" rel=\"noopener\">Un mes despu\u00e9s se oficializaron 18 listas de precandidatos a intendentes<\/a>, con tres PASO, y <a href=\"https:\/\/cdnoticias.com\/index.php\/2023\/06\/25\/ocho-precandidatos-competiran-en-las-paso-para-la-gobernacion-bonaerense\/\" target=\"_blank\" rel=\"noopener\">8 listas de candidatos a la gobernaci\u00f3n.<\/a><\/p>\n<p><strong>En el sexto mes de 2023 tom\u00f3 forma un esc\u00e1ndalo que afect\u00f3 a la gesti\u00f3n municipal y a la provincial<\/strong>: <a href=\"https:\/\/cdnoticias.com\/index.php\/2023\/06\/16\/licencias-de-conducir-apocrifas-con-toma-de-testimonios-y-pedidos-de-informe-avanza-la-investigacion\/\">se investiga la emisi\u00f3n de licencias de conducir ap\u00f3crifas<\/a> desde la UFI N\u00ba 10 local. Confluyeron una serie de denuncias de la Agencia de Seguridad Vial y del Municipio para impulsar el caso como \u201cfalsificaci\u00f3n de documento p\u00fablico\u201d. Adem\u00e1s, los dichos de un hombre acusado, un taxista portador de tal licencia falsa, <a href=\"https:\/\/cdnoticias.com\/index.php\/2023\/06\/22\/licencias-de-conducir-apocrifas-hay-que-separar-el-delito-de-la-politica\/\">derivaron en cruces entre el Frente de Todos y el Ejecutivo municipal.<\/a><\/p>\n<p><img data-recalc-dims=\"1\" loading=\"lazy\" decoding=\"async\" class=\"alignnone size-full wp-image-73849\" src=\"https:\/\/i0.wp.com\/cdnoticias.com\/wp-content\/uploads\/2022\/12\/07-anuario-2022-13.jpeg?resize=800%2C163&#038;ssl=1\" alt=\"\" width=\"800\" height=\"163\" srcset=\"https:\/\/i0.wp.com\/cdnoticias.com\/wp-content\/uploads\/2022\/12\/07-anuario-2022-13.jpeg?w=800&amp;ssl=1 800w, https:\/\/i0.wp.com\/cdnoticias.com\/wp-content\/uploads\/2022\/12\/07-anuario-2022-13.jpeg?resize=300%2C61&amp;ssl=1 300w, https:\/\/i0.wp.com\/cdnoticias.com\/wp-content\/uploads\/2022\/12\/07-anuario-2022-13.jpeg?resize=768%2C156&amp;ssl=1 768w\" sizes=\"auto, (max-width: 800px) 100vw, 800px\" \/><\/p>\n<p><strong>Durante el mes se desarrollaron los actos de presentaciones de listas:<\/strong> Hern\u00e1n Parra, Eduardo Rodr\u00edguez y Ezequiel Galli fueron algunos de los protagonistas.<\/p>\n<p><strong>A principios de julio los trabajadores municipales hicieron una demostraci\u00f3n de fuerza<\/strong>: <a href=\"https:\/\/cdnoticias.com\/index.php\/2023\/07\/05\/abrazo-al-hospital-queremos-aumento-el-pedido-de-los-municipales\/\" target=\"_blank\" rel=\"noopener\">una importante manifestaci\u00f3n frente al Hospital<\/a> donde se vio <strong>el regreso de \u201clos payasos\u201d<\/strong> para impulsar las cr\u00edticas y reclamos a la gesti\u00f3n municipal.<\/p>\n<p><strong>El <a href=\"https:\/\/cdnoticias.com\/index.php\/2023\/07\/17\/miles-de-olavarrienses-disfrutaron-del-segundo-festival-del-libro-de-olavarria\/\">Festival del Libro tuvo su segunda edici\u00f3n<\/a> con masiva convocatoria.<\/strong> Se concret\u00f3 durante tres d\u00edas en la Sociedad de Fomento Mariano Moreno y con el apoyo del Instituto Cultural de la provincia de Buenos Aires.<\/p>\n<p><img data-recalc-dims=\"1\" loading=\"lazy\" decoding=\"async\" class=\"alignnone size-full wp-image-73850\" src=\"https:\/\/i0.wp.com\/cdnoticias.com\/wp-content\/uploads\/2022\/12\/08-anuario-2022-5.jpeg?resize=800%2C163&#038;ssl=1\" alt=\"\" width=\"800\" height=\"163\" srcset=\"https:\/\/i0.wp.com\/cdnoticias.com\/wp-content\/uploads\/2022\/12\/08-anuario-2022-5.jpeg?w=800&amp;ssl=1 800w, https:\/\/i0.wp.com\/cdnoticias.com\/wp-content\/uploads\/2022\/12\/08-anuario-2022-5.jpeg?resize=300%2C61&amp;ssl=1 300w, https:\/\/i0.wp.com\/cdnoticias.com\/wp-content\/uploads\/2022\/12\/08-anuario-2022-5.jpeg?resize=768%2C156&amp;ssl=1 768w\" sizes=\"auto, (max-width: 800px) 100vw, 800px\" \/><\/p>\n<p>A pocos d\u00edas de las PASO, <strong>el 3 de agosto Patricia Bullrich estuvo en Olavarr\u00eda.<\/strong> <a href=\"https:\/\/cdnoticias.com\/index.php\/2023\/08\/03\/bullrich-massa-ha-pasado-de-ser-super-ministro-a-super-desastre\/\" target=\"_blank\" rel=\"noopener\">Fue la \u00fanica precandidata presidencial en llegar a la ciudad en campa\u00f1a<\/a> y result\u00f3 ganadora en el plano local.<\/p>\n<p><strong>El 13 de agosto se llevaron adelante las elecciones Primarias<\/strong> que dejaron <a href=\"https:\/\/cdnoticias.com\/index.php\/2023\/08\/17\/las-paso-2023-dejaron-un-mapa-tricolor-en-olavarria\/\" target=\"_blank\" rel=\"noopener\">un resultado sorprendente en la ciudad.<\/a> El corte de boleta fue amplio protagonista. M\u00e1s all\u00e1 de las internas,<strong> la victoria de Maximiliano Wesner por Uni\u00f3n por la Patria prefigur\u00f3 lo que pasar\u00eda en octubre<\/strong>. Juntos tuvo la victoria de Ezequiel Galli en la PASO, pero relegado. La Libertad Avanza dio un paso firme en su performance local.<\/p>\n<p>Tras el resultado local adverso, <strong>Ezequiel Galli sali\u00f3 a mostrar respuestas<\/strong>: <a href=\"https:\/\/cdnoticias.com\/index.php\/2023\/08\/22\/con-el-resultado-adverso-en-las-paso-ezequiel-galli-apunto-a-mejorar-el-sistema-de-salud\/\">conferencia en el Hospital Municipal<\/a>, <a href=\"https:\/\/cdnoticias.com\/index.php\/2023\/08\/22\/ezequiel-galli-reemplazo-al-delegado-de-sierras-bayas\/\">despido del delegado de Sierras Bayas<\/a> y <a href=\"https:\/\/cdnoticias.com\/index.php\/2023\/08\/31\/diego-robbiani-dejo-la-secretaria-de-desarrollo-humano-municipal\/\" target=\"_blank\" rel=\"noopener\">la salida de Diego Robbiani de la gesti\u00f3n<\/a>.<\/p>\n<p><strong>El 29 de agosto tres cuerpos fueron hallados en una vivienda de Carlos Pellegrini.<\/strong> Un femicidio, un femicidio vinculado -cuyos cuerpos estaban en un freezer- y un suicidio configuraron <a href=\"https:\/\/cdnoticias.com\/index.php\/2023\/08\/29\/macabro-hallazgo-primeros-datos-del-crimen\/\" target=\"_blank\" rel=\"noopener\">uno de los casos m\u00e1s conmocionantes del a\u00f1o en Olavarr\u00eda.<\/a><\/p>\n<p><strong>El 31 de agosto falleci\u00f3 el empresario Gustavo Rodr\u00edguez en un <a href=\"https:\/\/cdnoticias.com\/index.php\/2023\/08\/31\/el-empresario-gustavo-rodriguez-es-el-fallecido-en-el-violento-accidente-en-ruta-226\/\" target=\"_blank\" rel=\"noopener\">siniestro vial sobre la ruta 226<\/a><\/strong>. El a\u00f1o 2023 estuvo signado por la alta cantidad de v\u00edctimas fatales del tr\u00e1nsito en el distrito: 21 personas resultaron muertas a ra\u00edz de este tipo de hechos.<\/p>\n<p><strong>Skay Bellinson y Los Fakires<\/strong> <a href=\"https:\/\/cdnoticias.com\/index.php\/2023\/08\/21\/skay-lo-hizo-de-nuevo-un-repaso-fotografico-del-show-en-olavarria\/\">dieron uno de los shows m\u00e1s convocantes del a\u00f1o<\/a>.<\/p>\n<p><strong>Una olavarriense imputada por \u201cinstigar\u201d a saquear un supermercado.<\/strong> <a href=\"https:\/\/cdnoticias.com\/index.php\/2023\/08\/24\/una-olavarriense-imputada-por-instigar-a-saquear-un-supermercado\/\">El 23 de agosto se realizaron dos allanamientos<\/a> en domicilios de la ciudad. En uno de ellos secuestraron dos celulares.<\/p>\n<p><img data-recalc-dims=\"1\" loading=\"lazy\" decoding=\"async\" class=\"alignnone size-full wp-image-73851\" src=\"https:\/\/i0.wp.com\/cdnoticias.com\/wp-content\/uploads\/2022\/12\/09-anuario-2022-7.jpeg?resize=800%2C163&#038;ssl=1\" alt=\"\" width=\"800\" height=\"163\" srcset=\"https:\/\/i0.wp.com\/cdnoticias.com\/wp-content\/uploads\/2022\/12\/09-anuario-2022-7.jpeg?w=800&amp;ssl=1 800w, https:\/\/i0.wp.com\/cdnoticias.com\/wp-content\/uploads\/2022\/12\/09-anuario-2022-7.jpeg?resize=300%2C61&amp;ssl=1 300w, https:\/\/i0.wp.com\/cdnoticias.com\/wp-content\/uploads\/2022\/12\/09-anuario-2022-7.jpeg?resize=768%2C156&amp;ssl=1 768w\" sizes=\"auto, (max-width: 800px) 100vw, 800px\" \/><\/p>\n<p><strong>Las visitas pol\u00edticas de cara a la carrera presidencial fueron lo m\u00e1s destacado del mes<\/strong>. El 15 de septiembre <a href=\"https:\/\/cdnoticias.com\/index.php\/2023\/09\/15\/cronica-fotografica-de-la-caravana-de-la-libertad-con-javier-milei-por-olavarria\/\">lleg\u00f3 Javier Milei a la ciudad<\/a> y en una caravana moviliz\u00f3 a centenares de vecinos. Al d\u00eda siguiente, <a href=\"https:\/\/cdnoticias.com\/index.php\/2023\/09\/16\/bullrich-en-olavarria-unidad-y-equipo\/\">Patricia Bullrich volvi\u00f3 a la Olavarr\u00eda<\/a> en el marco de una gira nacional.<\/p>\n<p><img data-recalc-dims=\"1\" loading=\"lazy\" decoding=\"async\" class=\"alignnone size-full wp-image-73852\" src=\"https:\/\/i0.wp.com\/cdnoticias.com\/wp-content\/uploads\/2022\/12\/10-anuario-2022-8.jpeg?resize=800%2C163&#038;ssl=1\" alt=\"\" width=\"800\" height=\"163\" srcset=\"https:\/\/i0.wp.com\/cdnoticias.com\/wp-content\/uploads\/2022\/12\/10-anuario-2022-8.jpeg?w=800&amp;ssl=1 800w, https:\/\/i0.wp.com\/cdnoticias.com\/wp-content\/uploads\/2022\/12\/10-anuario-2022-8.jpeg?resize=300%2C61&amp;ssl=1 300w, https:\/\/i0.wp.com\/cdnoticias.com\/wp-content\/uploads\/2022\/12\/10-anuario-2022-8.jpeg?resize=768%2C156&amp;ssl=1 768w\" sizes=\"auto, (max-width: 800px) 100vw, 800px\" \/><\/p>\n<p><strong>El 10 de octubre se desarroll\u00f3 el debate de candidatos a intendente<\/strong> <a href=\"https:\/\/cdnoticias.com\/index.php\/2023\/10\/10\/el-debate-de-candidatos-a-intendente-de-la-fio-en-imagenes\/\">en la Facultad de Ingenier\u00eda<\/a>. En tanto, segu\u00eda en estudio legislativo el proyecto de ordenanza que impuls\u00f3 la obligatoriedad de estos debates locales pre-electorales: <a href=\"https:\/\/cdnoticias.com\/index.php\/2023\/11\/23\/quedo-aprobada-la-obligatoriedad-de-debates-preelectorales-de-candidatos\/\">se aprob\u00f3 a fines de noviembre en el HCD.<\/a><\/p>\n<p><strong>El 22 de octubre se celebraron las elecciones generales y Maximiliano Wesner se consagr\u00f3 intendente electo de Olavarr\u00eda<\/strong> en lo que represent\u00f3<a href=\"https:\/\/cdnoticias.com\/index.php\/2023\/10\/28\/elecciones-2023-como-votaron-los-olavarrienses\/\"> un giro importante para la pol\u00edtica local<\/a>. Al d\u00eda siguiente se inici\u00f3 la transici\u00f3n de gesti\u00f3n. Adem\u00e1s, Axel Kicillof fue reelecto gobernador y para la presidencia se abri\u00f3 el escenario de segunda vuelta entre Sergio Massa y Javier Milei.<\/p>\n<p><strong>El 15 de octubre se llen\u00f3 el Maxigimnasio<\/strong>: <a href=\"https:\/\/cdnoticias.com\/index.php\/2023\/10\/15\/los-gardelitos-y-una-fiesta-inolvidable-en-olavarria-el-lugar-historico-del-rocanrol\/\">Los Gardelitos tuvieron una fiesta inolvidable.<\/a><\/p>\n<p><img data-recalc-dims=\"1\" loading=\"lazy\" decoding=\"async\" class=\"alignnone size-full wp-image-73840\" src=\"https:\/\/i0.wp.com\/cdnoticias.com\/wp-content\/uploads\/2022\/12\/11-anuario-2022-9.jpeg?resize=800%2C163&#038;ssl=1\" alt=\"\" width=\"800\" height=\"163\" srcset=\"https:\/\/i0.wp.com\/cdnoticias.com\/wp-content\/uploads\/2022\/12\/11-anuario-2022-9.jpeg?w=800&amp;ssl=1 800w, https:\/\/i0.wp.com\/cdnoticias.com\/wp-content\/uploads\/2022\/12\/11-anuario-2022-9.jpeg?resize=300%2C61&amp;ssl=1 300w, https:\/\/i0.wp.com\/cdnoticias.com\/wp-content\/uploads\/2022\/12\/11-anuario-2022-9.jpeg?resize=768%2C156&amp;ssl=1 768w\" sizes=\"auto, (max-width: 800px) 100vw, 800px\" \/><\/p>\n<p><strong>El 19 de noviembre se celebraron las elecciones presidenciales de segunda vuelta<\/strong> <a href=\"https:\/\/cdnoticias.com\/index.php\/2023\/11\/21\/balotaje-en-olavarria-milei-retuvo-los-votos-amarillos-y-massa-se-quedo-con-los-de-schiaretti\/\">con la victoria de Javier Milei que tambi\u00e9n se dio en Olavarr\u00eda<\/a>. El resultado posicion\u00f3 fuertemente al sector de Ahora Olavarr\u00eda con Celeste Arouxet a la cabeza en el plano local: <a href=\"https:\/\/cdnoticias.com\/index.php\/2023\/11\/19\/arouxet-sobre-el-triunfo-de-milei-lo-veia-dificil-y-hoy-es-una-realidad\/\">\u201ces un sue\u00f1o, porque lo ve\u00eda muy dif\u00edcil, y hoy es una realidad\u201d<\/a> dijo la concejal.<\/p>\n<p><a href=\"https:\/\/cdnoticias.com\/index.php\/2023\/11\/02\/en-un-accidente-en-ruta-205-murio-el-piloto-agustin-herrera\/\">El 2 de noviembre Olavarr\u00eda se visti\u00f3 de luto<\/a>: <strong>falleci\u00f3 el piloto de automovilismo Agust\u00edn Herrera<\/strong> en un siniestro vial sobre ruta 205 cerca de Saladillo.<\/p>\n<p><img data-recalc-dims=\"1\" loading=\"lazy\" decoding=\"async\" class=\"alignnone size-full wp-image-73841\" src=\"https:\/\/i0.wp.com\/cdnoticias.com\/wp-content\/uploads\/2022\/12\/12-anuario-2022-4.jpeg?resize=800%2C163&#038;ssl=1\" alt=\"\" width=\"800\" height=\"163\" srcset=\"https:\/\/i0.wp.com\/cdnoticias.com\/wp-content\/uploads\/2022\/12\/12-anuario-2022-4.jpeg?w=800&amp;ssl=1 800w, https:\/\/i0.wp.com\/cdnoticias.com\/wp-content\/uploads\/2022\/12\/12-anuario-2022-4.jpeg?resize=300%2C61&amp;ssl=1 300w, https:\/\/i0.wp.com\/cdnoticias.com\/wp-content\/uploads\/2022\/12\/12-anuario-2022-4.jpeg?resize=768%2C156&amp;ssl=1 768w\" sizes=\"auto, (max-width: 800px) 100vw, 800px\" \/><\/p>\n<p><strong>Una sucesi\u00f3n de temporales peg\u00f3 fuerte en Olavarr\u00eda<\/strong>: cortes de luz por el fuerte impacto en el tendido el\u00e9ctrico en la ciudad, techos volados, \u00e1rboles ca\u00eddos y sectores anegados por cortes per\u00edodos de tiempo <a href=\"https:\/\/cdnoticias.com\/index.php\/2023\/12\/15\/entre-el-martes-y-el-jueves-bomberos-atendio-casi-280-servicios\/\" target=\"_blank\" rel=\"noopener\">fueron las consecuencias m\u00e1s importantes<\/a>. El 12, 14 y 16 de diciembre se dieron alertas amarillos y naranjas por las tormentas de viento, lluvia y actividad el\u00e9ctrica. <a href=\"https:\/\/cdnoticias.com\/index.php\/2023\/12\/13\/balance-del-comite-de-emergencias-la-situacion-esta-controlada\/\" target=\"_blank\" rel=\"noopener\">Se convoc\u00f3 el comit\u00e9 de emergencia municipal<\/a> y la gesti\u00f3n municipal, en medio del acto de cambio de mando, inici\u00f3 as\u00ed su nuevo mandato con Maximiliano Wesner a cargo. Las consecuencias a\u00fan se sienten.<\/p>\n<p><strong>El 26 de diciembre asumi\u00f3 formalmente Wesner como intendente<\/strong> <a href=\"https:\/\/cdnoticias.com\/index.php\/2023\/12\/26\/maximiliano-wesner-asumio-como-intendente-de-olavarria-ante-un-teatro-repleto\/\" target=\"_blank\" rel=\"noopener\">y sus secretarios dieron juramento.<\/a><\/p>\n<p><strong>El 21 de diciembre, el presidente Milei present\u00f3 un DNU<\/strong> con centenares de modificaciones de leyes que derivaron en<a href=\"https:\/\/cdnoticias.com\/index.php\/2023\/12\/27\/la-cgt-de-olavarria-contra-el-dnu-de-milei-es-un-avasallamiento-de-los-derechos\/\" target=\"_blank\" rel=\"noopener\"><strong> protestas diarias en Olavarr\u00eda, y en el pa\u00eds<\/strong><\/a>. Durante esta semana, la CGT -fuertemente cuestionada- convoc\u00f3 a un <a href=\"https:\/\/cdnoticias.com\/index.php\/2023\/12\/28\/la-cgt-anuncio-que-realizara-un-paro-general-con-movilizacion-en-enero\/\" target=\"_blank\" rel=\"noopener\">paro nacional para el 24 de enero<\/a>.<\/p>\n","protected":false},"excerpt":{"rendered":"<p>Cambios importantes tras el proceso electoral, protestas y reclamos, los espect\u00e1culos y las muertes violentas que sacudieron a la comunidad.<\/p>\n","protected":false},"author":4,"featured_media":105675,"comment_status":"closed","ping_status":"closed","sticky":false,"template":"","format":"standard","meta":{"_jetpack_memberships_contains_paid_content":false,"footnotes":""},"categories":[5,1],"tags":[],"class_list":["post-105674","post","type-post","status-publish","format-standard","has-post-thumbnail","hentry","category-informacion-general","category-portada"],"jetpack_featured_media_url":"https:\/\/i0.wp.com\/cdnoticias.com\/wp-content\/uploads\/2023\/12\/anuario-2023.jpeg?fit=1600%2C1066&ssl=1","jetpack_sharing_enabled":true,"_links":{"self":[{"href":"https:\/\/cdnoticias.com\/index.php\/wp-json\/wp\/v2\/posts\/105674","targetHints":{"allow":["GET"]}}],"collection":[{"href":"https:\/\/cdnoticias.com\/index.php\/wp-json\/wp\/v2\/posts"}],"about":[{"href":"https:\/\/cdnoticias.com\/index.php\/wp-json\/wp\/v2\/types\/post"}],"author":[{"embeddable":true,"href":"https:\/\/cdnoticias.com\/index.php\/wp-json\/wp\/v2\/users\/4"}],"replies":[{"embeddable":true,"href":"https:\/\/cdnoticias.com\/index.php\/wp-json\/wp\/v2\/comments?post=105674"}],"version-history":[{"count":0,"href":"https:\/\/cdnoticias.com\/index.php\/wp-json\/wp\/v2\/posts\/105674\/revisions"}],"wp:featuredmedia":[{"embeddable":true,"href":"https:\/\/cdnoticias.com\/index.php\/wp-json\/wp\/v2\/media\/105675"}],"wp:attachment":[{"href":"https:\/\/cdnoticias.com\/index.php\/wp-json\/wp\/v2\/media?parent=105674"}],"wp:term":[{"taxonomy":"category","embeddable":true,"href":"https:\/\/cdnoticias.com\/index.php\/wp-json\/wp\/v2\/categories?post=105674"},{"taxonomy":"post_tag","embeddable":true,"href":"https:\/\/cdnoticias.com\/index.php\/wp-json\/wp\/v2\/tags?post=105674"}],"curies":[{"name":"wp","href":"https:\/\/api.w.org\/{rel}","templated":true}]}}