{"id":105628,"date":"2023-12-31T09:28:49","date_gmt":"2023-12-31T12:28:49","guid":{"rendered":"https:\/\/cdnoticias.com\/?p=105628"},"modified":"2023-12-31T09:28:49","modified_gmt":"2023-12-31T12:28:49","slug":"sonia-beatriz-nardin-de-sabella-q-e-p-d","status":"publish","type":"post","link":"https:\/\/cdnoticias.com\/index.php\/2023\/12\/31\/sonia-beatriz-nardin-de-sabella-q-e-p-d\/","title":{"rendered":"Sonia Beatriz Nardin de Sabella (Q.E.P.D.)"},"content":{"rendered":"\n<p>Falleci\u00f3 en Olavarr\u00eda a los 58 a\u00f1os de edad.<\/p>\n\n\n\n<p>Su esposo: Diego Sabella, su hija Catalina. Su madre Chichi Nardin, sus hermanos Germ\u00e1n y Marisa. Sus suegros Cristina y Tucho Sabella. Sus cu\u00f1ados Gabriela, Pierina, Gustavo y Federico. Sus sobrinos Manuela, Josefina, Delfina, I\u00f1aki, Amadeo, Alfonso, Bernarda y Trinidad y dem\u00e1s deudos participan su fallecimiento.<\/p>\n\n\n\n<p>Velatorio: Espa\u00f1a 2942 departamento \u201cE \u201c, comienza 8:00 y finaliza 12:00. Responso: Capilla Ardiente. Cremaci\u00f3n: Crematorio Pinos de Paz, d\u00eda y hora a confirmar. Servicio adherido a Coopelectric.<\/p>\n\n\n\n<p>Actividad que desarrollaba:\u00a0 Docente Jubilada.<\/p>\n","protected":false},"excerpt":{"rendered":"<p>Falleci\u00f3 en Olavarr\u00eda a los 58 a\u00f1os de edad. Su esposo: Diego Sabella, su hija Catalina. Su madre Chichi Nardin,<\/p>\n","protected":false},"author":6,"featured_media":100390,"comment_status":"closed","ping_status":"closed","sticky":false,"template":"","format":"standard","meta":{"_jetpack_memberships_contains_paid_content":false,"footnotes":""},"categories":[10],"tags":[],"class_list":["post-105628","post","type-post","status-publish","format-standard","has-post-thumbnail","hentry","category-necrologicas"],"jetpack_featured_media_url":"https:\/\/i0.wp.com\/cdnoticias.com\/wp-content\/uploads\/2023\/10\/necrologicas-390-x-240.jpg?fit=390%2C240&ssl=1","jetpack_sharing_enabled":true,"_links":{"self":[{"href":"https:\/\/cdnoticias.com\/index.php\/wp-json\/wp\/v2\/posts\/105628","targetHints":{"allow":["GET"]}}],"collection":[{"href":"https:\/\/cdnoticias.com\/index.php\/wp-json\/wp\/v2\/posts"}],"about":[{"href":"https:\/\/cdnoticias.com\/index.php\/wp-json\/wp\/v2\/types\/post"}],"author":[{"embeddable":true,"href":"https:\/\/cdnoticias.com\/index.php\/wp-json\/wp\/v2\/users\/6"}],"replies":[{"embeddable":true,"href":"https:\/\/cdnoticias.com\/index.php\/wp-json\/wp\/v2\/comments?post=105628"}],"version-history":[{"count":0,"href":"https:\/\/cdnoticias.com\/index.php\/wp-json\/wp\/v2\/posts\/105628\/revisions"}],"wp:featuredmedia":[{"embeddable":true,"href":"https:\/\/cdnoticias.com\/index.php\/wp-json\/wp\/v2\/media\/100390"}],"wp:attachment":[{"href":"https:\/\/cdnoticias.com\/index.php\/wp-json\/wp\/v2\/media?parent=105628"}],"wp:term":[{"taxonomy":"category","embeddable":true,"href":"https:\/\/cdnoticias.com\/index.php\/wp-json\/wp\/v2\/categories?post=105628"},{"taxonomy":"post_tag","embeddable":true,"href":"https:\/\/cdnoticias.com\/index.php\/wp-json\/wp\/v2\/tags?post=105628"}],"curies":[{"name":"wp","href":"https:\/\/api.w.org\/{rel}","templated":true}]}}