{"id":105620,"date":"2023-12-31T09:30:33","date_gmt":"2023-12-31T12:30:33","guid":{"rendered":"https:\/\/cdnoticias.com\/?p=105620"},"modified":"2023-12-31T17:20:20","modified_gmt":"2023-12-31T20:20:20","slug":"aprehendieron-a-un-joven-en-una-moto-con-pedido-de-secuestro-activo","status":"publish","type":"post","link":"https:\/\/cdnoticias.com\/index.php\/2023\/12\/31\/aprehendieron-a-un-joven-en-una-moto-con-pedido-de-secuestro-activo\/","title":{"rendered":"Aprehendieron a un joven en una moto con pedido de secuestro activo"},"content":{"rendered":"\n<p>El hecho ocurri\u00f3 este s\u00e1bado en Dean Funes al 3700 e interviene la UFI N\u00b010 a cargo del Doctor Insaurralde.<\/p>\n\n\n\n<hr class=\"wp-block-separator aligncenter has-alpha-channel-opacity\"\/>\n\n\n\n<p>Este s\u00e1bado <strong>personal de moto polic\u00edas<\/strong> en el marco de un operativo de interceptaci\u00f3n vehicular <strong>aprehendi\u00f3 a un joven de 19 a\u00f1os.<\/strong><\/p>\n\n\n\n<p><\/p>\n\n\n\n<p>El hecho ocurri\u00f3 en <strong>Dean Funes al 3700<\/strong> cuando <strong>el joven circulaba en una motocicleta Bajaj Dominar 400cc sin patente la cual pose\u00eda un pedido de secuestro activo con fecha del13 de noviembre de 2023 en CABA.<\/strong><\/p>\n\n\n\n<p><\/p>\n\n\n\n<p>El hecho se caratul\u00f3 como \u201c<strong>pedido de secuestro activo- encubrimiento<\/strong>\u201d y se procedi\u00f3 al secuestro de la motocicleta.<\/p>\n\n\n\n<p><\/p>\n\n\n\n<p>El joven fue trasladado a la dependencia local. Interviene la UFI N\u00b010 a cargo del Doctor Insaurralde.<\/p>\n","protected":false},"excerpt":{"rendered":"<p>El hecho ocurri\u00f3 este s\u00e1bado en Dean Funes al 3700 e interviene la UFI N\u00b010 a cargo del Doctor Insaurralde.<\/p>\n","protected":false},"author":6,"featured_media":105621,"comment_status":"closed","ping_status":"closed","sticky":false,"template":"","format":"standard","meta":{"_jetpack_memberships_contains_paid_content":false,"footnotes":""},"categories":[14,1],"tags":[],"class_list":["post-105620","post","type-post","status-publish","format-standard","has-post-thumbnail","hentry","category-policiales","category-portada"],"jetpack_featured_media_url":"https:\/\/i0.wp.com\/cdnoticias.com\/wp-content\/uploads\/2023\/12\/moto-robada.jpg?fit=414%2C272&ssl=1","jetpack_sharing_enabled":true,"_links":{"self":[{"href":"https:\/\/cdnoticias.com\/index.php\/wp-json\/wp\/v2\/posts\/105620","targetHints":{"allow":["GET"]}}],"collection":[{"href":"https:\/\/cdnoticias.com\/index.php\/wp-json\/wp\/v2\/posts"}],"about":[{"href":"https:\/\/cdnoticias.com\/index.php\/wp-json\/wp\/v2\/types\/post"}],"author":[{"embeddable":true,"href":"https:\/\/cdnoticias.com\/index.php\/wp-json\/wp\/v2\/users\/6"}],"replies":[{"embeddable":true,"href":"https:\/\/cdnoticias.com\/index.php\/wp-json\/wp\/v2\/comments?post=105620"}],"version-history":[{"count":0,"href":"https:\/\/cdnoticias.com\/index.php\/wp-json\/wp\/v2\/posts\/105620\/revisions"}],"wp:featuredmedia":[{"embeddable":true,"href":"https:\/\/cdnoticias.com\/index.php\/wp-json\/wp\/v2\/media\/105621"}],"wp:attachment":[{"href":"https:\/\/cdnoticias.com\/index.php\/wp-json\/wp\/v2\/media?parent=105620"}],"wp:term":[{"taxonomy":"category","embeddable":true,"href":"https:\/\/cdnoticias.com\/index.php\/wp-json\/wp\/v2\/categories?post=105620"},{"taxonomy":"post_tag","embeddable":true,"href":"https:\/\/cdnoticias.com\/index.php\/wp-json\/wp\/v2\/tags?post=105620"}],"curies":[{"name":"wp","href":"https:\/\/api.w.org\/{rel}","templated":true}]}}