{"id":105608,"date":"2023-12-30T19:30:13","date_gmt":"2023-12-30T22:30:13","guid":{"rendered":"https:\/\/cdnoticias.com\/?p=105608"},"modified":"2023-12-30T19:30:15","modified_gmt":"2023-12-30T22:30:15","slug":"la-ucr-destaco-el-trabajo-de-sus-concejales-en-el-hcd-durante-el-2023","status":"publish","type":"post","link":"https:\/\/cdnoticias.com\/index.php\/2023\/12\/30\/la-ucr-destaco-el-trabajo-de-sus-concejales-en-el-hcd-durante-el-2023\/","title":{"rendered":"La UCR destac\u00f3 el trabajo de sus concejales en el HCD durante el 2023"},"content":{"rendered":"\n<p>En el a\u00f1o se presentaron 32 Proyectos de Resoluci\u00f3n y 9 de Comunicaci\u00f3n, 24 Ordenanzas, 2 Pedidos de Informes y 4 Decretos.<\/p>\n\n\n\n<hr class=\"wp-block-separator aligncenter has-alpha-channel-opacity\"\/>\n\n\n\n<p>La <strong>Uni\u00f3n C\u00edvica Radical de Olavarr\u00eda<\/strong> destac\u00f3 el trabajo llevado adelante por sus <strong>concejales en Concejo Deliberante durante este 2023.<\/strong><\/p>\n\n\n\n<p><\/p>\n\n\n\n<p>En el a\u00f1o se presentaron 71 Proyectos, de los cuales 32 corresponden a Resoluci\u00f3n, 9 de Comunicaci\u00f3n, 24 Ordenanzas, 2 Pedidos de Informes y 4 Decretos.<\/p>\n\n\n\n<p><\/p>\n\n\n\n<p><strong><em>\u201cCada una de las propuestas surgieron de las diferentes recorridas por la ciudad y sus localidades y del di\u00e1logo, reuniones y encuentros con vecinos, instituciones, organizaciones, negocios, empresas y emprendimientos<\/em><\/strong>\u201d indicaron.<\/p>\n\n\n\n<p><\/p>\n\n\n\n<p>Adem\u00e1s, agregaron que \u201centre las iniciativas m\u00e1s importantes que se presentaron se encuentra el Proyecto de Ordenanza que establece la creaci\u00f3n del <strong>Registro de C\u00e1maras de Seguridad<\/strong> con la finalidad de mejorar la captaci\u00f3n, monitoreo y registro de im\u00e1genes en la v\u00eda p\u00fablica\u201d.<\/p>\n\n\n\n<p><\/p>\n\n\n\n<figure class=\"wp-block-image aligncenter size-full\"><img data-recalc-dims=\"1\" loading=\"lazy\" decoding=\"async\" width=\"720\" height=\"480\" src=\"https:\/\/i0.wp.com\/cdnoticias.com\/wp-content\/uploads\/2023\/12\/balance-ucr-2023-1.jpg?resize=720%2C480&#038;ssl=1\" alt=\"\" class=\"wp-image-105613\" srcset=\"https:\/\/i0.wp.com\/cdnoticias.com\/wp-content\/uploads\/2023\/12\/balance-ucr-2023-1.jpg?w=720&amp;ssl=1 720w, https:\/\/i0.wp.com\/cdnoticias.com\/wp-content\/uploads\/2023\/12\/balance-ucr-2023-1.jpg?resize=300%2C200&amp;ssl=1 300w, https:\/\/i0.wp.com\/cdnoticias.com\/wp-content\/uploads\/2023\/12\/balance-ucr-2023-1.jpg?resize=272%2C182&amp;ssl=1 272w\" sizes=\"auto, (max-width: 720px) 100vw, 720px\" \/><\/figure>\n\n\n\n<p><\/p>\n\n\n\n<p>En este marco, tambi\u00e9n se halla la Ordenanza que dispone de la <strong>instalaci\u00f3n de un Polo Cient\u00edfico y Tecnol\u00f3gico<\/strong> orientado al \u00e1rea metal\u00fargica que tiene como objetivo el impulso de pol\u00edticas p\u00fablicas que colaboren con el crecimiento del sector, la articulaci\u00f3n comercial entre empresas locales y con centros educativos, con la meta de fomentar pasant\u00edas y visitas; y la creaci\u00f3n de nuevos puestos de trabajo.<\/p>\n\n\n\n<p><\/p>\n\n\n\n<p>Otra de las propuestas presentadas durante el presente a\u00f1o se vincula con el Proyecto de Ordenanza para que se implemente una <strong>campa\u00f1a de prevenci\u00f3n de la ludopat\u00eda. <\/strong>La misma est\u00e1 dirigida a las y los adolescentes del Partido con el fin de generar concientizaci\u00f3n acerca de los riesgos que implican los juegos y las apuestas online.<\/p>\n\n\n\n<p><\/p>\n\n\n\n<p>En tanto, tambi\u00e9n se present\u00f3 una Ordenanza que propone la <strong>creaci\u00f3n de un Turnero Digital <\/strong>que permite acceder de forma r\u00e1pida y simple a los diferentes tr\u00e1mites y servicios que ofrece el Gobierno Municipal, con una sola cuenta y contrase\u00f1a de acceso.<\/p>\n\n\n\n<p><\/p>\n\n\n\n<p>Por \u00faltimo, se destaca el Proyecto de Resoluci\u00f3n que establece la suscripci\u00f3n del Partido de Olavarr\u00eda al Programa <strong>\u201cParadas Seguras de Buses Urbanos\u201d<\/strong> impulsado por el Ministerio de Transporte.<\/p>\n\n\n\n<p><\/p>\n\n\n\n<figure class=\"wp-block-image aligncenter size-full\"><img data-recalc-dims=\"1\" loading=\"lazy\" decoding=\"async\" width=\"720\" height=\"540\" src=\"https:\/\/i0.wp.com\/cdnoticias.com\/wp-content\/uploads\/2023\/12\/balance-ucr-2023-4.jpg?resize=720%2C540&#038;ssl=1\" alt=\"\" class=\"wp-image-105612\" srcset=\"https:\/\/i0.wp.com\/cdnoticias.com\/wp-content\/uploads\/2023\/12\/balance-ucr-2023-4.jpg?w=720&amp;ssl=1 720w, https:\/\/i0.wp.com\/cdnoticias.com\/wp-content\/uploads\/2023\/12\/balance-ucr-2023-4.jpg?resize=300%2C225&amp;ssl=1 300w\" sizes=\"auto, (max-width: 720px) 100vw, 720px\" \/><\/figure>\n\n\n\n<p><\/p>\n\n\n\n<p>Al respecto, la <strong>presidenta de la Uni\u00f3n C\u00edvica Radical, Bel\u00e9n Vergel<\/strong>, se\u00f1al\u00f3 que <em>\u201cha sido un a\u00f1o donde se ha trabajado en forma sostenida, sin pausa, con gran responsabilidad, dando respuestas y llevando la voz de los vecinos como ha sido el compromiso que asumimos y que continuaremos haciendo\u201d.<\/em><\/p>\n\n\n\n<p><\/p>\n\n\n\n<blockquote class=\"wp-block-quote is-layout-flow wp-block-quote-is-layout-flow\">\n<p>En esta misma l\u00ednea, remarc\u00f3 que \u201cdebemos agregar que fue un a\u00f1o electoral, esto implica m\u00e1s esfuerzos y m\u00e1s actividades, pero a pesar de ello el territorio sigui\u00f3 y seguir\u00e1 siendo nuestra prioridad, estar cerca de los vecinos es nuestra misi\u00f3n y pensar y proyectar la Olavarr\u00eda que queremos nuestro mayor objetivo\u201d.<\/p>\n<\/blockquote>\n\n\n\n<p><\/p>\n\n\n\n<p>Por su parte, el <strong>concejal Sebasti\u00e1n Matrella<\/strong> expres\u00f3 que \u201c<em>durante el a\u00f1o el bloque trabaj\u00f3 en diferentes \u00e1reas, acerc\u00e1ndonos a los barrios e instituciones para escuchar las demandas de los vecinos y presentando proyectos que creemos son necesarios para la ciudad<\/em>\u201d.<\/p>\n\n\n\n<p><\/p>\n\n\n\n<figure class=\"wp-block-image aligncenter size-full\"><img data-recalc-dims=\"1\" loading=\"lazy\" decoding=\"async\" width=\"720\" height=\"480\" src=\"https:\/\/i0.wp.com\/cdnoticias.com\/wp-content\/uploads\/2023\/12\/balance-ucr-2023-3.jpg?resize=720%2C480&#038;ssl=1\" alt=\"\" class=\"wp-image-105611\" srcset=\"https:\/\/i0.wp.com\/cdnoticias.com\/wp-content\/uploads\/2023\/12\/balance-ucr-2023-3.jpg?w=720&amp;ssl=1 720w, https:\/\/i0.wp.com\/cdnoticias.com\/wp-content\/uploads\/2023\/12\/balance-ucr-2023-3.jpg?resize=300%2C200&amp;ssl=1 300w, https:\/\/i0.wp.com\/cdnoticias.com\/wp-content\/uploads\/2023\/12\/balance-ucr-2023-3.jpg?resize=272%2C182&amp;ssl=1 272w\" sizes=\"auto, (max-width: 720px) 100vw, 720px\" \/><\/figure>\n\n\n\n<p><\/p>\n\n\n\n<p><strong><em>\u201cEl balance del a\u00f1o es positivo porque se trabaj\u00f3 much\u00edsimo, poniendo el foco en las necesidades de la comunidad<\/em><\/strong>\u201d cerr\u00f3 Matrella.<\/p>\n","protected":false},"excerpt":{"rendered":"<p>En el a\u00f1o se presentaron 32 Proyectos de Resoluci\u00f3n y 9 de Comunicaci\u00f3n, 24 Ordenanzas, 2 Pedidos de Informes y<\/p>\n","protected":false},"author":6,"featured_media":105610,"comment_status":"closed","ping_status":"closed","sticky":false,"template":"","format":"standard","meta":{"_jetpack_memberships_contains_paid_content":false,"footnotes":""},"categories":[4],"tags":[],"class_list":["post-105608","post","type-post","status-publish","format-standard","has-post-thumbnail","hentry","category-politica"],"jetpack_featured_media_url":"https:\/\/i0.wp.com\/cdnoticias.com\/wp-content\/uploads\/2023\/12\/balance-ucr-2023-2.jpg?fit=720%2C480&ssl=1","jetpack_sharing_enabled":true,"_links":{"self":[{"href":"https:\/\/cdnoticias.com\/index.php\/wp-json\/wp\/v2\/posts\/105608","targetHints":{"allow":["GET"]}}],"collection":[{"href":"https:\/\/cdnoticias.com\/index.php\/wp-json\/wp\/v2\/posts"}],"about":[{"href":"https:\/\/cdnoticias.com\/index.php\/wp-json\/wp\/v2\/types\/post"}],"author":[{"embeddable":true,"href":"https:\/\/cdnoticias.com\/index.php\/wp-json\/wp\/v2\/users\/6"}],"replies":[{"embeddable":true,"href":"https:\/\/cdnoticias.com\/index.php\/wp-json\/wp\/v2\/comments?post=105608"}],"version-history":[{"count":0,"href":"https:\/\/cdnoticias.com\/index.php\/wp-json\/wp\/v2\/posts\/105608\/revisions"}],"wp:featuredmedia":[{"embeddable":true,"href":"https:\/\/cdnoticias.com\/index.php\/wp-json\/wp\/v2\/media\/105610"}],"wp:attachment":[{"href":"https:\/\/cdnoticias.com\/index.php\/wp-json\/wp\/v2\/media?parent=105608"}],"wp:term":[{"taxonomy":"category","embeddable":true,"href":"https:\/\/cdnoticias.com\/index.php\/wp-json\/wp\/v2\/categories?post=105608"},{"taxonomy":"post_tag","embeddable":true,"href":"https:\/\/cdnoticias.com\/index.php\/wp-json\/wp\/v2\/tags?post=105608"}],"curies":[{"name":"wp","href":"https:\/\/api.w.org\/{rel}","templated":true}]}}