{"id":105575,"date":"2023-12-30T14:18:11","date_gmt":"2023-12-30T17:18:11","guid":{"rendered":"https:\/\/cdnoticias.com\/?p=105575"},"modified":"2023-12-31T09:30:53","modified_gmt":"2023-12-31T12:30:53","slug":"sierras-bayas-y-zona-de-canteras-sin-servicio-electrico","status":"publish","type":"post","link":"https:\/\/cdnoticias.com\/index.php\/2023\/12\/30\/sierras-bayas-y-zona-de-canteras-sin-servicio-electrico\/","title":{"rendered":"Sierras Bayas y zona de canteras, sin servicio el\u00e9ctrico"},"content":{"rendered":"<p>Coopelectric informo que sali\u00f3 de servicio la l\u00ednea de Media Tensi\u00f3n N\u00b0 6. El personal de la cooperativa ya trabaja en la reparaci\u00f3n.<!--more--><\/p>\n<hr \/>\n<p><strong>Coopelectric<\/strong> inform\u00f3 que este s\u00e1bado por la tarde <strong>Sierras Bayas y la zona de canteras<\/strong> est\u00e1n<strong> sin servicio el\u00e9ctrico.<\/strong><\/p>\n<blockquote><p>\u201cSe registra la salida de servicio de la l\u00ednea de Media Tensi\u00f3n N\u00b0 6, lo cual ocasiona la interrupci\u00f3n del suministro el\u00e9ctrico en la zona de Sierras Bayas y canteras\u201d inform\u00f3 la cooperativa.<\/p><\/blockquote>\n<p>Se indic\u00f3 asimismo que el personal ya se encuentra en el sector para poder normalizar el servicio.<\/p>\n","protected":false},"excerpt":{"rendered":"<p>Coopelectric informo que sali\u00f3 de servicio la l\u00ednea de Media Tensi\u00f3n N\u00b0 6. El personal de la cooperativa ya trabaja<\/p>\n","protected":false},"author":4,"featured_media":90030,"comment_status":"closed","ping_status":"closed","sticky":false,"template":"","format":"standard","meta":{"_jetpack_memberships_contains_paid_content":false,"footnotes":""},"categories":[5,1],"tags":[],"class_list":["post-105575","post","type-post","status-publish","format-standard","has-post-thumbnail","hentry","category-informacion-general","category-portada"],"jetpack_featured_media_url":"https:\/\/i0.wp.com\/cdnoticias.com\/wp-content\/uploads\/2023\/07\/coopelectric-electricidad-03.jpg?fit=800%2C445&ssl=1","jetpack_sharing_enabled":true,"_links":{"self":[{"href":"https:\/\/cdnoticias.com\/index.php\/wp-json\/wp\/v2\/posts\/105575","targetHints":{"allow":["GET"]}}],"collection":[{"href":"https:\/\/cdnoticias.com\/index.php\/wp-json\/wp\/v2\/posts"}],"about":[{"href":"https:\/\/cdnoticias.com\/index.php\/wp-json\/wp\/v2\/types\/post"}],"author":[{"embeddable":true,"href":"https:\/\/cdnoticias.com\/index.php\/wp-json\/wp\/v2\/users\/4"}],"replies":[{"embeddable":true,"href":"https:\/\/cdnoticias.com\/index.php\/wp-json\/wp\/v2\/comments?post=105575"}],"version-history":[{"count":0,"href":"https:\/\/cdnoticias.com\/index.php\/wp-json\/wp\/v2\/posts\/105575\/revisions"}],"wp:featuredmedia":[{"embeddable":true,"href":"https:\/\/cdnoticias.com\/index.php\/wp-json\/wp\/v2\/media\/90030"}],"wp:attachment":[{"href":"https:\/\/cdnoticias.com\/index.php\/wp-json\/wp\/v2\/media?parent=105575"}],"wp:term":[{"taxonomy":"category","embeddable":true,"href":"https:\/\/cdnoticias.com\/index.php\/wp-json\/wp\/v2\/categories?post=105575"},{"taxonomy":"post_tag","embeddable":true,"href":"https:\/\/cdnoticias.com\/index.php\/wp-json\/wp\/v2\/tags?post=105575"}],"curies":[{"name":"wp","href":"https:\/\/api.w.org\/{rel}","templated":true}]}}