{"id":105572,"date":"2023-12-30T15:00:36","date_gmt":"2023-12-30T18:00:36","guid":{"rendered":"https:\/\/cdnoticias.com\/?p=105572"},"modified":"2024-01-03T09:34:18","modified_gmt":"2024-01-03T12:34:18","slug":"alerta-por-un-mosquito-de-la-inundacion-o-plaga-mas-agresivo-y-con-notables-habitos-de-cria","status":"publish","type":"post","link":"https:\/\/cdnoticias.com\/index.php\/2023\/12\/30\/alerta-por-un-mosquito-de-la-inundacion-o-plaga-mas-agresivo-y-con-notables-habitos-de-cria\/","title":{"rendered":"Alerta por un \u201cmosquito de la inundaci\u00f3n o plaga\u201d, m\u00e1s agresivo y con notables h\u00e1bitos de cr\u00eda"},"content":{"rendered":"\n<p><\/p>\n\n\n<p>Esta especie que se cr\u00eda en zonas alejadas de las ciudades ha invadido en los \u00faltimos d\u00edas el AMBA y localidades cercanas.<\/p>\n<p><!--more--><\/p>\n<hr \/>\n<p>En los \u00faltimos d\u00edas se ha registrado <strong>un notable aumento de la presencia de mosquitos<\/strong> en distritos del \u00c1rea Metropolitana de Buenos Aires (AMBA), en la Ciudad de Buenos Aires y en localidades bonaerenses cercanas. Las <strong>alertas<\/strong> se encendieron ya que<strong> estos insectos se acercan a las personas directamente a picar, de una manera m\u00e1s aguda, agresiva y dolorosa<\/strong>. Adem\u00e1s, <strong>se mueven en cantidad<\/strong>, algo no tan usual en zonas urbanas.<\/p>\n<p>&nbsp;<\/p>\n<p><strong>Mar\u00eda Victoria Micieli, doctora en Ciencias Naturales<\/strong> y directora del CEPAVE (Centro de Estudios Parasitol\u00f3gicos y Vectores), explic\u00f3 a DIB que estos mosquitos <strong>presentan un comportamiento diferente ya que pertenecen a la especie Aedes albifasciatus<\/strong>, que se cr\u00eda en zonas rurales o alejadas de las ciudades, y tienen la posibilidad de migrar y generar grandes criaderos en \u00e1reas periurbanas.<\/p>\n<p>&nbsp;<\/p>\n<blockquote><p>\u201cEs un mosquito m\u00e1s agresivo, no nos deja estar al aire libre en los parques y patios, se lo llama \u2018mosquito de inundaci\u00f3n\u2019 o \u2018mosquito plaga\u2019, justamente por el comportamiento agresivo que tiene y porque en zonas alejadas de la ciudad genera p\u00e9rdidas econ\u00f3micas, en agricultura o actividad lechera, por la intensidad de picadura que presenta, la abundancia que alcanza y sus h\u00e1bitos de cr\u00eda\u201d, expres\u00f3 la especialista.<\/p><\/blockquote>\n<p>&nbsp;<\/p>\n<p>En ese sentido, Micieli explic\u00f3 que<strong> las abundantes lluvias<\/strong> que se han registrado luego de un per\u00edodo m\u00e1s seco, pueden estar relacionadas con la <strong>aparici\u00f3n en cantidad de estos insectos en las zonas urbanas<\/strong>, aunque tambi\u00e9n hay que determinar qu\u00e9 habilidad tienen para trasladarse.<\/p>\n<p>&nbsp;<\/p>\n<p><strong>\u201cLas lluvias generan los sitios de cr\u00eda, inundan los terrenos anegables, que en general son terrenos bajos, de las afueras de la ciudad<\/strong>, y son los charcos de inundaci\u00f3n que vemos, por ejemplo, a lo largo de la autopista Buenos Aires \u2013 La Plata, que generan charcos peri\u00f3dicos, o sea la inundaci\u00f3n no es permanente, es peri\u00f3dica. Los mosquitos detectan estas zonas bajas, <strong>ponen los huevos, y si los charcos secan esos huevos van a quedar en seco y pueden estar meses<\/strong> hasta que otra lluvia inunde nuevamente la zona y se produzcan grandes criaderos\u201d, especific\u00f3.<\/p>\n<p>&nbsp;<\/p>\n<p>Sobre esta posibilidad de supervivencia que tienen los huevos de esta especie durante tiempo prolongado, Micieli indic\u00f3 que \u201chace falta m\u00e1s investigaci\u00f3n b\u00e1sica sobre varios aspectos de este mosquito\u201d. Si bien se sabe que <strong>hay presencia de este insecto en todo el pa\u00eds<\/strong>, \u201chay datos que todav\u00eda desconocemos\u201d, asever\u00f3.<strong> \u201cHubo investigaciones que determinan cu\u00e1nto puede vivir ese huevo en seco y es un a\u00f1o, incluso m\u00e1s<\/strong>, pero falta saber cu\u00e1nto se mueve, cu\u00e1nto se dispersa, est\u00e1 probado que puede volar acompa\u00f1ado un poco por el viento desde sitios alejados de la ciudad y, en determinado, momento la invade\u201d, apunt\u00f3 la investigadora.<\/p>\n<p>&nbsp;<\/p>\n<h2>Dengue y Encefalitis Equina<\/h2>\n<p>&nbsp;<\/p>\n<p>El <strong>Aedes albifasciatus es adem\u00e1s vector de la Encefalitis Equina del Oeste (EEO)<\/strong>, enfermedad que afecta a los caballos y de la cual actualmente hay <strong>un brote en el pa\u00eds<\/strong>, <a href=\"https:\/\/cdnoticias.com\/index.php\/2023\/12\/10\/detectaron-un-caso-sospechoso-de-encefalomielitis-equina-en-santa-luisa\/\" target=\"_blank\" rel=\"noopener\">con varios casos detectados en la provincia de Buenos Aires<\/a>.<\/p>\n<p>&nbsp;<\/p>\n<blockquote><p>\u201cCuando aparecen los adultos van a picar a todo lo que tienen a mano, que en zonas rurales es el ganado, de ah\u00ed la importancia de este brote de la EEO, porque este mosquito es vector de esa enfermedad\u201d, especific\u00f3, y record\u00f3 que no hay que olvidarse del dengue, transmitido por el Aedes aegypti, que \u201cva a venir muy fuerte en esta temporada de verano\u201d.<\/p><\/blockquote>\n<p>&nbsp;<\/p>\n<p>En ese sentido, sostuvo que<strong> \u201cvamos a tener las dos problem\u00e1ticas\u201d<\/strong>, y se\u00f1al\u00f3 que si bien que <strong>\u201cla prevenci\u00f3n de la picadura es la misma<\/strong> para los dos tipos de mosquito\u201d, con repelentes, ropa que cubra y mosquiteros, \u201clas estrategias de control son bien diferentes\u201d.<\/p>\n<p>&nbsp;<\/p>\n<p>Sobre el <strong>dengue<\/strong>, apunt\u00f3 que <strong>\u201cimplica el famoso descacharrar, porque es urbano, tiene que ver con el rol ciudadano<\/strong>, se necesita de la gente para que se comprometa en el control, con campa\u00f1as masivas de difusi\u00f3n, pero con este mosquito la cuesti\u00f3n es diferente, los lugares de criadero no est\u00e1n en las casas, tendr\u00eda que haber programas pensados en un nivel m\u00e1s org\u00e1nico para evitar estas invasiones de mosquito adulto, y tambi\u00e9n pensar en que no se genere resistencia a la fumigaci\u00f3n\u201d.<\/p>\n<p>&nbsp;<\/p>\n<h2>Perfil<\/h2>\n<p>&nbsp;<\/p>\n<p>Mar\u00eda Victoria Micieli es Zo\u00f3loga y Doctora en Ciencias Naturales. Es Investigadora Principal del Conicet y Directora del CEPAVE, que depende del CONICET, la Universidad Nacional de La Plata (UNLP) y la Comisi\u00f3n de Investigaciones Cient\u00edficas (CIC) de la provincia de Buenos Aires.<\/p>\n<p>&nbsp;<\/p>\n<p>Fuente:<em> Agencia DIB<\/em><\/p>\n<p>&nbsp;<\/p>","protected":false},"excerpt":{"rendered":"<p>Esta especie que se cr\u00eda en zonas alejadas de las ciudades ha invadido en los \u00faltimos d\u00edas el AMBA y<\/p>\n","protected":false},"author":4,"featured_media":105573,"comment_status":"closed","ping_status":"closed","sticky":false,"template":"","format":"standard","meta":{"_jetpack_memberships_contains_paid_content":false,"footnotes":""},"categories":[6,1],"tags":[],"class_list":["post-105572","post","type-post","status-publish","format-standard","has-post-thumbnail","hentry","category-nacionales","category-portada"],"jetpack_featured_media_url":"https:\/\/i0.wp.com\/cdnoticias.com\/wp-content\/uploads\/2023\/12\/dib-mosquitos-picaduras.jpg?fit=800%2C445&ssl=1","jetpack_sharing_enabled":true,"_links":{"self":[{"href":"https:\/\/cdnoticias.com\/index.php\/wp-json\/wp\/v2\/posts\/105572","targetHints":{"allow":["GET"]}}],"collection":[{"href":"https:\/\/cdnoticias.com\/index.php\/wp-json\/wp\/v2\/posts"}],"about":[{"href":"https:\/\/cdnoticias.com\/index.php\/wp-json\/wp\/v2\/types\/post"}],"author":[{"embeddable":true,"href":"https:\/\/cdnoticias.com\/index.php\/wp-json\/wp\/v2\/users\/4"}],"replies":[{"embeddable":true,"href":"https:\/\/cdnoticias.com\/index.php\/wp-json\/wp\/v2\/comments?post=105572"}],"version-history":[{"count":0,"href":"https:\/\/cdnoticias.com\/index.php\/wp-json\/wp\/v2\/posts\/105572\/revisions"}],"wp:featuredmedia":[{"embeddable":true,"href":"https:\/\/cdnoticias.com\/index.php\/wp-json\/wp\/v2\/media\/105573"}],"wp:attachment":[{"href":"https:\/\/cdnoticias.com\/index.php\/wp-json\/wp\/v2\/media?parent=105572"}],"wp:term":[{"taxonomy":"category","embeddable":true,"href":"https:\/\/cdnoticias.com\/index.php\/wp-json\/wp\/v2\/categories?post=105572"},{"taxonomy":"post_tag","embeddable":true,"href":"https:\/\/cdnoticias.com\/index.php\/wp-json\/wp\/v2\/tags?post=105572"}],"curies":[{"name":"wp","href":"https:\/\/api.w.org\/{rel}","templated":true}]}}