{"id":105564,"date":"2023-12-30T13:34:27","date_gmt":"2023-12-30T16:34:27","guid":{"rendered":"https:\/\/cdnoticias.com\/?p=105564"},"modified":"2023-12-30T13:34:30","modified_gmt":"2023-12-30T16:34:30","slug":"dos-motos-robadas-en-caba-halladas-en-operativos-de-interceptacion-en-olavarria","status":"publish","type":"post","link":"https:\/\/cdnoticias.com\/index.php\/2023\/12\/30\/dos-motos-robadas-en-caba-halladas-en-operativos-de-interceptacion-en-olavarria\/","title":{"rendered":"Dos motos robadas en CABA, halladas en operativos de interceptaci\u00f3n en Olavarr\u00eda"},"content":{"rendered":"<p>Uno de los veh\u00edculos hab\u00eda sido robado en 2015 y el otro hace seis meses. Los conductores fueron aprehendidos y las motos -una Honda y una Rouser-, secuestradas.<!--more--><\/p>\n<hr \/>\n<p><strong>Dos motos<\/strong> que hab\u00edan sido <strong>denunciadas como robadas en CABA<\/strong> fueron<strong> recuperadas en Olavarr\u00eda<\/strong> en las \u00faltimas horas en distintos <strong>operativos de interceptaci\u00f3n vehicular<\/strong> que llev\u00f3 adelante personal de la <strong>Polic\u00eda Local.<\/strong><\/p>\n<p>Adem\u00e1s, sendos <strong>conductores fueron aprehendidos.<\/strong><\/p>\n<p>Seg\u00fan se pudo saber, uno de los casos se registr\u00f3 este viernes en <strong>calle 118 entre Rivadavia y Moreno<\/strong> donde los efectivos policiales solicitaron documentaci\u00f3n personal y vehicular a<strong> un hombre de 37 a\u00f1os.<\/strong><\/p>\n<p><img data-recalc-dims=\"1\" loading=\"lazy\" decoding=\"async\" class=\"size-full wp-image-105567 aligncenter\" src=\"https:\/\/i0.wp.com\/cdnoticias.com\/wp-content\/uploads\/2023\/12\/moto-118-y-rivadavia-01.jpg?resize=600%2C800&#038;ssl=1\" alt=\"\" width=\"600\" height=\"800\" srcset=\"https:\/\/i0.wp.com\/cdnoticias.com\/wp-content\/uploads\/2023\/12\/moto-118-y-rivadavia-01.jpg?w=600&amp;ssl=1 600w, https:\/\/i0.wp.com\/cdnoticias.com\/wp-content\/uploads\/2023\/12\/moto-118-y-rivadavia-01.jpg?resize=225%2C300&amp;ssl=1 225w\" sizes=\"auto, (max-width: 600px) 100vw, 600px\" \/><\/p>\n<blockquote><p>El motociclista transitaba en una motocicleta Rouser Domina 400 cc. Al verificar los datos del rodado se estableci\u00f3 que presentaba un pedido de secuestro activo emitido desde el 21 de junio de este a\u00f1o por la seccional 12 de CABA por \u201churto\u201d.<\/p><\/blockquote>\n<p>La moto fue secuestrada y su conductor qued\u00f3 aprehendido.<\/p>\n<p>Se iniciaron<strong> actuaciones por \u201cencubrimiento\u201d<\/strong> contra el hombre a cargo de la Comisar\u00eda Primera y de la UFI N\u00ba 10. El titular de la dependencia, ayudante fiscal Iturralde dispuso que el acusado sea informado de las actuaciones en su contra y su posterior liberaci\u00f3n para continuar el proceso.<\/p>\n<p>El segundo caso se dio en<strong> Del Valle e Ituzaing\u00f3<\/strong> donde los efectivos de Polic\u00eda Local interceptaron a un <strong>conductor, de 21 a\u00f1os<\/strong>, a bordo de una moto <strong>Honda Twitter 250 cc sin patente colocada.<\/strong><\/p>\n<p><img data-recalc-dims=\"1\" loading=\"lazy\" decoding=\"async\" class=\"size-full wp-image-105565 aligncenter\" src=\"https:\/\/i0.wp.com\/cdnoticias.com\/wp-content\/uploads\/2023\/12\/moto-del-valle-e-ituzaingo-00.jpg?resize=600%2C800&#038;ssl=1\" alt=\"\" width=\"600\" height=\"800\" srcset=\"https:\/\/i0.wp.com\/cdnoticias.com\/wp-content\/uploads\/2023\/12\/moto-del-valle-e-ituzaingo-00.jpg?w=600&amp;ssl=1 600w, https:\/\/i0.wp.com\/cdnoticias.com\/wp-content\/uploads\/2023\/12\/moto-del-valle-e-ituzaingo-00.jpg?resize=225%2C300&amp;ssl=1 225w\" sizes=\"auto, (max-width: 600px) 100vw, 600px\" \/><\/p>\n<blockquote><p>Se constat\u00f3 que la moto era buscada desde hace m\u00e1s de ocho a\u00f1os: se hab\u00eda emitido un pedido de secuestro en marzo de 2015 por \u201churto\u201d desde una dependencia policial de CABA.<\/p><\/blockquote>\n<p>De igual forma, la moto fue secuestrada y su conductor aprehendido para el inicio de actuaciones por <strong>\u201cencubrimiento\u201d.<\/strong><\/p>\n<p>Se dio intervenci\u00f3n a la seccional Primera y a la UFI N\u00ba 10. El acusado recuper\u00f3 la libertad y contin\u00faan las acciones penales en su contra.<\/p>\n","protected":false},"excerpt":{"rendered":"<p>Uno de los veh\u00edculos hab\u00eda sido robado en 2015 y el otro hace seis meses. Los conductores fueron aprehendidos y<\/p>\n","protected":false},"author":4,"featured_media":105566,"comment_status":"closed","ping_status":"closed","sticky":false,"template":"","format":"standard","meta":{"_jetpack_memberships_contains_paid_content":false,"footnotes":""},"categories":[14,1],"tags":[],"class_list":["post-105564","post","type-post","status-publish","format-standard","has-post-thumbnail","hentry","category-policiales","category-portada"],"jetpack_featured_media_url":"https:\/\/i0.wp.com\/cdnoticias.com\/wp-content\/uploads\/2023\/12\/moto-118-y-rivadavia-00.jpg?fit=1000%2C556&ssl=1","jetpack_sharing_enabled":true,"_links":{"self":[{"href":"https:\/\/cdnoticias.com\/index.php\/wp-json\/wp\/v2\/posts\/105564","targetHints":{"allow":["GET"]}}],"collection":[{"href":"https:\/\/cdnoticias.com\/index.php\/wp-json\/wp\/v2\/posts"}],"about":[{"href":"https:\/\/cdnoticias.com\/index.php\/wp-json\/wp\/v2\/types\/post"}],"author":[{"embeddable":true,"href":"https:\/\/cdnoticias.com\/index.php\/wp-json\/wp\/v2\/users\/4"}],"replies":[{"embeddable":true,"href":"https:\/\/cdnoticias.com\/index.php\/wp-json\/wp\/v2\/comments?post=105564"}],"version-history":[{"count":0,"href":"https:\/\/cdnoticias.com\/index.php\/wp-json\/wp\/v2\/posts\/105564\/revisions"}],"wp:featuredmedia":[{"embeddable":true,"href":"https:\/\/cdnoticias.com\/index.php\/wp-json\/wp\/v2\/media\/105566"}],"wp:attachment":[{"href":"https:\/\/cdnoticias.com\/index.php\/wp-json\/wp\/v2\/media?parent=105564"}],"wp:term":[{"taxonomy":"category","embeddable":true,"href":"https:\/\/cdnoticias.com\/index.php\/wp-json\/wp\/v2\/categories?post=105564"},{"taxonomy":"post_tag","embeddable":true,"href":"https:\/\/cdnoticias.com\/index.php\/wp-json\/wp\/v2\/tags?post=105564"}],"curies":[{"name":"wp","href":"https:\/\/api.w.org\/{rel}","templated":true}]}}