{"id":105491,"date":"2023-12-30T11:40:51","date_gmt":"2023-12-30T14:40:51","guid":{"rendered":"https:\/\/cdnoticias.com\/?p=105491"},"modified":"2023-12-30T14:18:33","modified_gmt":"2023-12-30T17:18:33","slug":"en-un-allanamiento-se-recuperaron-articulos-de-electricidad","status":"publish","type":"post","link":"https:\/\/cdnoticias.com\/index.php\/2023\/12\/30\/en-un-allanamiento-se-recuperaron-articulos-de-electricidad\/","title":{"rendered":"En un allanamiento se recuperaron art\u00edculos de electricidad"},"content":{"rendered":"<p>Se trat\u00f3 de un robo en Loma Negra que fue esclarecido: un hombre de 23 a\u00f1os qued\u00f3 imputado. El allanamiento se concret\u00f3 en su domicilio.<\/p>\n<p><!--more--><\/p>\n<hr \/>\n<p>Este viernes se dio a conocer el avance de la<strong> investigaci\u00f3n desde la Subcomisar\u00eda de Loma Negra<\/strong> a ra\u00edz de un hecho de<strong> robo registrado en esa localidad<\/strong>. Lo sustra\u00eddo son <strong>numerosos art\u00edculos de electricidad<\/strong>.<\/p>\n<p>Se inform\u00f3 que se logr\u00f3 establecer la<strong> autor\u00eda<\/strong> del caso: el<strong> imputado es un hombre de 23 a\u00f1os.<\/strong><\/p>\n<p><img data-recalc-dims=\"1\" loading=\"lazy\" decoding=\"async\" class=\"size-full wp-image-105493 aligncenter\" src=\"https:\/\/i0.wp.com\/cdnoticias.com\/wp-content\/uploads\/2023\/12\/allanamiento-robo-loma-negra-01.jpg?resize=800%2C445&#038;ssl=1\" alt=\"\" width=\"800\" height=\"445\" srcset=\"https:\/\/i0.wp.com\/cdnoticias.com\/wp-content\/uploads\/2023\/12\/allanamiento-robo-loma-negra-01.jpg?w=1000&amp;ssl=1 1000w, https:\/\/i0.wp.com\/cdnoticias.com\/wp-content\/uploads\/2023\/12\/allanamiento-robo-loma-negra-01.jpg?resize=300%2C167&amp;ssl=1 300w, https:\/\/i0.wp.com\/cdnoticias.com\/wp-content\/uploads\/2023\/12\/allanamiento-robo-loma-negra-01.jpg?resize=768%2C427&amp;ssl=1 768w, https:\/\/i0.wp.com\/cdnoticias.com\/wp-content\/uploads\/2023\/12\/allanamiento-robo-loma-negra-01.jpg?resize=800%2C445&amp;ssl=1 800w\" sizes=\"auto, (max-width: 800px) 100vw, 800px\" \/><\/p>\n<p>A partir de tal avance desde la <strong>Ayudant\u00eda Fiscal de Autores Ignorados<\/strong> se solicit\u00f3 una orden de allanamiento que cont\u00f3 con el aval del<strong> Juzgado de Garant\u00eda N\u00ba 1<\/strong> a cargo de la jueza Fabiana San Rom\u00e1n.<\/p>\n<p>El operativo se concret\u00f3 en <strong>Pelegrino entre 215 y 217 de Loma Negra<\/strong>, donde se domicilia el acusado, con resultado positivo.<\/p>\n<p><img data-recalc-dims=\"1\" loading=\"lazy\" decoding=\"async\" class=\"size-full wp-image-105492 aligncenter\" src=\"https:\/\/i0.wp.com\/cdnoticias.com\/wp-content\/uploads\/2023\/12\/allanamiento-robo-loma-negra-00.jpg?resize=800%2C446&#038;ssl=1\" alt=\"\" width=\"800\" height=\"446\" srcset=\"https:\/\/i0.wp.com\/cdnoticias.com\/wp-content\/uploads\/2023\/12\/allanamiento-robo-loma-negra-00.jpg?w=1000&amp;ssl=1 1000w, https:\/\/i0.wp.com\/cdnoticias.com\/wp-content\/uploads\/2023\/12\/allanamiento-robo-loma-negra-00.jpg?resize=300%2C167&amp;ssl=1 300w, https:\/\/i0.wp.com\/cdnoticias.com\/wp-content\/uploads\/2023\/12\/allanamiento-robo-loma-negra-00.jpg?resize=768%2C428&amp;ssl=1 768w, https:\/\/i0.wp.com\/cdnoticias.com\/wp-content\/uploads\/2023\/12\/allanamiento-robo-loma-negra-00.jpg?resize=800%2C445&amp;ssl=1 800w\" sizes=\"auto, (max-width: 800px) 100vw, 800px\" \/><\/p>\n<blockquote><p>Entre los elementos secuestrados por el personal policial se detall\u00f3: tres cajas octagonales de pl\u00e1stico, una caja octagonal de aluminio sin marca visible, una caja de l\u00e1mpara Led tipo dicroica 5w; l\u00e1mparas sin vidrio marca Lumenac; un corta fierro oxidado sin marca visible; una pinza con cubre mango color azul sin marca visible; ocho frentes de carcasa de bastidor desmontable, dos bastidores sin caja, ocho porta enchufes, siete tomas de corriente, un disyuntor marca Siemens; tres luces dicroicas y herramientas varias.<\/p><\/blockquote>\n<p>Las averiguaciones penales se mantienen caratuladas como<strong> \u201crobo\u201d<\/strong> a cargo de la UFI N\u00ba 10.<\/p>\n","protected":false},"excerpt":{"rendered":"<p>Se trat\u00f3 de un robo en Loma Negra que fue esclarecido: un hombre de 23 a\u00f1os qued\u00f3 imputado. El allanamiento<\/p>\n","protected":false},"author":4,"featured_media":105494,"comment_status":"closed","ping_status":"closed","sticky":false,"template":"","format":"standard","meta":{"_jetpack_memberships_contains_paid_content":false,"footnotes":""},"categories":[14,1],"tags":[],"class_list":["post-105491","post","type-post","status-publish","format-standard","has-post-thumbnail","hentry","category-policiales","category-portada"],"jetpack_featured_media_url":"https:\/\/i0.wp.com\/cdnoticias.com\/wp-content\/uploads\/2023\/12\/allanamiento-robo-loma-negra-02.jpg?fit=1000%2C556&ssl=1","jetpack_sharing_enabled":true,"_links":{"self":[{"href":"https:\/\/cdnoticias.com\/index.php\/wp-json\/wp\/v2\/posts\/105491","targetHints":{"allow":["GET"]}}],"collection":[{"href":"https:\/\/cdnoticias.com\/index.php\/wp-json\/wp\/v2\/posts"}],"about":[{"href":"https:\/\/cdnoticias.com\/index.php\/wp-json\/wp\/v2\/types\/post"}],"author":[{"embeddable":true,"href":"https:\/\/cdnoticias.com\/index.php\/wp-json\/wp\/v2\/users\/4"}],"replies":[{"embeddable":true,"href":"https:\/\/cdnoticias.com\/index.php\/wp-json\/wp\/v2\/comments?post=105491"}],"version-history":[{"count":0,"href":"https:\/\/cdnoticias.com\/index.php\/wp-json\/wp\/v2\/posts\/105491\/revisions"}],"wp:featuredmedia":[{"embeddable":true,"href":"https:\/\/cdnoticias.com\/index.php\/wp-json\/wp\/v2\/media\/105494"}],"wp:attachment":[{"href":"https:\/\/cdnoticias.com\/index.php\/wp-json\/wp\/v2\/media?parent=105491"}],"wp:term":[{"taxonomy":"category","embeddable":true,"href":"https:\/\/cdnoticias.com\/index.php\/wp-json\/wp\/v2\/categories?post=105491"},{"taxonomy":"post_tag","embeddable":true,"href":"https:\/\/cdnoticias.com\/index.php\/wp-json\/wp\/v2\/tags?post=105491"}],"curies":[{"name":"wp","href":"https:\/\/api.w.org\/{rel}","templated":true}]}}