{"id":105486,"date":"2023-12-29T20:23:27","date_gmt":"2023-12-29T23:23:27","guid":{"rendered":"https:\/\/cdnoticias.com\/?p=105486"},"modified":"2023-12-29T20:23:30","modified_gmt":"2023-12-29T23:23:30","slug":"gran-cierre-de-ano-de-la-feria-de-la-economia-popular-del-mte","status":"publish","type":"post","link":"https:\/\/cdnoticias.com\/index.php\/2023\/12\/29\/gran-cierre-de-ano-de-la-feria-de-la-economia-popular-del-mte\/","title":{"rendered":"Gran cierre de a\u00f1o de la Feria de la Econom\u00eda Popular del MTE"},"content":{"rendered":"\n<p>Ser\u00e1 este s\u00e1bado en el Cors\u00f3dromo, lugar donde se reunieron durante todo el 2023. Habr\u00e1 m\u00e1s de una decena de artistas y feriantes.<\/p>\n\n\n\n<hr class=\"wp-block-separator aligncenter has-alpha-channel-opacity\"\/>\n\n\n\n<p>Este s\u00e1bado 30 de noviembre,<strong> el Movimiento de Trabajadores Excluidos (MTE) cerrar\u00e1 el a\u00f1o con una nueva Feria de la Econom\u00eda Popular plagada de actividades y m\u00e1s de una decena de artistas que amenizar\u00e1n la jornada.<\/strong><\/p>\n\n\n\n<p><strong>Ser\u00e1 desde las 17:00 horas, con la apertura de los puestos y tambi\u00e9n el inicio de los espect\u00e1culos art\u00edsticos.<\/strong> Las distintas ramas del movimiento van a estar exponiendo los trabajos que llevan adelante.<\/p>\n\n\n\n<figure class=\"wp-block-image size-large\"><img data-recalc-dims=\"1\" loading=\"lazy\" decoding=\"async\" width=\"716\" height=\"1024\" src=\"https:\/\/i0.wp.com\/cdnoticias.com\/wp-content\/uploads\/2023\/12\/WhatsApp-Image-2023-12-29-at-18.07.13.jpeg?resize=716%2C1024&#038;ssl=1\" alt=\"\" class=\"wp-image-105487\" srcset=\"https:\/\/i0.wp.com\/cdnoticias.com\/wp-content\/uploads\/2023\/12\/WhatsApp-Image-2023-12-29-at-18.07.13.jpeg?resize=716%2C1024&amp;ssl=1 716w, https:\/\/i0.wp.com\/cdnoticias.com\/wp-content\/uploads\/2023\/12\/WhatsApp-Image-2023-12-29-at-18.07.13.jpeg?resize=210%2C300&amp;ssl=1 210w, https:\/\/i0.wp.com\/cdnoticias.com\/wp-content\/uploads\/2023\/12\/WhatsApp-Image-2023-12-29-at-18.07.13.jpeg?resize=768%2C1098&amp;ssl=1 768w, https:\/\/i0.wp.com\/cdnoticias.com\/wp-content\/uploads\/2023\/12\/WhatsApp-Image-2023-12-29-at-18.07.13.jpeg?w=895&amp;ssl=1 895w\" sizes=\"auto, (max-width: 716px) 100vw, 716px\" \/><\/figure>\n\n\n\n<p>El evento, adem\u00e1s, contar\u00e1 con una<strong> nutrida participaci\u00f3n de artistas locales y una variedad de puestos de comidas, adem\u00e1s de los puestos tradicionales de la feria.<\/strong><\/p>\n\n\n\n<p>Tambi\u00e9n se har\u00e1 entrega de <strong>certificados de cursos y talleres dictados durante la segunda parte del a\u00f1o en la rama Espacios P\u00fablicos.<\/strong><\/p>\n","protected":false},"excerpt":{"rendered":"<p>Ser\u00e1 este s\u00e1bado en el Cors\u00f3dromo, lugar donde se reunieron durante todo el 2023. Habr\u00e1 m\u00e1s de una decena de<\/p>\n","protected":false},"author":2,"featured_media":70780,"comment_status":"closed","ping_status":"closed","sticky":false,"template":"","format":"standard","meta":{"_jetpack_memberships_contains_paid_content":false,"footnotes":""},"categories":[5,1],"tags":[],"class_list":["post-105486","post","type-post","status-publish","format-standard","has-post-thumbnail","hentry","category-informacion-general","category-portada"],"jetpack_featured_media_url":"https:\/\/i0.wp.com\/cdnoticias.com\/wp-content\/uploads\/2022\/11\/MTE-espacio-publico.jpg?fit=1280%2C768&ssl=1","jetpack_sharing_enabled":true,"_links":{"self":[{"href":"https:\/\/cdnoticias.com\/index.php\/wp-json\/wp\/v2\/posts\/105486","targetHints":{"allow":["GET"]}}],"collection":[{"href":"https:\/\/cdnoticias.com\/index.php\/wp-json\/wp\/v2\/posts"}],"about":[{"href":"https:\/\/cdnoticias.com\/index.php\/wp-json\/wp\/v2\/types\/post"}],"author":[{"embeddable":true,"href":"https:\/\/cdnoticias.com\/index.php\/wp-json\/wp\/v2\/users\/2"}],"replies":[{"embeddable":true,"href":"https:\/\/cdnoticias.com\/index.php\/wp-json\/wp\/v2\/comments?post=105486"}],"version-history":[{"count":0,"href":"https:\/\/cdnoticias.com\/index.php\/wp-json\/wp\/v2\/posts\/105486\/revisions"}],"wp:featuredmedia":[{"embeddable":true,"href":"https:\/\/cdnoticias.com\/index.php\/wp-json\/wp\/v2\/media\/70780"}],"wp:attachment":[{"href":"https:\/\/cdnoticias.com\/index.php\/wp-json\/wp\/v2\/media?parent=105486"}],"wp:term":[{"taxonomy":"category","embeddable":true,"href":"https:\/\/cdnoticias.com\/index.php\/wp-json\/wp\/v2\/categories?post=105486"},{"taxonomy":"post_tag","embeddable":true,"href":"https:\/\/cdnoticias.com\/index.php\/wp-json\/wp\/v2\/tags?post=105486"}],"curies":[{"name":"wp","href":"https:\/\/api.w.org\/{rel}","templated":true}]}}