{"id":105481,"date":"2023-12-29T19:30:47","date_gmt":"2023-12-29T22:30:47","guid":{"rendered":"https:\/\/cdnoticias.com\/?p=105481"},"modified":"2023-12-29T19:30:48","modified_gmt":"2023-12-29T22:30:48","slug":"decreto-70-2023-pedimos-el-urgente-tratamiento-por-parte-de-la-comision-bicameral","status":"publish","type":"post","link":"https:\/\/cdnoticias.com\/index.php\/2023\/12\/29\/decreto-70-2023-pedimos-el-urgente-tratamiento-por-parte-de-la-comision-bicameral\/","title":{"rendered":"Decreto 70\/2023: \u201cpedimos el urgente tratamiento por parte de la Comisi\u00f3n Bicameral\u201d"},"content":{"rendered":"\n<p>La concejal del Bloque Juntos Mar\u00eda Jos\u00e9 Gonz\u00e1lez, present\u00f3 una modificaci\u00f3n en el proyecto de comunicaci\u00f3n que rechazaba el DNU de Javier Milei.<\/p>\n\n\n\n<hr class=\"wp-block-separator aligncenter has-alpha-channel-opacity\"\/>\n\n\n\n<p>En la ma\u00f1ana de este viernes, en la Sesi\u00f3n Extraordinaria del Honorable Concejo Deliberante, <strong>el Bloque Uni\u00f3n Por la Patria present\u00f3 un proyecto de comunicaci\u00f3n manifestando el rechazo al Decreto de Necesidad y Urgencia (DNU) <\/strong>presentado por el presidente de la Naci\u00f3n Javier Milei.<\/p>\n\n\n\n<p><\/p>\n\n\n\n<p>En relaci\u00f3n a tal proyecto, <strong>la concejal Mar\u00eda Jos\u00e9 Gonz\u00e1lez <\/strong>-del Bloque Juntos\u2013<strong> present\u00f3 la modificaci\u00f3n para que se <em>\u201csolicite a las presidencias de las C\u00e1maras de Diputados y Senadores del Congreso nacional, el urgente tratamiento en la Comisi\u00f3n Bicameral\u201d<\/em><\/strong>. La misma fue aprobada por los bloques Juntos, UCR-Juntos y La Libertad Avanza.<\/p>\n\n\n\n<p><\/p>\n\n\n\n<blockquote class=\"wp-block-quote is-layout-flow wp-block-quote-is-layout-flow\">\n<p>En este sentido, la concejal Gonz\u00e1lez manifest\u00f3 que \u201centendemos que no corresponde al HCD expedirse sobre si es constitucional o no un Decreto, deben hacerlo los organismos constitucionales correspondientes. Es un instrumento normativo del Poder Ejecutivo Nacional previsto en la Constituci\u00f3n\u201d.<\/p>\n<\/blockquote>\n\n\n\n<p><\/p>\n\n\n\n<p>\u201cEl Congreso lo hace a trav\u00e9s de la Comisi\u00f3n Bicameral (cuyo procedimiento est\u00e1 reglamentado por Ley) y todav\u00eda no se conform\u00f3. El Decreto entr\u00f3 en vigencia hoy y ni siquiera est\u00e1 conformada la Comisi\u00f3n Bicameral\u201d, explic\u00f3.<\/p>\n\n\n\n<p><\/p>\n\n\n\n<p>Adem\u00e1s, manifest\u00f3 que <strong><em>\u201cel proyecto que presentamos es para que se le de tratamiento expeditivo y urgente, pero no nos corresponde al Concejo Deliberante de Olavarr\u00eda expedirnos acerca de la aceptaci\u00f3n o rechazo de un decreto. Eso corresponde a los Diputados y Senadores Nacionales que hemos elegido el pasado octubre en las urnas\u201d.<\/em><\/strong><\/p>\n\n\n\n<p><\/p>\n\n\n\n<p>Finalmente, el proyecto de comunicaci\u00f3n fue aprobado por unanimidad.<\/p>\n","protected":false},"excerpt":{"rendered":"<p>La concejal del Bloque Juntos Mar\u00eda Jos\u00e9 Gonz\u00e1lez, present\u00f3 una modificaci\u00f3n en el proyecto de comunicaci\u00f3n que rechazaba el DNU<\/p>\n","protected":false},"author":6,"featured_media":105482,"comment_status":"closed","ping_status":"closed","sticky":false,"template":"","format":"standard","meta":{"_jetpack_memberships_contains_paid_content":false,"footnotes":""},"categories":[4,1],"tags":[],"class_list":["post-105481","post","type-post","status-publish","format-standard","has-post-thumbnail","hentry","category-politica","category-portada"],"jetpack_featured_media_url":"https:\/\/i0.wp.com\/cdnoticias.com\/wp-content\/uploads\/2023\/12\/hcd-maria-josew-gonzalez-dic-29-2023.jpeg?fit=572%2C493&ssl=1","jetpack_sharing_enabled":true,"_links":{"self":[{"href":"https:\/\/cdnoticias.com\/index.php\/wp-json\/wp\/v2\/posts\/105481","targetHints":{"allow":["GET"]}}],"collection":[{"href":"https:\/\/cdnoticias.com\/index.php\/wp-json\/wp\/v2\/posts"}],"about":[{"href":"https:\/\/cdnoticias.com\/index.php\/wp-json\/wp\/v2\/types\/post"}],"author":[{"embeddable":true,"href":"https:\/\/cdnoticias.com\/index.php\/wp-json\/wp\/v2\/users\/6"}],"replies":[{"embeddable":true,"href":"https:\/\/cdnoticias.com\/index.php\/wp-json\/wp\/v2\/comments?post=105481"}],"version-history":[{"count":0,"href":"https:\/\/cdnoticias.com\/index.php\/wp-json\/wp\/v2\/posts\/105481\/revisions"}],"wp:featuredmedia":[{"embeddable":true,"href":"https:\/\/cdnoticias.com\/index.php\/wp-json\/wp\/v2\/media\/105482"}],"wp:attachment":[{"href":"https:\/\/cdnoticias.com\/index.php\/wp-json\/wp\/v2\/media?parent=105481"}],"wp:term":[{"taxonomy":"category","embeddable":true,"href":"https:\/\/cdnoticias.com\/index.php\/wp-json\/wp\/v2\/categories?post=105481"},{"taxonomy":"post_tag","embeddable":true,"href":"https:\/\/cdnoticias.com\/index.php\/wp-json\/wp\/v2\/tags?post=105481"}],"curies":[{"name":"wp","href":"https:\/\/api.w.org\/{rel}","templated":true}]}}