{"id":105440,"date":"2023-12-29T14:56:19","date_gmt":"2023-12-29T17:56:19","guid":{"rendered":"https:\/\/cdnoticias.com\/?p=105440"},"modified":"2023-12-29T19:06:07","modified_gmt":"2023-12-29T22:06:07","slug":"hcd-se-aprobo-la-preparatoria-de-la-suba-de-alicuotas-de-seguridad-e-higiene","status":"publish","type":"post","link":"https:\/\/cdnoticias.com\/index.php\/2023\/12\/29\/hcd-se-aprobo-la-preparatoria-de-la-suba-de-alicuotas-de-seguridad-e-higiene\/","title":{"rendered":"HCD: se aprob\u00f3 la preparatoria de la suba de al\u00edcuotas de Seguridad e Higiene"},"content":{"rendered":"<p>Fue por unanimidad, aunque el bloque de Ahora Olavarr\u00eda se abstuvo. \u201cSe relaciona con el reordenamiento del \u00e1rea de Habilitaciones\u201d argument\u00f3 Uni\u00f3n por la Patria.<!--more--><\/p>\n<hr \/>\n<p>El segundo tema destacado de la <a href=\"https:\/\/cdnoticias.com\/index.php\/2023\/12\/29\/por-mayoria-se-aprobo-el-presupuesto-2024-de-olavarria\/\" target=\"_blank\" rel=\"noopener\">sesi\u00f3n extraordinaria<\/a> de este viernes tambi\u00e9n fue aprobado:<strong> hubo visto bueno de los concejales para la propuesta de suba de al\u00edcuotas de la Tasa de Seguridad e Higiene (TSH)<\/strong> para los sectores <strong>banca minorista, hipermercados y f\u00e1bricas de cemento<\/strong>.<\/p>\n<p>Se vot\u00f3 por<strong> unanimidad<\/strong> la ordenanza preparatoria y ahora <strong>debe convocarse la asamblea de concejales y mayores contribuyentes<\/strong> para dar el<strong> tratamiento definitivo<\/strong>. Desde Uni\u00f3n por la Patria se hab\u00eda adelantado la <a href=\"https:\/\/cdnoticias.com\/index.php\/2023\/12\/28\/suba-de-seguridad-e-higiene-son-los-sectores-con-mayor-capacidad-economica-y-de-recaudacion\/\" target=\"_blank\" rel=\"noopener\">intenci\u00f3n de sesionar el 5 de enero para realizar la asamblea<\/a>.<\/p>\n<p>Los bloques de <strong>Uni\u00f3n por la Patria, Juntos y UCR<\/strong> dieron los votos positivos. El bloque de <strong>Ahora Olavarr\u00eda (La Libertad Avanza)<\/strong> se abstuvo de votar.<\/p>\n<blockquote><p>En el debate de la normativa, Federico Aguilera (UxP) present\u00f3 la iniciativa argumentada en \u201cla necesidad de contar con mayores recursos para el ejercicio 2024\u201d. M\u00e1s adelante puntualiz\u00f3 que \u201cel cambio de al\u00edcuotas se relaciona con el reordenamiento del \u00e1rea de Habilitaciones ya que se han relevado inspecciones atrasadas y se hace necesario ampliar el cuerpo de inspectores\u201d.<\/p><\/blockquote>\n<p><img data-recalc-dims=\"1\" loading=\"lazy\" decoding=\"async\" class=\"size-large wp-image-105436 aligncenter\" src=\"https:\/\/i0.wp.com\/cdnoticias.com\/wp-content\/uploads\/2023\/12\/HCD-sesion-extraordinaria-5.jpg?resize=800%2C445&#038;ssl=1\" alt=\"\" width=\"800\" height=\"445\" srcset=\"https:\/\/i0.wp.com\/cdnoticias.com\/wp-content\/uploads\/2023\/12\/HCD-sesion-extraordinaria-5.jpg?resize=1024%2C570&amp;ssl=1 1024w, https:\/\/i0.wp.com\/cdnoticias.com\/wp-content\/uploads\/2023\/12\/HCD-sesion-extraordinaria-5.jpg?resize=300%2C167&amp;ssl=1 300w, https:\/\/i0.wp.com\/cdnoticias.com\/wp-content\/uploads\/2023\/12\/HCD-sesion-extraordinaria-5.jpg?resize=768%2C428&amp;ssl=1 768w, https:\/\/i0.wp.com\/cdnoticias.com\/wp-content\/uploads\/2023\/12\/HCD-sesion-extraordinaria-5.jpg?resize=800%2C445&amp;ssl=1 800w, https:\/\/i0.wp.com\/cdnoticias.com\/wp-content\/uploads\/2023\/12\/HCD-sesion-extraordinaria-5.jpg?w=1200&amp;ssl=1 1200w\" sizes=\"auto, (max-width: 800px) 100vw, 800px\" \/><\/p>\n<p>En concreto los cambios propuestos son llevar la al\u00edcuota que pagan los contribuyentes del rubro <strong>banca minorista<\/strong> en la TSH <strong>de 30,7 a 41,45 (35% de aumento)<\/strong>; para los contribuyentes del sector <strong>elaboraci\u00f3n de cemento<\/strong> pasa <strong>de 4,8 a 7,20 (50% de suba)<\/strong>; y para el sector de <strong>grandes superficies comerciales<\/strong> la al\u00edcuota pasa <strong>de 10 a 12 (20% de incremento)<\/strong>. <strong>\u201cSe estima un diferencial mensual de 61 millones de pesos\u201d<\/strong> inform\u00f3 Aguilera.<\/p>\n<p><strong>Celeste Arouxet de Ahora Olavarr\u00eda indic\u00f3 que \u201cest\u00e1 mal presentado\u201d<\/strong> el proyecto. Se refiri\u00f3 a que la propuesta de modificaci\u00f3n de una tasa que percibe el Municipio debe basarse en la contraprestaci\u00f3n que se ofrece por la percepci\u00f3n. Con ello tuvo en cuenta que <em>en los fundamentos del anteproyecto de ordenanza se aludi\u00f3 al d\u00e9ficit municipal y a gastos<\/em>.<strong> \u201cSe confunde una tasa con un impuesto, estar\u00edamos votando algo que no corresponde\u201d<\/strong> concluy\u00f3.<\/p>\n<p>Luego ley\u00f3 una respuesta ofrecida por el Ejecutivo -ante tal se\u00f1alamiento de los concejales- acerca de la ampliaci\u00f3n del cuerpo de inspectores.<\/p>\n<p><img data-recalc-dims=\"1\" loading=\"lazy\" decoding=\"async\" class=\"size-large wp-image-105427 aligncenter\" src=\"https:\/\/i0.wp.com\/cdnoticias.com\/wp-content\/uploads\/2023\/12\/HCD-presdidente-guillermo-santellan-00.jpg?resize=800%2C445&#038;ssl=1\" alt=\"\" width=\"800\" height=\"445\" srcset=\"https:\/\/i0.wp.com\/cdnoticias.com\/wp-content\/uploads\/2023\/12\/HCD-presdidente-guillermo-santellan-00.jpg?resize=1024%2C570&amp;ssl=1 1024w, https:\/\/i0.wp.com\/cdnoticias.com\/wp-content\/uploads\/2023\/12\/HCD-presdidente-guillermo-santellan-00.jpg?resize=300%2C167&amp;ssl=1 300w, https:\/\/i0.wp.com\/cdnoticias.com\/wp-content\/uploads\/2023\/12\/HCD-presdidente-guillermo-santellan-00.jpg?resize=768%2C428&amp;ssl=1 768w, https:\/\/i0.wp.com\/cdnoticias.com\/wp-content\/uploads\/2023\/12\/HCD-presdidente-guillermo-santellan-00.jpg?resize=800%2C445&amp;ssl=1 800w, https:\/\/i0.wp.com\/cdnoticias.com\/wp-content\/uploads\/2023\/12\/HCD-presdidente-guillermo-santellan-00.jpg?w=1200&amp;ssl=1 1200w\" sizes=\"auto, (max-width: 800px) 100vw, 800px\" \/><\/p>\n<p>La presidenta del bloque Ahora Olavarr\u00eda <strong>pidi\u00f3 la abstenci\u00f3n<\/strong> para la votaci\u00f3n,<strong> \u201cno tuvimos los elementos para hacer el an\u00e1lisis\u201d<\/strong> fundament\u00f3.<\/p>\n<p>Desde el<strong> bloque Juntos, la presidenta Guillermina Amespil<\/strong> indic\u00f3 que su bancada marc\u00f3 \u201cque la finalidad del aumento no correspond\u00eda a c\u00f3mo estaba presentada en el anteproyecto\u201d y <strong>consider\u00f3 \u201caclarada\u201d la contraprestaci\u00f3n que se obtendr\u00eda<\/strong> de aplicarse el aumento. Y agreg\u00f3 que en el Ejecutivo consideraron que \u201cestos tres sectores presentan un diferencial que permitir\u00edan afrontar este aumento\u201d.<\/p>\n","protected":false},"excerpt":{"rendered":"<p>Fue por unanimidad, aunque el bloque de Ahora Olavarr\u00eda se abstuvo. \u201cSe relaciona con el reordenamiento del \u00e1rea de Habilitaciones\u201d<\/p>\n","protected":false},"author":4,"featured_media":105413,"comment_status":"closed","ping_status":"closed","sticky":false,"template":"","format":"standard","meta":{"_jetpack_memberships_contains_paid_content":false,"footnotes":""},"categories":[4,1],"tags":[],"class_list":["post-105440","post","type-post","status-publish","format-standard","has-post-thumbnail","hentry","category-politica","category-portada"],"jetpack_featured_media_url":"https:\/\/i0.wp.com\/cdnoticias.com\/wp-content\/uploads\/2023\/12\/HCD-sesion-extraordinaria-01.jpg?fit=1200%2C668&ssl=1","jetpack_sharing_enabled":true,"_links":{"self":[{"href":"https:\/\/cdnoticias.com\/index.php\/wp-json\/wp\/v2\/posts\/105440","targetHints":{"allow":["GET"]}}],"collection":[{"href":"https:\/\/cdnoticias.com\/index.php\/wp-json\/wp\/v2\/posts"}],"about":[{"href":"https:\/\/cdnoticias.com\/index.php\/wp-json\/wp\/v2\/types\/post"}],"author":[{"embeddable":true,"href":"https:\/\/cdnoticias.com\/index.php\/wp-json\/wp\/v2\/users\/4"}],"replies":[{"embeddable":true,"href":"https:\/\/cdnoticias.com\/index.php\/wp-json\/wp\/v2\/comments?post=105440"}],"version-history":[{"count":0,"href":"https:\/\/cdnoticias.com\/index.php\/wp-json\/wp\/v2\/posts\/105440\/revisions"}],"wp:featuredmedia":[{"embeddable":true,"href":"https:\/\/cdnoticias.com\/index.php\/wp-json\/wp\/v2\/media\/105413"}],"wp:attachment":[{"href":"https:\/\/cdnoticias.com\/index.php\/wp-json\/wp\/v2\/media?parent=105440"}],"wp:term":[{"taxonomy":"category","embeddable":true,"href":"https:\/\/cdnoticias.com\/index.php\/wp-json\/wp\/v2\/categories?post=105440"},{"taxonomy":"post_tag","embeddable":true,"href":"https:\/\/cdnoticias.com\/index.php\/wp-json\/wp\/v2\/tags?post=105440"}],"curies":[{"name":"wp","href":"https:\/\/api.w.org\/{rel}","templated":true}]}}