{"id":10543,"date":"2021-01-04T10:10:38","date_gmt":"2021-01-04T13:10:38","guid":{"rendered":"http:\/\/www.centraldenoticias.com.ar\/?p=10543"},"modified":"2021-01-04T11:54:00","modified_gmt":"2021-01-04T14:54:00","slug":"el-impacto-del-covid-en-olavarria-durante-2020","status":"publish","type":"post","link":"https:\/\/cdnoticias.com\/index.php\/2021\/01\/04\/el-impacto-del-covid-en-olavarria-durante-2020\/","title":{"rendered":"El impacto del Covid en Olavarr\u00eda durante 2020"},"content":{"rendered":"<p>A lo largo del a\u00f1o 5.435 olavarrienses padecieron la enfermedad y 94,35% recibieron el alta. Las semanas epidemiol\u00f3gicas 42 y 43 dejaron los picos de decesos y de nuevos casos detectados.<!--more--><\/p>\n<hr \/>\n<p><strong>La novedad del a\u00f1o y que cambi\u00f3 el mundo entero fue la pandemia de coronavirus<\/strong>, denominado SARS-COV-2, y cuya enfermedad se conoce como Covid-19.<\/p>\n<p>A Olavarr\u00eda lleg\u00f3 tempranamente en el contexto nacional a trav\u00e9s de personas que hab\u00edan vuelto del exterior, pero logr\u00f3 contenerse. Sin embargo, en junio estallaron los contagios y se registr\u00f3 el primer pico.<\/p>\n<p><strong>El 2 de abril se detect\u00f3 el primer caso en Olavarr\u00eda<\/strong> y en los d\u00edas siguientes se confirmaron otros dos. Todos superaron la enfermedad y no se produjeron contagios.<\/p>\n<p>La situaci\u00f3n se mantuvo calma por dos meses. <strong>El 3 de junio se confirmaron cuatro casos que se duplicaron al d\u00eda siguiente<\/strong> y volvieron a duplicarse al tercer d\u00eda. A partir de all\u00ed la escalada no se detuvo hasta el <strong>20 de junio cuando se registr\u00f3 el pico de 109 casos activos en un d\u00eda<\/strong>. Luego comenz\u00f3 a bajar.<\/p>\n<p>Tambi\u00e9n ese mes se registraron los primeros fallecimientos: <strong>el 14 y el 15 de junio, consecutivamente, fallecieron los dos primeros pacientes<\/strong>.<\/p>\n<p>La evoluci\u00f3n de los contagios se mantuvo controlada hasta que a fines de julio y principios de septiembre volvi\u00f3 a aumentar. A partir del <strong>2 de septiembre -121 casos activos-<\/strong> comenz\u00f3 a subir hasta que<strong> el mes termin\u00f3 con 281 casos<\/strong> activos y al d\u00eda siguiente subi\u00f3 a 299.<\/p>\n<p><iframe loading=\"lazy\" style=\"border: none;\" title=\"Covid 2020\" src=\"https:\/\/e.infogram.com\/b98485fb-34f5-451e-ad26-01aeefdb8720?src=embed\" width=\"700\" height=\"1504\" frameborder=\"0\" scrolling=\"no\" allowfullscreen=\"allowfullscreen\"><\/iframe><\/p>\n<div style=\"padding: 8px 0; font-family: Arial!important; font-size: 13px!important; line-height: 15px!important; text-align: center; border-top: 1px solid #dadada; margin: 0 30px; width: 640px;\"><a style=\"color: #989898!important; text-decoration: none!important;\" href=\"https:\/\/infogram.com\/b98485fb-34f5-451e-ad26-01aeefdb8720\" target=\"_blank\" rel=\"noopener\">Covid 2020<\/a><br \/>\n<a style=\"color: #989898!important; text-decoration: none!important;\" href=\"https:\/\/infogram.com\" target=\"_blank\" rel=\"nofollow noopener\">Infogram<\/a><\/div>\n<p>&nbsp;<\/p>\n<p>Septiembre y octubre fueron los meses del mayor impacto. <strong>El d\u00e9cimo mes del a\u00f1o rompi\u00f3 todos los r\u00e9cords locales<\/strong>: el pico de casos activos se dio el 23 de octubre con 786 pacientes; el m\u00e1ximo de casos detectados en un d\u00eda, el 19 de octubre, con 204 casos; el 7 de octubre fallecieron 4 pacientes.<\/p>\n<p>En el detalle por semana epidemiol\u00f3gica se observa, justamente, que <strong>las semanas 42<\/strong> -del 11 de octubre al 17 de octubre- <strong>y 43<\/strong> -del 18 de octubre al 24 de octubre- registraron los picos de decesos (12) y de casos nuevos detectados (732), respectivamente.<\/p>\n<p>La semana siguiente -44, del 25 de octubre al 31 de octubre- tuvo los picos de personas que recibieron el alta, 717 se consideraron curados, y de testeos realizados, con 1.317 muestras analizadas.<\/p>\n<p>A partir de all\u00ed los contagios de Covid comenzaron a bajar lentamente y reci\u00e9n a mediados de diciembre volvieron a subir los casos: <strong>la semana 51<\/strong> -del 13 de diciembre al 19 de diciembre- mostr\u00f3 un leve crecimiento.<\/p>\n<p><img data-recalc-dims=\"1\" loading=\"lazy\" decoding=\"async\" class=\"aligncenter wp-image-10478\" src=\"https:\/\/i0.wp.com\/cdnoticias.com\/wp-content\/uploads\/2021\/01\/covid-1.jpeg?resize=500%2C500&#038;ssl=1\" alt=\"\" width=\"500\" height=\"500\" srcset=\"https:\/\/i0.wp.com\/cdnoticias.com\/wp-content\/uploads\/2021\/01\/covid-1.jpeg?resize=300%2C300&amp;ssl=1 300w, https:\/\/i0.wp.com\/cdnoticias.com\/wp-content\/uploads\/2021\/01\/covid-1.jpeg?resize=150%2C150&amp;ssl=1 150w, https:\/\/i0.wp.com\/cdnoticias.com\/wp-content\/uploads\/2021\/01\/covid-1.jpeg?resize=768%2C767&amp;ssl=1 768w, https:\/\/i0.wp.com\/cdnoticias.com\/wp-content\/uploads\/2021\/01\/covid-1.jpeg?resize=1024%2C1024&amp;ssl=1 1024w, https:\/\/i0.wp.com\/cdnoticias.com\/wp-content\/uploads\/2021\/01\/covid-1.jpeg?w=1280&amp;ssl=1 1280w\" sizes=\"auto, (max-width: 500px) 100vw, 500px\" \/><\/p>\n<p><strong>Por mes<\/strong><\/p>\n<p><strong>Durante junio<\/strong>, cuando la enfermedad impact\u00f3 inicialmente, se registraron <strong>148 casos y 3 fallecimientos.<\/strong><\/p>\n<p>El siguiente <a href=\"https:\/\/cdnoticias.com\/index.php\/2020\/10\/20\/covid-en-lo-que-va-de-octubre-se-supero-la-cantidad-de-decesos-de-septiembre\/\" target=\"_blank\" rel=\"noopener\">mes pico<\/a>, fue <strong>septiembre, que tuvo 910 casos (16,74% del total anual) y 24 fallecimientos<\/strong>; ampliamente superado por <strong>octubre cuando se detectaron 2.357 casos (43,36% del total anual) y 35 decesos<\/strong>. Este ritmo fue acompa\u00f1ado tambi\u00e9n por la <a href=\"https:\/\/cdnoticias.com\/index.php\/2020\/10\/29\/ocupacion-hospitalaria-octubre-tuvo-un-promedio-de-31-personas-internadas\/\" target=\"_blank\" rel=\"noopener\">internaci\u00f3n en el Hospital Municipal<\/a>.<\/p>\n<p>El total de casos nuevos registrados baj\u00f3 a 918 en noviembre y 871 en diciembre.<\/p>\n<blockquote><p>En datos anuales, 5.435 olavarrienses se contagiaron de Covid y casi 95% se recuperaron. En tanto, 94 fallecieron.<\/p><\/blockquote>\n<p>A lo largo de 2020 se realizaron <strong>14.726 testeos<\/strong>.<\/p>\n<p>Tal como se destac\u00f3 <a href=\"https:\/\/cdnoticias.com\/index.php\/2020\/12\/31\/un-repaso-del-ano-que-puso-a-la-salud-en-primer-plano\/\" target=\"_blank\" rel=\"noopener\">en el resumen anual<\/a>, desde la semana pasada, el panorama nacional comenz\u00f3 a mostrar un signo m\u00e1s alentador: <strong>se inici\u00f3 la vacunaci\u00f3n<\/strong> y tambi\u00e9n <a href=\"https:\/\/cdnoticias.com\/index.php\/2020\/12\/30\/comenzo-la-vacunacion-contra-el-covid-en-olavarria\/\" target=\"_blank\" rel=\"noopener\">en Olavarr\u00eda<\/a>. Por el momento, el personal de salud es el objetivo del programa y se espera que para la segunda mitad de este mes alcance tambi\u00e9n a las personas mayores de 60 a\u00f1os.<\/p>\n","protected":false},"excerpt":{"rendered":"<p>A lo largo del a\u00f1o 5.435 olavarrienses padecieron la enfermedad y 94,35% recibieron el alta. Las semanas epidemiol\u00f3gicas 42 y<\/p>\n","protected":false},"author":4,"featured_media":10546,"comment_status":"closed","ping_status":"closed","sticky":false,"template":"","format":"standard","meta":{"_jetpack_memberships_contains_paid_content":false,"footnotes":""},"categories":[5,1],"tags":[],"class_list":["post-10543","post","type-post","status-publish","format-standard","has-post-thumbnail","hentry","category-informacion-general","category-portada"],"jetpack_featured_media_url":"https:\/\/i0.wp.com\/cdnoticias.com\/wp-content\/uploads\/2021\/01\/covid-2020.jpg?fit=644%2C359&ssl=1","jetpack_sharing_enabled":true,"_links":{"self":[{"href":"https:\/\/cdnoticias.com\/index.php\/wp-json\/wp\/v2\/posts\/10543","targetHints":{"allow":["GET"]}}],"collection":[{"href":"https:\/\/cdnoticias.com\/index.php\/wp-json\/wp\/v2\/posts"}],"about":[{"href":"https:\/\/cdnoticias.com\/index.php\/wp-json\/wp\/v2\/types\/post"}],"author":[{"embeddable":true,"href":"https:\/\/cdnoticias.com\/index.php\/wp-json\/wp\/v2\/users\/4"}],"replies":[{"embeddable":true,"href":"https:\/\/cdnoticias.com\/index.php\/wp-json\/wp\/v2\/comments?post=10543"}],"version-history":[{"count":0,"href":"https:\/\/cdnoticias.com\/index.php\/wp-json\/wp\/v2\/posts\/10543\/revisions"}],"wp:featuredmedia":[{"embeddable":true,"href":"https:\/\/cdnoticias.com\/index.php\/wp-json\/wp\/v2\/media\/10546"}],"wp:attachment":[{"href":"https:\/\/cdnoticias.com\/index.php\/wp-json\/wp\/v2\/media?parent=10543"}],"wp:term":[{"taxonomy":"category","embeddable":true,"href":"https:\/\/cdnoticias.com\/index.php\/wp-json\/wp\/v2\/categories?post=10543"},{"taxonomy":"post_tag","embeddable":true,"href":"https:\/\/cdnoticias.com\/index.php\/wp-json\/wp\/v2\/tags?post=10543"}],"curies":[{"name":"wp","href":"https:\/\/api.w.org\/{rel}","templated":true}]}}