{"id":105416,"date":"2023-12-29T12:03:58","date_gmt":"2023-12-29T15:03:58","guid":{"rendered":"https:\/\/cdnoticias.com\/?p=105416"},"modified":"2023-12-29T12:04:01","modified_gmt":"2023-12-29T15:04:01","slug":"matrella-tenemos-la-responsabilidad-y-prudencia-de-brindar-la-principal-herramienta-de-gestion","status":"publish","type":"post","link":"https:\/\/cdnoticias.com\/index.php\/2023\/12\/29\/matrella-tenemos-la-responsabilidad-y-prudencia-de-brindar-la-principal-herramienta-de-gestion\/","title":{"rendered":"Matrella: \u201ctenemos la responsabilidad y prudencia de brindar la principal herramienta de gesti\u00f3n\u201d"},"content":{"rendered":"<p>El bloque UCR expuso el an\u00e1lisis sobre el Presupuesto 2024 y manifest\u00f3 preocupaci\u00f3n por la baja inversi\u00f3n en obras, del 6% del total. \u201cEntendemos que el contexto econ\u00f3mico no allana la tarea\u201d dijo el edil. Tambi\u00e9n manifest\u00f3 preocupaci\u00f3n por la suba en las prepagas y c\u00f3mo se resentir\u00e1 el sistema de salud p\u00fablico.<\/p>\n<p><!--more--><\/p>\n<hr \/>\n<p><a href=\"https:\/\/cdnoticias.com\/index.php\/2023\/12\/29\/se-pueden-ver-ya-algunas-de-las-lineas-rectoras-de-lo-que-sera-la-gestion-wesner\/\" target=\"_blank\" rel=\"noopener\">En el marco de la discusi\u00f3n en el Concejo Deliberante por el Presupuesto 2024<\/a>, el <strong>concejal del radicalismo Sebasti\u00e1n Matrella<\/strong> expuso la postura del sector y adelant\u00f3 el <strong>acompa\u00f1amiento<\/strong> del bloque a la propuesta readecuada por la gesti\u00f3n Wesner, a pocos d\u00edas de asumir.<\/p>\n<p>&nbsp;<\/p>\n<p>R\u00e1pidamente, manifest\u00f3<strong> entendimiento desde su bancada por \u201cel contexto econ\u00f3mico que no allana la tarea a la hora de su elaboraci\u00f3n<\/strong>, como tambi\u00e9n sabemos que la nueva administraci\u00f3n tuvo poco tiempo para poder analizarlo y trabajarlo en profundidad. Del mismo modo, el tiempo para su estudio del legislativo tampoco fue el \u00f3ptimo: en menos de una semana de su presentaci\u00f3n definitiva estamos reunidos para su debate y tratamiento\u201d. De todos modos, dijo que realizaron un \u201can\u00e1lisis responsable\u201d de lo enviado.<\/p>\n<p>&nbsp;<\/p>\n<blockquote><p>Catalog\u00f3 el presupuesto como \u201csumamente austero\u201d y marc\u00f3 con rapidez \u201cuna marcada baja en inversi\u00f3n en obras. Siempre remarcamos que Olavarr\u00eda tiene una diferencia favorable con respecto a otras ciudades que es la Tasa por Explotaci\u00f3n de Canteras. Y hace muchos a\u00f1os que los ingresos generados por esta tasa no se invierten en los fines para los cuales fue creada que son obras\u201d.<\/p><\/blockquote>\n<p>&nbsp;<\/p>\n<p><img data-recalc-dims=\"1\" loading=\"lazy\" decoding=\"async\" class=\"size-large wp-image-105420 aligncenter\" src=\"https:\/\/i0.wp.com\/cdnoticias.com\/wp-content\/uploads\/2023\/12\/HCD-UCR-matrella-01.jpg?resize=800%2C445&#038;ssl=1\" alt=\"\" width=\"800\" height=\"445\" srcset=\"https:\/\/i0.wp.com\/cdnoticias.com\/wp-content\/uploads\/2023\/12\/HCD-UCR-matrella-01.jpg?resize=1024%2C570&amp;ssl=1 1024w, https:\/\/i0.wp.com\/cdnoticias.com\/wp-content\/uploads\/2023\/12\/HCD-UCR-matrella-01.jpg?resize=300%2C167&amp;ssl=1 300w, https:\/\/i0.wp.com\/cdnoticias.com\/wp-content\/uploads\/2023\/12\/HCD-UCR-matrella-01.jpg?resize=768%2C428&amp;ssl=1 768w, https:\/\/i0.wp.com\/cdnoticias.com\/wp-content\/uploads\/2023\/12\/HCD-UCR-matrella-01.jpg?resize=800%2C445&amp;ssl=1 800w, https:\/\/i0.wp.com\/cdnoticias.com\/wp-content\/uploads\/2023\/12\/HCD-UCR-matrella-01.jpg?w=1200&amp;ssl=1 1200w\" sizes=\"auto, (max-width: 800px) 100vw, 800px\" \/><\/p>\n<p>&nbsp;<\/p>\n<p><strong>\u201cSe presupuesta para este a\u00f1o 7.990 millones de pesos. Es casi el 20% de los recursos presupuestados. Significan un 38% sobre los recursos propios\u201d<\/strong> describi\u00f3, y dijo que <strong>profundiza el financiamiento del gasto corriente<\/strong>. \u201cEs hora de pensar de d\u00f3nde saldr\u00e1n los recursos cuando nuestra ciudad ya no cuente con esta producci\u00f3n no renovable\u201d.<\/p>\n<p>&nbsp;<\/p>\n<p>Se\u00f1al\u00f3 un<strong> \u201cproblema central\u201d que es \u201cla incidencia que tiene el personal sobre los recursos propios.<\/strong> Estamos proyectando para este a\u00f1o que se destinar\u00e1n fondos en personal por 17.463 millones de pesos, aproximadamente un 44,5% de los gastos presupuestados\u201d.<\/p>\n<p>&nbsp;<\/p>\n<p>\u201cPara tener un Municipio eficiente se debe emprender un necesario equilibrio, donde la planta permanente disminuya con el personal que se va jubilando y as\u00ed evitar que siga creciendo\u201d.<\/p>\n<p>&nbsp;<\/p>\n<p>Manifest\u00f3 que \u201cestamos ante un contexto cercano a la hiperinflaci\u00f3n: por el desmanejo econ\u00f3mico que tuvo el presidente Alberto Fern\u00e1ndez, Sergio Massa y Cristina Kirchner generando un d\u00f3lar atrasado, que nadie consegu\u00eda, y lo que trajo aparejado son deudas de importadores, congelamiento de tarifas y una alta emisi\u00f3n monetaria\u201d.<\/p>\n<p>&nbsp;<\/p>\n<p><img data-recalc-dims=\"1\" loading=\"lazy\" decoding=\"async\" class=\"size-large wp-image-105421 aligncenter\" src=\"https:\/\/i0.wp.com\/cdnoticias.com\/wp-content\/uploads\/2023\/12\/HCD-UCR-matrella-02.jpg?resize=800%2C445&#038;ssl=1\" alt=\"\" width=\"800\" height=\"445\" srcset=\"https:\/\/i0.wp.com\/cdnoticias.com\/wp-content\/uploads\/2023\/12\/HCD-UCR-matrella-02.jpg?resize=1024%2C570&amp;ssl=1 1024w, https:\/\/i0.wp.com\/cdnoticias.com\/wp-content\/uploads\/2023\/12\/HCD-UCR-matrella-02.jpg?resize=300%2C167&amp;ssl=1 300w, https:\/\/i0.wp.com\/cdnoticias.com\/wp-content\/uploads\/2023\/12\/HCD-UCR-matrella-02.jpg?resize=768%2C428&amp;ssl=1 768w, https:\/\/i0.wp.com\/cdnoticias.com\/wp-content\/uploads\/2023\/12\/HCD-UCR-matrella-02.jpg?resize=800%2C445&amp;ssl=1 800w, https:\/\/i0.wp.com\/cdnoticias.com\/wp-content\/uploads\/2023\/12\/HCD-UCR-matrella-02.jpg?w=1200&amp;ssl=1 1200w\" sizes=\"auto, (max-width: 800px) 100vw, 800px\" \/><\/p>\n<p>&nbsp;<\/p>\n<p>Por todo ello, el concejal de UCR insisti\u00f3 en que \u201ces muy dif\u00edcil generar un presupuesto que pueda ser una hoja de ruta viable, pero no viene solo de este a\u00f1o. <strong>La actualizaci\u00f3n de tasas con estos niveles de inflaci\u00f3n no ha podido mantener el nivel de suba de los costos.<\/strong> La inflaci\u00f3n real ha sido mucho m\u00e1s alta que la informada por el Indec\u201d.<\/p>\n<p>&nbsp;<\/p>\n<blockquote><p>Volvi\u00f3 a definir que el Presupuesto \u201ces realmente austero\u201d y en este punto se\u00f1al\u00f3 \u201clas pocas obras proyectadas en la ciudad. Algunas vienen arrastradas de 2023 y culminar\u00e1n en 2024. Estamos hablando de 3.130 millones destinado a obras, y si sacamos a las que se cumplen por afectaci\u00f3n espec\u00edfica como caminos rurales, el monto es de 1.600 millones. Es un n\u00famero muy bajo teniendo en cuenta que se han destinado hasta el 15% de su Presupuesto\u201d. Indic\u00f3 que en esta ocasi\u00f3n es poco m\u00e1s del 6%.<\/p><\/blockquote>\n<p>&nbsp;<\/p>\n<p>\u201cEs importante poder examinar <strong>el peso real de la inversi\u00f3n directa sobre el total del gasto<\/strong> porque nos permite analizar el estado de las cuentas del Municipio, la realidad y la potencialidad de la econom\u00eda local en el mediano y largo plazo\u201d consider\u00f3 Matrella.<\/p>\n<p>&nbsp;<\/p>\n<p>En materia de<strong> salud, dijo que se destinar\u00e1n 14.600 millones sobre los ingresos<\/strong>, el 36% del total, poco m\u00e1s que lo proyectado en 2023 \u201cy que demuestra que a\u00f1o a a\u00f1o se va incrementando\u201d. Se\u00f1al\u00f3 el pedido de suba de las prepagas que<strong> \u201cseguramente va a resentir el sistema de salud p\u00fablico,<\/strong> ya que deber\u00e1 atender a familias que no deber\u00e1n solventar la prepaga y es ah\u00ed donde el sistema p\u00fablico deber\u00e1 dar respuesta a todos sus vecinos\u201d.<\/p>\n<p>&nbsp;<\/p>\n<p><img data-recalc-dims=\"1\" loading=\"lazy\" decoding=\"async\" class=\"size-large wp-image-105413 aligncenter\" src=\"https:\/\/i0.wp.com\/cdnoticias.com\/wp-content\/uploads\/2023\/12\/HCD-sesion-extraordinaria-01.jpg?resize=800%2C445&#038;ssl=1\" alt=\"\" width=\"800\" height=\"445\" srcset=\"https:\/\/i0.wp.com\/cdnoticias.com\/wp-content\/uploads\/2023\/12\/HCD-sesion-extraordinaria-01.jpg?resize=1024%2C570&amp;ssl=1 1024w, https:\/\/i0.wp.com\/cdnoticias.com\/wp-content\/uploads\/2023\/12\/HCD-sesion-extraordinaria-01.jpg?resize=300%2C167&amp;ssl=1 300w, https:\/\/i0.wp.com\/cdnoticias.com\/wp-content\/uploads\/2023\/12\/HCD-sesion-extraordinaria-01.jpg?resize=768%2C428&amp;ssl=1 768w, https:\/\/i0.wp.com\/cdnoticias.com\/wp-content\/uploads\/2023\/12\/HCD-sesion-extraordinaria-01.jpg?resize=800%2C445&amp;ssl=1 800w, https:\/\/i0.wp.com\/cdnoticias.com\/wp-content\/uploads\/2023\/12\/HCD-sesion-extraordinaria-01.jpg?w=1200&amp;ssl=1 1200w\" sizes=\"auto, (max-width: 800px) 100vw, 800px\" \/><\/p>\n<p>&nbsp;<\/p>\n<p>Finalmente, resalt\u00f3 que la intenci\u00f3n es <strong>que \u201clos vecinos conozcan la situaci\u00f3n econ\u00f3mica del Municipio,<\/strong> que tengan toda la informaci\u00f3n de la forma que la actual administraci\u00f3n piensa transcurrir este 2024\u201d.<\/p>\n<p>&nbsp;<\/p>\n<blockquote><p>Adelant\u00f3 el voto positivo de su bloque (junto a Francisco Gonz\u00e1lez) y dijo que \u201clo hacemos con la responsabilidad y prudencia de brindarle al nuevo gobierno la principal herramienta de gesti\u00f3n, sin intenciones de poner trabas ni impedimentos a una administraci\u00f3n que transita sus primeros pasos. Deseamos que la confianza que le brindaron los vecinos para la toma de decisiones sea utilizada correctamente y por el bien de la ciudad\u201d cerr\u00f3.<\/p><\/blockquote>\n<p>&nbsp;<\/p>\n","protected":false},"excerpt":{"rendered":"<p>El bloque UCR expuso el an\u00e1lisis sobre el Presupuesto 2024 y manifest\u00f3 preocupaci\u00f3n por la baja inversi\u00f3n en obras, del<\/p>\n","protected":false},"author":4,"featured_media":105419,"comment_status":"closed","ping_status":"closed","sticky":false,"template":"","format":"standard","meta":{"_jetpack_memberships_contains_paid_content":false,"footnotes":""},"categories":[4,1],"tags":[],"class_list":["post-105416","post","type-post","status-publish","format-standard","has-post-thumbnail","hentry","category-politica","category-portada"],"jetpack_featured_media_url":"https:\/\/i0.wp.com\/cdnoticias.com\/wp-content\/uploads\/2023\/12\/HCD-UCR-matrella-00.jpg?fit=1200%2C668&ssl=1","jetpack_sharing_enabled":true,"_links":{"self":[{"href":"https:\/\/cdnoticias.com\/index.php\/wp-json\/wp\/v2\/posts\/105416","targetHints":{"allow":["GET"]}}],"collection":[{"href":"https:\/\/cdnoticias.com\/index.php\/wp-json\/wp\/v2\/posts"}],"about":[{"href":"https:\/\/cdnoticias.com\/index.php\/wp-json\/wp\/v2\/types\/post"}],"author":[{"embeddable":true,"href":"https:\/\/cdnoticias.com\/index.php\/wp-json\/wp\/v2\/users\/4"}],"replies":[{"embeddable":true,"href":"https:\/\/cdnoticias.com\/index.php\/wp-json\/wp\/v2\/comments?post=105416"}],"version-history":[{"count":0,"href":"https:\/\/cdnoticias.com\/index.php\/wp-json\/wp\/v2\/posts\/105416\/revisions"}],"wp:featuredmedia":[{"embeddable":true,"href":"https:\/\/cdnoticias.com\/index.php\/wp-json\/wp\/v2\/media\/105419"}],"wp:attachment":[{"href":"https:\/\/cdnoticias.com\/index.php\/wp-json\/wp\/v2\/media?parent=105416"}],"wp:term":[{"taxonomy":"category","embeddable":true,"href":"https:\/\/cdnoticias.com\/index.php\/wp-json\/wp\/v2\/categories?post=105416"},{"taxonomy":"post_tag","embeddable":true,"href":"https:\/\/cdnoticias.com\/index.php\/wp-json\/wp\/v2\/tags?post=105416"}],"curies":[{"name":"wp","href":"https:\/\/api.w.org\/{rel}","templated":true}]}}