{"id":105399,"date":"2023-12-29T11:21:20","date_gmt":"2023-12-29T14:21:20","guid":{"rendered":"https:\/\/cdnoticias.com\/?p=105399"},"modified":"2023-12-29T14:08:36","modified_gmt":"2023-12-29T17:08:36","slug":"se-pueden-ver-ya-algunas-de-las-lineas-rectoras-de-lo-que-sera-la-gestion-wesner","status":"publish","type":"post","link":"https:\/\/cdnoticias.com\/index.php\/2023\/12\/29\/se-pueden-ver-ya-algunas-de-las-lineas-rectoras-de-lo-que-sera-la-gestion-wesner\/","title":{"rendered":"\u201cSe pueden ver ya algunas de las l\u00edneas rectoras de lo que ser\u00e1 la gesti\u00f3n Wesner\u201d"},"content":{"rendered":"<p>El concejal Federico Aguilera present\u00f3 el Presupuesto en sesi\u00f3n y se\u00f1al\u00f3 que habr\u00e1 un ahorro corriente de 4.500 millones de pesos. Reiter\u00f3 que continuar\u00e1n las obras que dej\u00f3 la gesti\u00f3n Galli y que el ahorro en la planta de funcionarios ir\u00e1 a Salud y Desarrollo de la Comunidad.<\/p>\n<p><!--more--><\/p>\n<hr \/>\n<p><strong>Este viernes sesiona el Concejo Deliberante de Olavarr\u00eda<\/strong> para<a href=\"https:\/\/cdnoticias.com\/index.php\/2023\/12\/28\/hcd-este-viernes-se-trataran-el-presupuesto-2024-y-la-modificacion-impositiva\/\" target=\"_blank\" rel=\"noopener\"> tratar cuatro proyectos<\/a>. Los principales son el<strong> Presupuesto 2024<\/strong> y la <a href=\"https:\/\/cdnoticias.com\/index.php\/2023\/12\/28\/suba-de-seguridad-e-higiene-son-los-sectores-con-mayor-capacidad-economica-y-de-recaudacion\/\" target=\"_blank\" rel=\"noopener\"><strong>modificaci\u00f3n de la Ordenanza Impositiva 2024<\/strong><\/a>. Pocos minutos despu\u00e9s de las 9 en el recinto de la Sociedad Espa\u00f1ola comenz\u00f3 la sesi\u00f3n extraordinaria con la nueva conformaci\u00f3n del cuerpo.<\/p>\n<p>&nbsp;<\/p>\n<p>En el inicio de la sesi\u00f3n de la discusi\u00f3n del <strong>Presupuesto 2024<\/strong>, el <strong>presidente del bloque de Uni\u00f3n por la Patria Federico Aguilera<\/strong> present\u00f3 la partida general de gastos y resalt\u00f3 que, si bien<strong> es una adaptaci\u00f3n al nuevo organigrama de la gesti\u00f3n Wesner, \u201cse pueden ver algunas l\u00edneas rectoras\u201d de lo que ser\u00e1 la nueva gesti\u00f3n municipal.<\/strong><\/p>\n<p>&nbsp;<\/p>\n<p>Se\u00f1al\u00f3 que adem\u00e1s de ser una adecuaci\u00f3n al organigrama municipal,<strong> \u201chay otras modificaciones\u201d vinculadas al ahorro corriente<\/strong>, teniendo en cuenta el <strong>\u201chist\u00f3rico\u201d d\u00e9ficit<\/strong> con el que las arcas municipales cierran el presente a\u00f1o.<\/p>\n<p>&nbsp;<\/p>\n<blockquote><p>\u201cEste presupuesto representa una variaci\u00f3n del 116% respecto del Presupuesto del a\u00f1o pasado y se marca en un contexto de ausencia de pautas y proyecciones oficiales respecto de las variables macroecon\u00f3micas para el a\u00f1o 2024\u201d. Adem\u00e1s, Aguilera le sum\u00f3 que \u201cno se sabe con qu\u00e9 recursos contar\u00e1 la Provincia el a\u00f1o entrante y si se mantendr\u00e1n las transferencias autom\u00e1ticas\u201d teniendo en cuenta que la discusi\u00f3n del Presupuesto bonaerense pas\u00f3 para enero.<\/p><\/blockquote>\n<p>&nbsp;<\/p>\n<p><img data-recalc-dims=\"1\" loading=\"lazy\" decoding=\"async\" class=\"size-large wp-image-105404 aligncenter\" src=\"https:\/\/i0.wp.com\/cdnoticias.com\/wp-content\/uploads\/2023\/12\/HCD-federico-aguilera-00.jpg?resize=800%2C445&#038;ssl=1\" alt=\"\" width=\"800\" height=\"445\" srcset=\"https:\/\/i0.wp.com\/cdnoticias.com\/wp-content\/uploads\/2023\/12\/HCD-federico-aguilera-00.jpg?resize=1024%2C570&amp;ssl=1 1024w, https:\/\/i0.wp.com\/cdnoticias.com\/wp-content\/uploads\/2023\/12\/HCD-federico-aguilera-00.jpg?resize=300%2C167&amp;ssl=1 300w, https:\/\/i0.wp.com\/cdnoticias.com\/wp-content\/uploads\/2023\/12\/HCD-federico-aguilera-00.jpg?resize=768%2C428&amp;ssl=1 768w, https:\/\/i0.wp.com\/cdnoticias.com\/wp-content\/uploads\/2023\/12\/HCD-federico-aguilera-00.jpg?resize=800%2C445&amp;ssl=1 800w, https:\/\/i0.wp.com\/cdnoticias.com\/wp-content\/uploads\/2023\/12\/HCD-federico-aguilera-00.jpg?w=1200&amp;ssl=1 1200w\" sizes=\"auto, (max-width: 800px) 100vw, 800px\" \/><\/p>\n<p>&nbsp;<\/p>\n<p>Tambi\u00e9n se\u00f1al\u00f3 que este presupuesto<strong> \u201chay que enmarcarlo en la coyuntura nacional que afectar\u00e1 la coparticipaci\u00f3n<\/strong> de acuerdo a las medidas anunciadas por el Presidente nacional. Sumado a esto el <strong>gran d\u00e9ficit econ\u00f3mico municipal\u201d.<\/strong><\/p>\n<p>&nbsp;<\/p>\n<p>Metidos de lleno en lo t\u00e9cnico de la partida general municipal, seg\u00fan las estimaciones en base a cuentas ahorro, inversi\u00f3n y confecci\u00f3n del Presupuesto, la partida \u201cgenerar\u00eda <strong>un ahorro corriente de 4.520 millones de pesos. Esto es equivalente al 11,6% de los ingresos corrientes,<\/strong> siendo una ratio aceptable en el actual contexto mencionado\u201d.<\/p>\n<p>&nbsp;<\/p>\n<blockquote><p>\u201cTransitamos un a\u00f1o deficitario por lo que mostrar estos n\u00fameros equilibrados se debe principalmente a una pol\u00edtica austera en materia de gastos as\u00ed como tambi\u00e9n a la eficacia en la recaudaci\u00f3n que llevar\u00e1 adelante la gesti\u00f3n municipal\u201d agreg\u00f3.<\/p><\/blockquote>\n<p>&nbsp;<\/p>\n<p><img data-recalc-dims=\"1\" loading=\"lazy\" decoding=\"async\" class=\"size-large wp-image-105401 aligncenter\" src=\"https:\/\/i0.wp.com\/cdnoticias.com\/wp-content\/uploads\/2023\/12\/HCD-bloque-union-por-la-patria-aguilera-01.jpg?resize=800%2C445&#038;ssl=1\" alt=\"\" width=\"800\" height=\"445\" srcset=\"https:\/\/i0.wp.com\/cdnoticias.com\/wp-content\/uploads\/2023\/12\/HCD-bloque-union-por-la-patria-aguilera-01.jpg?resize=1024%2C570&amp;ssl=1 1024w, https:\/\/i0.wp.com\/cdnoticias.com\/wp-content\/uploads\/2023\/12\/HCD-bloque-union-por-la-patria-aguilera-01.jpg?resize=300%2C167&amp;ssl=1 300w, https:\/\/i0.wp.com\/cdnoticias.com\/wp-content\/uploads\/2023\/12\/HCD-bloque-union-por-la-patria-aguilera-01.jpg?resize=768%2C428&amp;ssl=1 768w, https:\/\/i0.wp.com\/cdnoticias.com\/wp-content\/uploads\/2023\/12\/HCD-bloque-union-por-la-patria-aguilera-01.jpg?resize=800%2C445&amp;ssl=1 800w, https:\/\/i0.wp.com\/cdnoticias.com\/wp-content\/uploads\/2023\/12\/HCD-bloque-union-por-la-patria-aguilera-01.jpg?w=1200&amp;ssl=1 1200w\" sizes=\"auto, (max-width: 800px) 100vw, 800px\" \/><\/p>\n<p>&nbsp;<\/p>\n<p>Respecto a los <strong>ingresos tributarios, representan el 42,23% de los ingresos corrientes<\/strong>. Los no tributarios representan el 52,83%. \u201cGastos de capital para 2024 ascender\u00edan a 3.556 millones de pesos, un 9% de los gastos totales. Los gastos corrientes 39.500 millones de pesos\u201d.<\/p>\n<p>&nbsp;<\/p>\n<p>Entre la readecuaci\u00f3n de lo presentado por Galli y lo ratificado por Wesner,<strong> hay \u201c665 millones de pesos m\u00e1s que el Presupuesto anterior presentado por el Intendente saliente\u201d.<\/strong><\/p>\n<p>&nbsp;<\/p>\n<blockquote><p>Esto est\u00e1 explicado en \u201cla adecuaci\u00f3n de la pauta inflacionaria, la adecuaci\u00f3n al nuevo organigrama municipal y de la nueva composici\u00f3n de la planta de funcionarios que tuvo una disminuci\u00f3n y representa un ahorro de 360 millones de pesos\u201d.<\/p><\/blockquote>\n<p>&nbsp;<\/p>\n<p>Se\u00f1al\u00f3 que hubo, a su vez,<strong> \u201cun incremento de partidas de gastos en combustible, ayudas sociales a personas y v\u00edctimas de violencia de g\u00e9nero, reparaciones en el Hospital y obras afectadas\u201d<\/strong>. Tambi\u00e9n un<strong> \u201cincremento de infraestructura rural<\/strong> por el crecimiento del fondo afectado por ordenanza\u201d.<\/p>\n<p>&nbsp;<\/p>\n<p><img data-recalc-dims=\"1\" loading=\"lazy\" decoding=\"async\" class=\"size-large wp-image-105406 aligncenter\" src=\"https:\/\/i0.wp.com\/cdnoticias.com\/wp-content\/uploads\/2023\/12\/HCD-sesion-extraordinaria-1024x570.jpg?resize=800%2C445&#038;ssl=1\" alt=\"\" width=\"800\" height=\"445\" srcset=\"https:\/\/i0.wp.com\/cdnoticias.com\/wp-content\/uploads\/2023\/12\/HCD-sesion-extraordinaria.jpg?resize=1024%2C570&amp;ssl=1 1024w, https:\/\/i0.wp.com\/cdnoticias.com\/wp-content\/uploads\/2023\/12\/HCD-sesion-extraordinaria.jpg?resize=300%2C167&amp;ssl=1 300w, https:\/\/i0.wp.com\/cdnoticias.com\/wp-content\/uploads\/2023\/12\/HCD-sesion-extraordinaria.jpg?resize=768%2C428&amp;ssl=1 768w, https:\/\/i0.wp.com\/cdnoticias.com\/wp-content\/uploads\/2023\/12\/HCD-sesion-extraordinaria.jpg?resize=800%2C445&amp;ssl=1 800w, https:\/\/i0.wp.com\/cdnoticias.com\/wp-content\/uploads\/2023\/12\/HCD-sesion-extraordinaria.jpg?w=1200&amp;ssl=1 1200w\" sizes=\"auto, (max-width: 800px) 100vw, 800px\" \/><\/p>\n<p>&nbsp;<\/p>\n<p>En materia de<strong> inversiones, se destinar\u00e1n 2.900 millones de pesos y estar\u00e1 centrado en cumplir \u201ccon las obras iniciadas en 2023\u201d.<\/strong> En l\u00edneas generales, ser\u00e1n la <em>ampliaci\u00f3n del sector internaci\u00f3n del Hospital Municipal, ampliaci\u00f3n del CAPS N\u00b07 del Barrio Independencia, el cord\u00f3n cuneta en el Barrio Carlos Pellegrini, la ampliaci\u00f3n de la Escuela N\u00b058, obras de infraestructura en caminos rurales, en los agrupamientos industriales, la segunda parte de la repavimentaci\u00f3n de avenida Eva Per\u00f3n y tambi\u00e9n la continuaci\u00f3n de las 10 viviendas del sistema Tuvi del barrio Pickelado.<\/em><\/p>\n<p>&nbsp;<\/p>\n<blockquote><p>\u201cSi bien este es un presupuesto que a rasgos generales es una continuidad del presupuesto presentado por el gobierno saliente, con pocos d\u00edas para trabajar, en un contexto de pa\u00eds de total incertidumbre, en una profunda crisis econ\u00f3mica, y con un temporal que afect\u00f3 durante varios d\u00edas el funcionamiento de la gesti\u00f3n p\u00fablica a nivel local y tambi\u00e9n con un d\u00e9ficit municipal hist\u00f3rico, fue presentado en tiempo y forma -que no es poca cosa- y se pueden ver ya algunas de las l\u00edneas rectoras de lo que ser\u00e1 la gesti\u00f3n de Maximiliano Wesner\u201d.<\/p><\/blockquote>\n<p>&nbsp;<\/p>\n<p>Se trata de una<em> \u201cgesti\u00f3n austera que buscar\u00e1 el reordenamiento de la administraci\u00f3n de los recursos municipales y el equilibrio de sus arcas castigadas\u201d.<\/em><\/p>\n<p>&nbsp;<\/p>\n<p><img data-recalc-dims=\"1\" loading=\"lazy\" decoding=\"async\" class=\"size-large wp-image-105405 aligncenter\" src=\"https:\/\/i0.wp.com\/cdnoticias.com\/wp-content\/uploads\/2023\/12\/HCD-federico-aguilera-01.jpg?resize=800%2C445&#038;ssl=1\" alt=\"\" width=\"800\" height=\"445\" srcset=\"https:\/\/i0.wp.com\/cdnoticias.com\/wp-content\/uploads\/2023\/12\/HCD-federico-aguilera-01.jpg?resize=1024%2C570&amp;ssl=1 1024w, https:\/\/i0.wp.com\/cdnoticias.com\/wp-content\/uploads\/2023\/12\/HCD-federico-aguilera-01.jpg?resize=300%2C167&amp;ssl=1 300w, https:\/\/i0.wp.com\/cdnoticias.com\/wp-content\/uploads\/2023\/12\/HCD-federico-aguilera-01.jpg?resize=768%2C428&amp;ssl=1 768w, https:\/\/i0.wp.com\/cdnoticias.com\/wp-content\/uploads\/2023\/12\/HCD-federico-aguilera-01.jpg?resize=800%2C445&amp;ssl=1 800w, https:\/\/i0.wp.com\/cdnoticias.com\/wp-content\/uploads\/2023\/12\/HCD-federico-aguilera-01.jpg?w=1200&amp;ssl=1 1200w\" sizes=\"auto, (max-width: 800px) 100vw, 800px\" \/><\/p>\n<p>&nbsp;<\/p>\n<p>El <strong>ahorro de la planta de funcionarios ir\u00e1 al \u201ccastigado\u201d sistema de salud y a desarrollo de la comunidad<\/strong>. \u201cSon apenas dos muestras de la direcci\u00f3n que tomar\u00e1 la nueva gesti\u00f3n ocupada y preocupada por el desarrollo y crecimiento de Olavarr\u00eda y atenci\u00f3n de las demandas que requieren un Estado m\u00e1s presente que nunca\u201d.<\/p>\n<p>&nbsp;<\/p>\n<p>Finalmente, y tras pedir a los concejales el acompa\u00f1amiento de la propuesta presentada por el Ejecutivo, <strong>Aguilera adelant\u00f3 que en el Presupuesto 2025 se ver\u00e1 \u201cel verdadero plan de gesti\u00f3n del nuevo intendente\u201d<\/strong>.<\/p>\n<p>&nbsp;<\/p>\n","protected":false},"excerpt":{"rendered":"<p>El concejal Federico Aguilera present\u00f3 el Presupuesto en sesi\u00f3n y se\u00f1al\u00f3 que habr\u00e1 un ahorro corriente de 4.500 millones de<\/p>\n","protected":false},"author":4,"featured_media":105403,"comment_status":"closed","ping_status":"closed","sticky":false,"template":"","format":"standard","meta":{"_jetpack_memberships_contains_paid_content":false,"footnotes":""},"categories":[4,1],"tags":[],"class_list":["post-105399","post","type-post","status-publish","format-standard","has-post-thumbnail","hentry","category-politica","category-portada"],"jetpack_featured_media_url":"https:\/\/i0.wp.com\/cdnoticias.com\/wp-content\/uploads\/2023\/12\/HCD-bloque-union-por-la-patria.jpg?fit=1200%2C667&ssl=1","jetpack_sharing_enabled":true,"_links":{"self":[{"href":"https:\/\/cdnoticias.com\/index.php\/wp-json\/wp\/v2\/posts\/105399","targetHints":{"allow":["GET"]}}],"collection":[{"href":"https:\/\/cdnoticias.com\/index.php\/wp-json\/wp\/v2\/posts"}],"about":[{"href":"https:\/\/cdnoticias.com\/index.php\/wp-json\/wp\/v2\/types\/post"}],"author":[{"embeddable":true,"href":"https:\/\/cdnoticias.com\/index.php\/wp-json\/wp\/v2\/users\/4"}],"replies":[{"embeddable":true,"href":"https:\/\/cdnoticias.com\/index.php\/wp-json\/wp\/v2\/comments?post=105399"}],"version-history":[{"count":0,"href":"https:\/\/cdnoticias.com\/index.php\/wp-json\/wp\/v2\/posts\/105399\/revisions"}],"wp:featuredmedia":[{"embeddable":true,"href":"https:\/\/cdnoticias.com\/index.php\/wp-json\/wp\/v2\/media\/105403"}],"wp:attachment":[{"href":"https:\/\/cdnoticias.com\/index.php\/wp-json\/wp\/v2\/media?parent=105399"}],"wp:term":[{"taxonomy":"category","embeddable":true,"href":"https:\/\/cdnoticias.com\/index.php\/wp-json\/wp\/v2\/categories?post=105399"},{"taxonomy":"post_tag","embeddable":true,"href":"https:\/\/cdnoticias.com\/index.php\/wp-json\/wp\/v2\/tags?post=105399"}],"curies":[{"name":"wp","href":"https:\/\/api.w.org\/{rel}","templated":true}]}}