{"id":105394,"date":"2023-12-29T10:18:47","date_gmt":"2023-12-29T13:18:47","guid":{"rendered":"https:\/\/cdnoticias.com\/?p=105394"},"modified":"2023-12-29T11:35:25","modified_gmt":"2023-12-29T14:35:25","slug":"proteccion-ciudadana-nuevo-hallazgo-y-secuestro-de-cables","status":"publish","type":"post","link":"https:\/\/cdnoticias.com\/index.php\/2023\/12\/29\/proteccion-ciudadana-nuevo-hallazgo-y-secuestro-de-cables\/","title":{"rendered":"Protecci\u00f3n Ciudadana: nuevo hallazgo y secuestro de cables"},"content":{"rendered":"<p>La situaci\u00f3n fue detectada por inspectores municipales. La Justicia inici\u00f3 una causa por \u201cencubrimiento\u201d y el Juzgado de Faltas clausur\u00f3 el predio donde fueron encontrados los elementos.<\/p>\n<p><!--more--><\/p>\n<hr \/>\n<p>En el transcurso de las \u00faltimas horas, y gracias la continuidad de los<strong> esfuerzos preventivos desplegados desde la Subsecretar\u00eda de Protecci\u00f3n Ciudadana<\/strong> del Municipio de Olavarr\u00eda, se logr\u00f3 llevar a cabo el<strong> hallazgo y secuestro de una importante cantidad de cables<\/strong>, de distintos milimetrajes y envainados, que dio lugar a actuaciones judiciales que ya se encuentran a disposici\u00f3n de la fiscal\u00eda en turno.<\/p>\n<blockquote><p>Se detall\u00f3 que fueron inspectores municipales quienes \u201cdescubrieron la presencia de estos elementos en un local dedicado a la compra y venta de metales\u201d. De inmediato \u201cse dio aviso a personal de la comisar\u00eda Segunda y de la UFI 10, teniendo en cuenta que se podr\u00eda estar ante evidencia de una modalidad delictiva que se ha incrementado en los \u00faltimos tiempos, generando importante perjuicios a la comunidad en servicios tales como de energ\u00eda o comunicaciones\u201d.<\/p><\/blockquote>\n<p>Se se\u00f1al\u00f3 adem\u00e1s que investigadores <strong>convocaron a referentes de empresas prestadoras<\/strong> de esos servicios para <strong>constatar si reconoc\u00edan como propio lo incautado<\/strong>. Se inform\u00f3 que tal situaci\u00f3n que pudo ser acreditada y dio lugar al inicio de <strong>actuaciones que fueron encuadradas, en principio, como \u201cencubrimiento\u201d.<\/strong><\/p>\n<p>En ese marco, desde el Juzgado de Faltas Municipal se procedi\u00f3 a la<strong> clausura del lugar<\/strong>, mientras que <strong>el responsable del predio qued\u00f3 a disposici\u00f3n de la justicia.<\/strong><\/p>\n","protected":false},"excerpt":{"rendered":"<p>La situaci\u00f3n fue detectada por inspectores municipales. La Justicia inici\u00f3 una causa por \u201cencubrimiento\u201d y el Juzgado de Faltas clausur\u00f3<\/p>\n","protected":false},"author":4,"featured_media":105395,"comment_status":"closed","ping_status":"closed","sticky":false,"template":"","format":"standard","meta":{"_jetpack_memberships_contains_paid_content":false,"footnotes":""},"categories":[14,1],"tags":[],"class_list":["post-105394","post","type-post","status-publish","format-standard","has-post-thumbnail","hentry","category-policiales","category-portada"],"jetpack_featured_media_url":"https:\/\/i0.wp.com\/cdnoticias.com\/wp-content\/uploads\/2023\/12\/robo-de-cables-clausura-control-urbano.jpg?fit=1000%2C557&ssl=1","jetpack_sharing_enabled":true,"_links":{"self":[{"href":"https:\/\/cdnoticias.com\/index.php\/wp-json\/wp\/v2\/posts\/105394","targetHints":{"allow":["GET"]}}],"collection":[{"href":"https:\/\/cdnoticias.com\/index.php\/wp-json\/wp\/v2\/posts"}],"about":[{"href":"https:\/\/cdnoticias.com\/index.php\/wp-json\/wp\/v2\/types\/post"}],"author":[{"embeddable":true,"href":"https:\/\/cdnoticias.com\/index.php\/wp-json\/wp\/v2\/users\/4"}],"replies":[{"embeddable":true,"href":"https:\/\/cdnoticias.com\/index.php\/wp-json\/wp\/v2\/comments?post=105394"}],"version-history":[{"count":0,"href":"https:\/\/cdnoticias.com\/index.php\/wp-json\/wp\/v2\/posts\/105394\/revisions"}],"wp:featuredmedia":[{"embeddable":true,"href":"https:\/\/cdnoticias.com\/index.php\/wp-json\/wp\/v2\/media\/105395"}],"wp:attachment":[{"href":"https:\/\/cdnoticias.com\/index.php\/wp-json\/wp\/v2\/media?parent=105394"}],"wp:term":[{"taxonomy":"category","embeddable":true,"href":"https:\/\/cdnoticias.com\/index.php\/wp-json\/wp\/v2\/categories?post=105394"},{"taxonomy":"post_tag","embeddable":true,"href":"https:\/\/cdnoticias.com\/index.php\/wp-json\/wp\/v2\/tags?post=105394"}],"curies":[{"name":"wp","href":"https:\/\/api.w.org\/{rel}","templated":true}]}}