{"id":10537,"date":"2021-01-04T08:41:42","date_gmt":"2021-01-04T11:41:42","guid":{"rendered":"http:\/\/www.centraldenoticias.com.ar\/?p=10537"},"modified":"2021-01-04T10:11:04","modified_gmt":"2021-01-04T13:11:04","slug":"toque-de-queda-sanitario-esta-entre-las-posibilidades","status":"publish","type":"post","link":"https:\/\/cdnoticias.com\/index.php\/2021\/01\/04\/toque-de-queda-sanitario-esta-entre-las-posibilidades\/","title":{"rendered":"Toque de queda sanitario: \u201cest\u00e1 entre las posibilidades\u201d"},"content":{"rendered":"<p>Tras versiones y rumores, el jefe de asesores del Ministerio de Salud de la Provincia, Enio Garc\u00eda, admiti\u00f3 que una de las chances en caso de continuar la suba de casos de COVID es crear \u201cun toque de queda sanitario\u201d.<!--more--><\/p>\n<hr \/>\n<p>Entre dudas, rumores y aumento de casos de COVID en todo el pa\u00eds,<strong> la Provincia ratific\u00f3 que el \u201ctoque de queda sanitario\u201d se encuentra entre las opciones a tomar<\/strong> en caso de continuar la tendencia alcista de contagios.<\/p>\n<p>&nbsp;<\/p>\n<p>Fue el jefe de asesores del Ministerio de Salud de la Provincia, Enio Garc\u00eda, quien revel\u00f3 la chance de este <em>\u201ctoque de queda\u201d<\/em> <strong>con \u00e9nfasis en la Costa Atl\u00e1ntica<\/strong> y con la preocupaci\u00f3n de intendentes de todo el territorio bonaerense por lo que pueda pasar all\u00ed con la temporada.<\/p>\n<p>&nbsp;<\/p>\n<p><em>\u201cHay medidas que sabemos que funcionan m\u00e1s y otras que tienen m\u00e1s defectos. Uno sabe que es un conjunto de medidas, no se trata de una sola. <strong>Se est\u00e1 hablando de toque de queda sanitario\u2026 puede ser una opci\u00f3n<\/strong>, es una carta dentro de la baraja, pero no tendr\u00eda que ser la \u00fanica\u201d<\/em>, afirm\u00f3 el funcionario.<\/p>\n<p>&nbsp;<\/p>\n<p>Si bien se\u00f1al\u00f3 que no quiere que se cancele la temporada, <em>\u201chay que tomar algunas medidas para disminuir los contagios, que vienen fuerte no solo en Mar del Plata, tambi\u00e9n el Partido de la Costa est\u00e1 registrando muchos casos. Va a ser una semana clave para tomar definiciones\u201d.<\/em><\/p>\n<p>&nbsp;<\/p>\n<blockquote><p>\u201cSon medidas antip\u00e1ticas, pero no queda otra\u201d.<\/p><\/blockquote>\n<p>&nbsp;<\/p>\n<p>Afirm\u00f3 que<em> \u201cqueremos que siga el turismo, sabemos de la importancia de esa actividad para los municipios de la costa\u201d<\/em>, pero subray\u00f3 que <em>\u201cno va a haber turismo si hay un brote incontrolable, si el Ministerio de Salud no logra dar respuesta\u201d.<\/em><\/p>\n<p>&nbsp;<\/p>\n<p>En ese sentido argument\u00f3:<strong><em> \u201cNo podemos juntar lo peor de dos mundos: el caos sanitario y la falta de turismo, porque una familia no va a querer ir a un lugar donde el riesgo de contagio es alto. Hay que buscar un equilibrio donde mantengamos algo de turismo sin que eso sea una bomba de tiempo\u201d.<\/em><\/strong><\/p>\n<p>&nbsp;<\/p>\n<p>Pese a la advertencia, el ministro de Turismo Mat\u00edas Lammens, aclar\u00f3 que <strong>por el momento no se suspender\u00e1 la temporada de verano, aunque reconoci\u00f3 preocupaci\u00f3n<\/strong>, en especial en los j\u00f3venes, y que para eso aumentaron los controles para verificar el cumplimiento de protocolos y evitar fiestas clandestinas en la Costa Atl\u00e1ntica.<\/p>\n","protected":false},"excerpt":{"rendered":"<p>Tras versiones y rumores, el jefe de asesores del Ministerio de Salud de la Provincia, Enio Garc\u00eda, admiti\u00f3 que una<\/p>\n","protected":false},"author":2,"featured_media":10538,"comment_status":"closed","ping_status":"closed","sticky":false,"template":"","format":"standard","meta":{"_jetpack_memberships_contains_paid_content":false,"footnotes":""},"categories":[6,1],"tags":[],"class_list":["post-10537","post","type-post","status-publish","format-standard","has-post-thumbnail","hentry","category-nacionales","category-portada"],"jetpack_featured_media_url":"https:\/\/i0.wp.com\/cdnoticias.com\/wp-content\/uploads\/2021\/01\/covid-mar-del-plata.png?fit=769%2C539&ssl=1","jetpack_sharing_enabled":true,"_links":{"self":[{"href":"https:\/\/cdnoticias.com\/index.php\/wp-json\/wp\/v2\/posts\/10537","targetHints":{"allow":["GET"]}}],"collection":[{"href":"https:\/\/cdnoticias.com\/index.php\/wp-json\/wp\/v2\/posts"}],"about":[{"href":"https:\/\/cdnoticias.com\/index.php\/wp-json\/wp\/v2\/types\/post"}],"author":[{"embeddable":true,"href":"https:\/\/cdnoticias.com\/index.php\/wp-json\/wp\/v2\/users\/2"}],"replies":[{"embeddable":true,"href":"https:\/\/cdnoticias.com\/index.php\/wp-json\/wp\/v2\/comments?post=10537"}],"version-history":[{"count":0,"href":"https:\/\/cdnoticias.com\/index.php\/wp-json\/wp\/v2\/posts\/10537\/revisions"}],"wp:featuredmedia":[{"embeddable":true,"href":"https:\/\/cdnoticias.com\/index.php\/wp-json\/wp\/v2\/media\/10538"}],"wp:attachment":[{"href":"https:\/\/cdnoticias.com\/index.php\/wp-json\/wp\/v2\/media?parent=10537"}],"wp:term":[{"taxonomy":"category","embeddable":true,"href":"https:\/\/cdnoticias.com\/index.php\/wp-json\/wp\/v2\/categories?post=10537"},{"taxonomy":"post_tag","embeddable":true,"href":"https:\/\/cdnoticias.com\/index.php\/wp-json\/wp\/v2\/tags?post=10537"}],"curies":[{"name":"wp","href":"https:\/\/api.w.org\/{rel}","templated":true}]}}