{"id":105356,"date":"2023-12-28T18:12:20","date_gmt":"2023-12-28T21:12:20","guid":{"rendered":"https:\/\/cdnoticias.com\/?p=105356"},"modified":"2023-12-28T18:12:23","modified_gmt":"2023-12-28T21:12:23","slug":"aoma-acordo-un-incremento-del-25-del-salario-en-el-sector-de-molienda","status":"publish","type":"post","link":"https:\/\/cdnoticias.com\/index.php\/2023\/12\/28\/aoma-acordo-un-incremento-del-25-del-salario-en-el-sector-de-molienda\/","title":{"rendered":"AOMA acord\u00f3 un incremento del 25% del salario en el sector de Molienda"},"content":{"rendered":"\n<p>Fue tras d\u00edas de charlas entre el Secretario General, H\u00e9ctor Laplace, y la C\u00e1mara del sector mencionado. Tambi\u00e9n, se\u00f1alaron que no fue posible pactar el pago de un bono de fin de a\u00f1o.<\/p>\n\n\n\n<hr class=\"wp-block-separator aligncenter has-alpha-channel-opacity\"\/>\n\n\n\n<p>Este jueves, <strong>la Asociaci\u00f3n Obrera Minera Argentina (AOMA) cerr\u00f3 un nuevo acuerdo paritario para la rama de molienda de minerales y afines.<\/strong><\/p>\n\n\n\n<p>Fue tras d\u00edas de negociaciones entre el Secretario General, H\u00e9ctor Laplace, y la C\u00e1mara del sector mencionado.<\/p>\n\n\n\n<blockquote class=\"wp-block-quote is-layout-flow wp-block-quote-is-layout-flow\">\n<p>El acuerdo tiene impacto a los sueldos desde el 1 de diciembre de 2023, con un incremento del 25% de los jornales b\u00e1sicos calculados sobre los salarios de noviembre.<\/p>\n<\/blockquote>\n\n\n\n<p>Tambi\u00e9n, se\u00f1alaron que<strong> no fue posible pactar el pago de un bono de fin de a\u00f1o, y dieron a las seccionales libertad de acci\u00f3n para<em> \u201crealizar las gestiones y acuerdos que consideren necesarios con las empresas, en beneficio de los trabajadores\u201d.<\/em><\/strong><\/p>\n\n\n\n<p>De esta manera,<strong> las y los trabajadores de la rama &#8220;podr\u00e1n mejorar sus ingresos frente a la devaluaci\u00f3n e inflaci\u00f3n que tiene el pa\u00eds&#8221; informaron desde el gremio.<\/strong><\/p>\n","protected":false},"excerpt":{"rendered":"<p>Fue tras d\u00edas de charlas entre el Secretario General, H\u00e9ctor Laplace, y la C\u00e1mara del sector mencionado. Tambi\u00e9n, se\u00f1alaron que<\/p>\n","protected":false},"author":2,"featured_media":105357,"comment_status":"closed","ping_status":"closed","sticky":false,"template":"","format":"standard","meta":{"_jetpack_memberships_contains_paid_content":false,"footnotes":""},"categories":[5,1],"tags":[],"class_list":["post-105356","post","type-post","status-publish","format-standard","has-post-thumbnail","hentry","category-informacion-general","category-portada"],"jetpack_featured_media_url":"https:\/\/i0.wp.com\/cdnoticias.com\/wp-content\/uploads\/2023\/12\/WhatsApp-Image-2023-12-28-at-17.34.05.jpeg?fit=750%2C421&ssl=1","jetpack_sharing_enabled":true,"_links":{"self":[{"href":"https:\/\/cdnoticias.com\/index.php\/wp-json\/wp\/v2\/posts\/105356","targetHints":{"allow":["GET"]}}],"collection":[{"href":"https:\/\/cdnoticias.com\/index.php\/wp-json\/wp\/v2\/posts"}],"about":[{"href":"https:\/\/cdnoticias.com\/index.php\/wp-json\/wp\/v2\/types\/post"}],"author":[{"embeddable":true,"href":"https:\/\/cdnoticias.com\/index.php\/wp-json\/wp\/v2\/users\/2"}],"replies":[{"embeddable":true,"href":"https:\/\/cdnoticias.com\/index.php\/wp-json\/wp\/v2\/comments?post=105356"}],"version-history":[{"count":0,"href":"https:\/\/cdnoticias.com\/index.php\/wp-json\/wp\/v2\/posts\/105356\/revisions"}],"wp:featuredmedia":[{"embeddable":true,"href":"https:\/\/cdnoticias.com\/index.php\/wp-json\/wp\/v2\/media\/105357"}],"wp:attachment":[{"href":"https:\/\/cdnoticias.com\/index.php\/wp-json\/wp\/v2\/media?parent=105356"}],"wp:term":[{"taxonomy":"category","embeddable":true,"href":"https:\/\/cdnoticias.com\/index.php\/wp-json\/wp\/v2\/categories?post=105356"},{"taxonomy":"post_tag","embeddable":true,"href":"https:\/\/cdnoticias.com\/index.php\/wp-json\/wp\/v2\/tags?post=105356"}],"curies":[{"name":"wp","href":"https:\/\/api.w.org\/{rel}","templated":true}]}}