{"id":105353,"date":"2023-12-28T18:01:11","date_gmt":"2023-12-28T21:01:11","guid":{"rendered":"https:\/\/cdnoticias.com\/?p=105353"},"modified":"2023-12-28T19:25:51","modified_gmt":"2023-12-28T22:25:51","slug":"la-comunidad-cultural-tambien-se-manifiesta-contra-el-dnu-y-la-ley-omnibus","status":"publish","type":"post","link":"https:\/\/cdnoticias.com\/index.php\/2023\/12\/28\/la-comunidad-cultural-tambien-se-manifiesta-contra-el-dnu-y-la-ley-omnibus\/","title":{"rendered":"La comunidad cultural tambi\u00e9n se manifiesta contra el DNU y la Ley \u00d3mnibus \u00a0"},"content":{"rendered":"\n<p>Ser\u00e1 este jueves en el Teatro Municipal a partir de las 18:30 horas.<\/p>\n\n\n\n<hr class=\"wp-block-separator aligncenter has-alpha-channel-opacity\"\/>\n\n\n\n<p>Este jueves la<strong> comunidad cultural<\/strong> de la ciudad tambi\u00e9n<strong> se manifestar\u00e1 en contra del DNU y la Ley \u00d3mnibus<\/strong> \u201c<strong><em>que ataca a todo el pueblo y a la cultura\u201d.<\/em><\/strong><\/p>\n\n\n\n<p><\/p>\n\n\n\n<blockquote class=\"wp-block-quote is-layout-flow wp-block-quote-is-layout-flow\">\n<p>\u201cLevantamos la voz ante el plan de cierre del INT y el FNA, el desfinanciamiento del INCAA y el INAMU\u201d. Evitemos el apag\u00f3n cultural\u201d expresaron.<\/p>\n<\/blockquote>\n\n\n\n<p><\/p>\n\n\n\n<p>Esta manifestaci\u00f3n<a href=\"https:\/\/cdnoticias.com\/index.php\/2023\/12\/28\/cacerolazo-contra-las-medidas-de-milei-en-el-paseo-mendia\/\" target=\"_blank\" rel=\"noreferrer noopener\"> se suma al cacerolazo que se realizar\u00e1 a las 19 horas en el Paseo Jes\u00fas Mend\u00eda<\/a> contra las medidas de Milei.<\/p>\n","protected":false},"excerpt":{"rendered":"<p>Ser\u00e1 este jueves en el Teatro Municipal a partir de las 18:30 horas. Este jueves la comunidad cultural de la<\/p>\n","protected":false},"author":6,"featured_media":104832,"comment_status":"closed","ping_status":"closed","sticky":false,"template":"","format":"standard","meta":{"_jetpack_memberships_contains_paid_content":false,"footnotes":""},"categories":[9],"tags":[],"class_list":["post-105353","post","type-post","status-publish","format-standard","has-post-thumbnail","hentry","category-cultura"],"jetpack_featured_media_url":"https:\/\/i0.wp.com\/cdnoticias.com\/wp-content\/uploads\/2023\/12\/cacerolazos-dnu-milei.jpeg?fit=800%2C450&ssl=1","jetpack_sharing_enabled":true,"_links":{"self":[{"href":"https:\/\/cdnoticias.com\/index.php\/wp-json\/wp\/v2\/posts\/105353","targetHints":{"allow":["GET"]}}],"collection":[{"href":"https:\/\/cdnoticias.com\/index.php\/wp-json\/wp\/v2\/posts"}],"about":[{"href":"https:\/\/cdnoticias.com\/index.php\/wp-json\/wp\/v2\/types\/post"}],"author":[{"embeddable":true,"href":"https:\/\/cdnoticias.com\/index.php\/wp-json\/wp\/v2\/users\/6"}],"replies":[{"embeddable":true,"href":"https:\/\/cdnoticias.com\/index.php\/wp-json\/wp\/v2\/comments?post=105353"}],"version-history":[{"count":0,"href":"https:\/\/cdnoticias.com\/index.php\/wp-json\/wp\/v2\/posts\/105353\/revisions"}],"wp:featuredmedia":[{"embeddable":true,"href":"https:\/\/cdnoticias.com\/index.php\/wp-json\/wp\/v2\/media\/104832"}],"wp:attachment":[{"href":"https:\/\/cdnoticias.com\/index.php\/wp-json\/wp\/v2\/media?parent=105353"}],"wp:term":[{"taxonomy":"category","embeddable":true,"href":"https:\/\/cdnoticias.com\/index.php\/wp-json\/wp\/v2\/categories?post=105353"},{"taxonomy":"post_tag","embeddable":true,"href":"https:\/\/cdnoticias.com\/index.php\/wp-json\/wp\/v2\/tags?post=105353"}],"curies":[{"name":"wp","href":"https:\/\/api.w.org\/{rel}","templated":true}]}}