{"id":105347,"date":"2023-12-28T17:32:34","date_gmt":"2023-12-28T20:32:34","guid":{"rendered":"https:\/\/cdnoticias.com\/?p=105347"},"modified":"2023-12-28T20:45:54","modified_gmt":"2023-12-28T23:45:54","slug":"wesner-y-la-ministra-batakis-recorrieron-las-obras-del-barrio-ceco-iii","status":"publish","type":"post","link":"https:\/\/cdnoticias.com\/index.php\/2023\/12\/28\/wesner-y-la-ministra-batakis-recorrieron-las-obras-del-barrio-ceco-iii\/","title":{"rendered":"Wesner y la ministra Batakis recorrieron las obras del barrio CECO III"},"content":{"rendered":"\n<p>La funcionaria provincial arrib\u00f3 en la ma\u00f1ana de este jueves y estuvieron presentes en el encuentro referentes del Centro de Empleados de Comercio local.<\/p>\n\n\n\n<hr class=\"wp-block-separator aligncenter has-alpha-channel-opacity\"\/>\n\n\n\n<p>En la ma\u00f1ana de este jueves el<strong> intendente Maximiliano Wesner recibi\u00f3 la visita de la ministra de H\u00e1bitat y Desarrollo Urbano de la Provincia de Buenos Aires, Silvina Batakis<\/strong>, quien arrib\u00f3 a la ciudad de Olavarr\u00eda para ver el <strong>avance de las obras de construcci\u00f3n del barrio CECO III.<\/strong><\/p>\n\n\n\n<p><\/p>\n\n\n\n<p>Cabe destacar que la realizaci\u00f3n del barrio surge de un convenio entre la entidad sindical y el<strong> Instituto de la Vivienda bonaerense<\/strong>, a trav\u00e9s de las gestiones de Wesner y permitir\u00e1 que <strong>m\u00e1s de 100 familias del Partido puedan concretar el sue\u00f1o del techo propio.<\/strong><\/p>\n\n\n\n<p><\/p>\n\n\n\n<p>De la recorrida tambi\u00e9n fueron parte el Secretario General del Centro de Empleados de Comercio <strong>Miguel Santell\u00e1n<\/strong>, la Secretaria de Previsi\u00f3n y Viviendas <strong>Carolina Santell\u00e1n<\/strong>, adem\u00e1s de referentes del <strong>Centro de Empleados de Comercio de Olavarr\u00eda.<\/strong><\/p>\n\n\n\n<p><\/p>\n\n\n\n<figure class=\"wp-block-image aligncenter size-full\"><img data-recalc-dims=\"1\" loading=\"lazy\" decoding=\"async\" width=\"800\" height=\"533\" src=\"https:\/\/i0.wp.com\/cdnoticias.com\/wp-content\/uploads\/2023\/12\/wesner-batakis-2.jpg?resize=800%2C533&#038;ssl=1\" alt=\"\" class=\"wp-image-105351\" srcset=\"https:\/\/i0.wp.com\/cdnoticias.com\/wp-content\/uploads\/2023\/12\/wesner-batakis-2.jpg?w=1000&amp;ssl=1 1000w, https:\/\/i0.wp.com\/cdnoticias.com\/wp-content\/uploads\/2023\/12\/wesner-batakis-2.jpg?resize=300%2C200&amp;ssl=1 300w, https:\/\/i0.wp.com\/cdnoticias.com\/wp-content\/uploads\/2023\/12\/wesner-batakis-2.jpg?resize=768%2C511&amp;ssl=1 768w, https:\/\/i0.wp.com\/cdnoticias.com\/wp-content\/uploads\/2023\/12\/wesner-batakis-2.jpg?resize=272%2C182&amp;ssl=1 272w\" sizes=\"auto, (max-width: 800px) 100vw, 800px\" \/><\/figure>\n\n\n\n<p><\/p>\n\n\n\n<blockquote class=\"wp-block-quote is-layout-flow wp-block-quote-is-layout-flow\">\n<p>\u201cUn trabajo coordinado y mancomunado\u201d, ponder\u00f3 Wesner al momento de iniciar la visita a las obras que se desarrollan en el sector delimitado por la avenida Sarmiento y las calles Estrada, Merlo, Grimaldi y Jun\u00edn, en el sector norte del casco urbano local.<\/p>\n<\/blockquote>\n\n\n\n<p><\/p>\n\n\n\n<p>Vale destacar que las tareas que all\u00ed se despliegan son llevadas adelante por <strong>tres empresas locales y una cooperativa<\/strong>, lo cual se traduce tambi\u00e9n en <strong>m\u00e1s de 100 puestos de trabajo,<\/strong> una cifra que es inclusive mayor si se tiene en cuenta el movimiento en la econom\u00eda local que se genera de manera directa e indirecta.<\/p>\n\n\n\n<p><\/p>\n\n\n\n<p><em>\u201cEn primer lugar, s\u00faper contenta de estar ac\u00e1 en Olavarr\u00eda acompa\u00f1ando a nuestro Intendente. Desearle por supuesto la mejor gesti\u00f3n para estos cuatro a\u00f1os que vienen, que sepa que desde la Provincia el Gobernador y la Vice Gobernadora van a estar acompa\u00f1ando\u201d,<\/em> expres\u00f3 Batakis.<\/p>\n\n\n\n<p><\/p>\n\n\n\n<p>Posteriormente, Batakis enfatiz\u00f3 que es \u201c<strong><em>un placer tambi\u00e9n ver el avance de las obras. Siempre fue una preocupaci\u00f3n de nuestro gobernador Axel Kicillof que la poblaci\u00f3n accediese a la vivienda propia. As\u00ed que este trabajo, que se vino haciendo ya con el ministro anterior, nuestra idea es continuarlo, tratar de profundizarlo y por supuesto de expandirlo\u201d.<\/em><\/strong><\/p>\n\n\n\n<p><\/p>\n\n\n\n<figure class=\"wp-block-image aligncenter size-full\"><img data-recalc-dims=\"1\" loading=\"lazy\" decoding=\"async\" width=\"800\" height=\"533\" src=\"https:\/\/i0.wp.com\/cdnoticias.com\/wp-content\/uploads\/2023\/12\/wesner-batakis-1.jpeg?resize=800%2C533&#038;ssl=1\" alt=\"\" class=\"wp-image-105349\" srcset=\"https:\/\/i0.wp.com\/cdnoticias.com\/wp-content\/uploads\/2023\/12\/wesner-batakis-1.jpeg?w=1000&amp;ssl=1 1000w, https:\/\/i0.wp.com\/cdnoticias.com\/wp-content\/uploads\/2023\/12\/wesner-batakis-1.jpeg?resize=300%2C200&amp;ssl=1 300w, https:\/\/i0.wp.com\/cdnoticias.com\/wp-content\/uploads\/2023\/12\/wesner-batakis-1.jpeg?resize=768%2C511&amp;ssl=1 768w, https:\/\/i0.wp.com\/cdnoticias.com\/wp-content\/uploads\/2023\/12\/wesner-batakis-1.jpeg?resize=272%2C182&amp;ssl=1 272w\" sizes=\"auto, (max-width: 800px) 100vw, 800px\" \/><\/figure>\n\n\n\n<p><\/p>\n\n\n\n<p>\u201cEstuvimos teniendo reuniones de trabajo para ver no solamente el avance de estas obras en particular, sino tambi\u00e9n la <strong>posibilidad de llevarlo a otros barrios de Olavarr\u00eda.<\/strong> Seguiremos trabajando en eso\u201d, finaliz\u00f3 la funcionaria provincial. <\/p>\n\n\n\n<p><\/p>\n\n\n\n<p>Por \u00faltimo, se enfatiz\u00f3 que para la concreci\u00f3n del barrio CECO III se utilizan materiales de calidad, tales como ladrillos DM20 termoeficientes para el exterior y plateas de hormig\u00f3n para su emplazamiento.<\/p>\n\n\n\n<p><\/p>\n\n\n\n<p>Adem\u00e1s, contar\u00e1n con dos dormitorios, adem\u00e1s de la infraestructura necesaria con los servicios de luz, agua potable, gas y asfalto. El avance de la obra es evidente, pudi\u00e9ndose ver la totalidad de viviendas ya levantadas, algunas inclusive con techo y fino exterior ya realizados.<\/p>\n","protected":false},"excerpt":{"rendered":"<p>La funcionaria provincial arrib\u00f3 en la ma\u00f1ana de este jueves y estuvieron presentes en el encuentro referentes del Centro de<\/p>\n","protected":false},"author":6,"featured_media":105350,"comment_status":"closed","ping_status":"closed","sticky":false,"template":"","format":"standard","meta":{"_jetpack_memberships_contains_paid_content":false,"footnotes":""},"categories":[5,1],"tags":[],"class_list":["post-105347","post","type-post","status-publish","format-standard","has-post-thumbnail","hentry","category-informacion-general","category-portada"],"jetpack_featured_media_url":"https:\/\/i0.wp.com\/cdnoticias.com\/wp-content\/uploads\/2023\/12\/wesner-batakis-1.jpg?fit=1000%2C666&ssl=1","jetpack_sharing_enabled":true,"_links":{"self":[{"href":"https:\/\/cdnoticias.com\/index.php\/wp-json\/wp\/v2\/posts\/105347","targetHints":{"allow":["GET"]}}],"collection":[{"href":"https:\/\/cdnoticias.com\/index.php\/wp-json\/wp\/v2\/posts"}],"about":[{"href":"https:\/\/cdnoticias.com\/index.php\/wp-json\/wp\/v2\/types\/post"}],"author":[{"embeddable":true,"href":"https:\/\/cdnoticias.com\/index.php\/wp-json\/wp\/v2\/users\/6"}],"replies":[{"embeddable":true,"href":"https:\/\/cdnoticias.com\/index.php\/wp-json\/wp\/v2\/comments?post=105347"}],"version-history":[{"count":0,"href":"https:\/\/cdnoticias.com\/index.php\/wp-json\/wp\/v2\/posts\/105347\/revisions"}],"wp:featuredmedia":[{"embeddable":true,"href":"https:\/\/cdnoticias.com\/index.php\/wp-json\/wp\/v2\/media\/105350"}],"wp:attachment":[{"href":"https:\/\/cdnoticias.com\/index.php\/wp-json\/wp\/v2\/media?parent=105347"}],"wp:term":[{"taxonomy":"category","embeddable":true,"href":"https:\/\/cdnoticias.com\/index.php\/wp-json\/wp\/v2\/categories?post=105347"},{"taxonomy":"post_tag","embeddable":true,"href":"https:\/\/cdnoticias.com\/index.php\/wp-json\/wp\/v2\/tags?post=105347"}],"curies":[{"name":"wp","href":"https:\/\/api.w.org\/{rel}","templated":true}]}}