{"id":105333,"date":"2023-12-28T12:50:26","date_gmt":"2023-12-28T15:50:26","guid":{"rendered":"https:\/\/cdnoticias.com\/?p=105333"},"modified":"2023-12-28T12:53:04","modified_gmt":"2023-12-28T15:53:04","slug":"hcd-el-oficialismo-impulsa-un-rechazo-y-repudio-al-dnu-de-milei","status":"publish","type":"post","link":"https:\/\/cdnoticias.com\/index.php\/2023\/12\/28\/hcd-el-oficialismo-impulsa-un-rechazo-y-repudio-al-dnu-de-milei\/","title":{"rendered":"HCD: el oficialismo impulsa un \u201crechazo y repudio\u201d al DNU de Milei"},"content":{"rendered":"<p>El tema se incluy\u00f3 para la sesi\u00f3n extraordinaria de este viernes, tras el debate del Presupuesto 2024.<\/p>\n<p><!--more--><\/p>\n<hr \/>\n<p><a href=\"https:\/\/cdnoticias.com\/index.php\/2023\/12\/28\/hcd-este-viernes-se-trataran-el-presupuesto-2024-y-la-modificacion-impositiva\/\" target=\"_blank\" rel=\"noopener\">Tal como se adelant\u00f3 oficialmente desde el Concejo Deliberante<\/a>, <strong>se reuni\u00f3 la Comisi\u00f3n de Labor Parlamentaria<\/strong> que defini\u00f3 el orden del d\u00eda para la <strong>sesi\u00f3n extraordinaria de este viernes<\/strong>.<\/p>\n<p>&nbsp;<\/p>\n<p>Adem\u00e1s de los proyectos principales -Presupuesto 2024 y modificaci\u00f3n impositiva- <strong>se sumaron dos iniciativas impulsadas por Uni\u00f3n por la Patria<\/strong>, una de las cuales seguramente <strong>conllevar\u00e1 debate con la bancada de La Libertad Avanza<\/strong>.<\/p>\n<p>&nbsp;<\/p>\n<p>Es que se trata de un proyecto de comunicaci\u00f3n para<strong> expresar el \u201crechazo y repudio\u201d del cuerpo legislativo local al Decreto de Necesidad y Urgencia (DNU) publicado por el Gobierno Nacional<\/strong> <a href=\"https:\/\/cdnoticias.com\/index.php\/2023\/12\/21\/llego-el-dnu-las-30-medidas-salientes-de-javier-milei\/\" target=\"_blank\" rel=\"noopener\">el pasado jueves 21 de diciembre<\/a>.<\/p>\n<p>&nbsp;<\/p>\n<p>El segundo proyecto consiste en la <strong>declaraci\u00f3n de Inter\u00e9s Legislativo para la Fiesta de Reyes<\/strong> a realizarse el 5 de enero de 2024 en Sierras Bayas.<\/p>\n<p>&nbsp;<\/p>\n","protected":false},"excerpt":{"rendered":"<p>El tema se incluy\u00f3 para la sesi\u00f3n extraordinaria de este viernes, tras el debate del Presupuesto 2024.<\/p>\n","protected":false},"author":4,"featured_media":105336,"comment_status":"closed","ping_status":"closed","sticky":false,"template":"","format":"standard","meta":{"_jetpack_memberships_contains_paid_content":false,"footnotes":""},"categories":[4,1],"tags":[],"class_list":["post-105333","post","type-post","status-publish","format-standard","has-post-thumbnail","hentry","category-politica","category-portada"],"jetpack_featured_media_url":"https:\/\/i0.wp.com\/cdnoticias.com\/wp-content\/uploads\/2023\/12\/HCD-union-por-la-patria.jpg?fit=833%2C464&ssl=1","jetpack_sharing_enabled":true,"_links":{"self":[{"href":"https:\/\/cdnoticias.com\/index.php\/wp-json\/wp\/v2\/posts\/105333","targetHints":{"allow":["GET"]}}],"collection":[{"href":"https:\/\/cdnoticias.com\/index.php\/wp-json\/wp\/v2\/posts"}],"about":[{"href":"https:\/\/cdnoticias.com\/index.php\/wp-json\/wp\/v2\/types\/post"}],"author":[{"embeddable":true,"href":"https:\/\/cdnoticias.com\/index.php\/wp-json\/wp\/v2\/users\/4"}],"replies":[{"embeddable":true,"href":"https:\/\/cdnoticias.com\/index.php\/wp-json\/wp\/v2\/comments?post=105333"}],"version-history":[{"count":0,"href":"https:\/\/cdnoticias.com\/index.php\/wp-json\/wp\/v2\/posts\/105333\/revisions"}],"wp:featuredmedia":[{"embeddable":true,"href":"https:\/\/cdnoticias.com\/index.php\/wp-json\/wp\/v2\/media\/105336"}],"wp:attachment":[{"href":"https:\/\/cdnoticias.com\/index.php\/wp-json\/wp\/v2\/media?parent=105333"}],"wp:term":[{"taxonomy":"category","embeddable":true,"href":"https:\/\/cdnoticias.com\/index.php\/wp-json\/wp\/v2\/categories?post=105333"},{"taxonomy":"post_tag","embeddable":true,"href":"https:\/\/cdnoticias.com\/index.php\/wp-json\/wp\/v2\/tags?post=105333"}],"curies":[{"name":"wp","href":"https:\/\/api.w.org\/{rel}","templated":true}]}}