{"id":1053,"date":"2020-09-08T15:17:59","date_gmt":"2020-09-08T18:17:59","guid":{"rendered":"http:\/\/www.centraldenoticias.com.ar\/?p=1053"},"modified":"2020-09-08T16:10:29","modified_gmt":"2020-09-08T19:10:29","slug":"el-circulo-de-medicos-apoya-la-apertura-de-espacios-de-actividad-fisica","status":"publish","type":"post","link":"https:\/\/cdnoticias.com\/index.php\/2020\/09\/08\/el-circulo-de-medicos-apoya-la-apertura-de-espacios-de-actividad-fisica\/","title":{"rendered":"El C\u00edrculo M\u00e9dico apoya la apertura de espacios de actividad f\u00edsica"},"content":{"rendered":"<p>Lo hizo saber en un comunicado emitido este martes. Respondi\u00f3 al pedido de la Asociaci\u00f3n de Centros de Actividad F\u00edsica y Salud de Olavarr\u00eda. Se\u00f1al\u00f3 que es \u201cpor el bien de la salud psicof\u00edsica de la poblaci\u00f3n\u201d.<!--more--><\/p>\n<hr \/>\n<p>&nbsp;<\/p>\n<p>Este martes, mediante un comunicado emitido desde el C\u00edrculo M\u00e9dico, <strong>la entidad manifest\u00f3 el acompa\u00f1amiento a la apertura de gimnasios, natatorios y entidades deportivas en Fase 4.<\/strong><\/p>\n<p>&nbsp;<\/p>\n<p>Cabe recordar que tras el regreso a Fase 4 y el pedido de la Intendencia de reabrir los gimnasios, <a href=\"https:\/\/cdnoticias.com\/index.php\/2020\/09\/03\/carlos-bianco-sobre-olavarria-tenemos-que-seguir-priorizando-la-salud\/\">desde la Provincia se rechaz\u00f3 la solicitud<\/a> se\u00f1alando que la situaci\u00f3n sanitaria era muy compleja para permitir mayores aperturas.<\/p>\n<p>&nbsp;<\/p>\n<p>En este sentido, desde el <strong>C\u00edrculo de m\u00e9dicos acompa\u00f1aron el pedido de apoyo de la Asociaci\u00f3n de Centros de Actividad F\u00edsica y Salud de Olavarr\u00eda<\/strong> y <em>\u201cse solidariza con la apertura de gimnasios, natatorios y entidades deportivas en Fase 4, con sus respectivos protocolos\u201d.<\/em><\/p>\n<p>&nbsp;<\/p>\n<p>Cabe se\u00f1alar que en el acompa\u00f1amiento se\u00f1alaron importante la reapertura <em>\u201cpor el bien de la salud psicof\u00edsica de la poblaci\u00f3n y de la rehabilitaci\u00f3n de cada patolog\u00eda en particular de los pacientes\u201d.<\/em><\/p>\n","protected":false},"excerpt":{"rendered":"<p>Lo hizo saber en un comunicado emitido este martes. Respondi\u00f3 al pedido de la Asociaci\u00f3n de Centros de Actividad F\u00edsica<\/p>\n","protected":false},"author":2,"featured_media":1057,"comment_status":"closed","ping_status":"closed","sticky":false,"template":"","format":"standard","meta":{"_jetpack_memberships_contains_paid_content":false,"footnotes":""},"categories":[5,1],"tags":[],"class_list":["post-1053","post","type-post","status-publish","format-standard","has-post-thumbnail","hentry","category-informacion-general","category-portada"],"jetpack_featured_media_url":"https:\/\/i0.wp.com\/cdnoticias.com\/wp-content\/uploads\/2020\/09\/circulo-medico.jpg?fit=921%2C610&ssl=1","jetpack_sharing_enabled":true,"_links":{"self":[{"href":"https:\/\/cdnoticias.com\/index.php\/wp-json\/wp\/v2\/posts\/1053","targetHints":{"allow":["GET"]}}],"collection":[{"href":"https:\/\/cdnoticias.com\/index.php\/wp-json\/wp\/v2\/posts"}],"about":[{"href":"https:\/\/cdnoticias.com\/index.php\/wp-json\/wp\/v2\/types\/post"}],"author":[{"embeddable":true,"href":"https:\/\/cdnoticias.com\/index.php\/wp-json\/wp\/v2\/users\/2"}],"replies":[{"embeddable":true,"href":"https:\/\/cdnoticias.com\/index.php\/wp-json\/wp\/v2\/comments?post=1053"}],"version-history":[{"count":0,"href":"https:\/\/cdnoticias.com\/index.php\/wp-json\/wp\/v2\/posts\/1053\/revisions"}],"wp:featuredmedia":[{"embeddable":true,"href":"https:\/\/cdnoticias.com\/index.php\/wp-json\/wp\/v2\/media\/1057"}],"wp:attachment":[{"href":"https:\/\/cdnoticias.com\/index.php\/wp-json\/wp\/v2\/media?parent=1053"}],"wp:term":[{"taxonomy":"category","embeddable":true,"href":"https:\/\/cdnoticias.com\/index.php\/wp-json\/wp\/v2\/categories?post=1053"},{"taxonomy":"post_tag","embeddable":true,"href":"https:\/\/cdnoticias.com\/index.php\/wp-json\/wp\/v2\/tags?post=1053"}],"curies":[{"name":"wp","href":"https:\/\/api.w.org\/{rel}","templated":true}]}}