{"id":105108,"date":"2023-12-26T12:56:48","date_gmt":"2023-12-26T15:56:48","guid":{"rendered":"https:\/\/cdnoticias.com\/?p=105108"},"modified":"2023-12-26T12:56:51","modified_gmt":"2023-12-26T15:56:51","slug":"la-asamblea-feminista-adhiere-a-la-manifestacion-contra-el-dnu-de-milei","status":"publish","type":"post","link":"https:\/\/cdnoticias.com\/index.php\/2023\/12\/26\/la-asamblea-feminista-adhiere-a-la-manifestacion-contra-el-dnu-de-milei\/","title":{"rendered":"La Asamblea Feminista adhiere a la manifestaci\u00f3n contra el DNU de Milei"},"content":{"rendered":"<p>Se\u00f1alaron que movilizar\u00e1n este martes y reclaman un plan de lucha y paro nacional.<!--more--><\/p>\n<hr \/>\n<p>La <strong>Asamblea Feminista y Disidente Olavarr\u00eda<\/strong> marchar\u00e1 este martes en adhesi\u00f3n a la convocatoria de la CGT y CTA prevista para las 20:00 en el Paseo Mend\u00eda.<\/p>\n<p>Mediante un comunicado especificaron que <strong>concentrar\u00e1n a las 19:00 en San Mart\u00edn y Brown<\/strong> para luego sumarse a la manifestaci\u00f3n de San Mart\u00edn y Rivadavia.<\/p>\n<blockquote><p>Se\u00f1alaron que se movilizan \u201cante la inconstitucionalidad del DNU, que atropella nuestros derechos laborales, sociales, quebranta nuestro aparato productivo y lesiona nuestra soberan\u00eda\u201d.<\/p><\/blockquote>\n<p>Asimismo, reclamaron un <strong>\u201cplan de lucha y paro nacional ya\u201d.<\/strong><\/p>\n<blockquote class=\"wp-embedded-content\" data-secret=\"QPlvQqaNHb\"><p><a href=\"https:\/\/cdnoticias.com\/index.php\/2023\/12\/26\/doble-convocatoria-y-movilizacion-en-olavarria-contra-el-dnu-del-presidente-milei\/\">Doble convocatoria y movilizaci\u00f3n en Olavarr\u00eda contra el DNU del presidente Milei<\/a><\/p><\/blockquote>\n<p><iframe loading=\"lazy\" class=\"wp-embedded-content\" sandbox=\"allow-scripts\" security=\"restricted\" style=\"position: absolute; clip: rect(1px, 1px, 1px, 1px);\" title=\"&#8220;Doble convocatoria y movilizaci\u00f3n en Olavarr\u00eda contra el DNU del presidente Milei&#8221; &#8212; Central de Noticias | Olavarr\u00eda\" src=\"https:\/\/cdnoticias.com\/index.php\/2023\/12\/26\/doble-convocatoria-y-movilizacion-en-olavarria-contra-el-dnu-del-presidente-milei\/embed\/#?secret=rv6mAIC1zD#?secret=QPlvQqaNHb\" data-secret=\"QPlvQqaNHb\" width=\"600\" height=\"338\" frameborder=\"0\" marginwidth=\"0\" marginheight=\"0\" scrolling=\"no\"><\/iframe><\/p>\n","protected":false},"excerpt":{"rendered":"<p>Se\u00f1alaron que movilizar\u00e1n este martes y reclaman un plan de lucha y paro nacional.<\/p>\n","protected":false},"author":2,"featured_media":102571,"comment_status":"closed","ping_status":"closed","sticky":false,"template":"","format":"standard","meta":{"_jetpack_memberships_contains_paid_content":false,"footnotes":""},"categories":[4,1],"tags":[],"class_list":["post-105108","post","type-post","status-publish","format-standard","has-post-thumbnail","hentry","category-politica","category-portada"],"jetpack_featured_media_url":"https:\/\/i0.wp.com\/cdnoticias.com\/wp-content\/uploads\/2023\/11\/panulezo-asamblea-feminista-y-disidente.webp?fit=800%2C445&ssl=1","jetpack_sharing_enabled":true,"_links":{"self":[{"href":"https:\/\/cdnoticias.com\/index.php\/wp-json\/wp\/v2\/posts\/105108","targetHints":{"allow":["GET"]}}],"collection":[{"href":"https:\/\/cdnoticias.com\/index.php\/wp-json\/wp\/v2\/posts"}],"about":[{"href":"https:\/\/cdnoticias.com\/index.php\/wp-json\/wp\/v2\/types\/post"}],"author":[{"embeddable":true,"href":"https:\/\/cdnoticias.com\/index.php\/wp-json\/wp\/v2\/users\/2"}],"replies":[{"embeddable":true,"href":"https:\/\/cdnoticias.com\/index.php\/wp-json\/wp\/v2\/comments?post=105108"}],"version-history":[{"count":0,"href":"https:\/\/cdnoticias.com\/index.php\/wp-json\/wp\/v2\/posts\/105108\/revisions"}],"wp:featuredmedia":[{"embeddable":true,"href":"https:\/\/cdnoticias.com\/index.php\/wp-json\/wp\/v2\/media\/102571"}],"wp:attachment":[{"href":"https:\/\/cdnoticias.com\/index.php\/wp-json\/wp\/v2\/media?parent=105108"}],"wp:term":[{"taxonomy":"category","embeddable":true,"href":"https:\/\/cdnoticias.com\/index.php\/wp-json\/wp\/v2\/categories?post=105108"},{"taxonomy":"post_tag","embeddable":true,"href":"https:\/\/cdnoticias.com\/index.php\/wp-json\/wp\/v2\/tags?post=105108"}],"curies":[{"name":"wp","href":"https:\/\/api.w.org\/{rel}","templated":true}]}}