{"id":105092,"date":"2023-12-26T09:02:49","date_gmt":"2023-12-26T12:02:49","guid":{"rendered":"https:\/\/cdnoticias.com\/?p=105092"},"modified":"2023-12-26T09:03:01","modified_gmt":"2023-12-26T12:03:01","slug":"adelantan-que-las-cuotas-de-colegios-privados-aumentaran-entre-un-30-y-un-50","status":"publish","type":"post","link":"https:\/\/cdnoticias.com\/index.php\/2023\/12\/26\/adelantan-que-las-cuotas-de-colegios-privados-aumentaran-entre-un-30-y-un-50\/","title":{"rendered":"Adelantan que las cuotas de colegios privados aumentar\u00e1n entre un 30 y un 50%"},"content":{"rendered":"<p>Distintas c\u00e1maras que nuclean a colegios de todo el pa\u00eds se refirieron a los incrementos del pr\u00f3ximo a\u00f1o.<!--more--><\/p>\n<hr \/>\n<p>C\u00e1maras y entidades que nuclean instituciones educativas de gesti\u00f3n privada de todo el pa\u00eds adelantaron que las cuotas de los colegios <strong>tendr\u00e1n un incremento de entre un 30 y un 50% desde marzo.<\/strong><\/p>\n<p>El secretario ejecutivo de la<strong> Asociaci\u00f3n de Institutos de Ense\u00f1anza Privada de la Provincia de Buenos Aires (Aiepba), Mart\u00edn Zurita,<\/strong> le dijo a la agencia de noticias estatal T\u00e9lam que <strong>\u201cya hay un aumento autorizado por el Gobierno para las escuelas con aporte estatal que es del 30% a partir de marzo de 2024\u201d.<\/strong><\/p>\n<p>En tanto, advirti\u00f3 que el Gobierno bonaerense podr\u00eda acodar nuevos incrementos con los docentes por lo que existe la posibilidad de que<strong> \u201cse tenga que hablar de m\u00e1s del 30%\u201d de incremento en las cuotas.<\/strong><\/p>\n<p>\u201cEn Capital Federal les dieron la semana pasada un aumento nuevo a los docentes; la Ciudad hab\u00eda autorizado un 30% de aumento para marzo, pero ahora dio un aumento nuevo, quedando ese 30% desactualizado\u201d, ejemplific\u00f3 Zurita.<\/p>\n<p>El dirigente de Aiepba explic\u00f3 \u201c<strong>las escuelas con 100% de aportes estatales pueden partir sus cuotas de $ 25.000 a $ 50.000,<\/strong> dependiendo si tienen materias extraprogram\u00e1ticas o no\u201d. \u201cAhora, si la escuela agrega materias extraprogram\u00e1ticas, m\u00e1s horas, puede cobrar hasta el doble de eso\u201d, indic\u00f3.<\/p>\n<p>Por otro lado, el secretario de la <strong>Junta Coordinadora de Asociaciones de Ense\u00f1anza Privada (Coordiep), Norberto Baloira<\/strong>, sustuvo que \u201cen cada jurisdicci\u00f3n se va a dar un aumento distinto porque depende del aumento que se le haga al salario de cada jurisdicci\u00f3n\u201d.<\/p>\n<p>\u201cEstamos atravesando una etapa donde todos los meses ha habido dos paritarias, la nacional, que fij\u00f3 un valor por debajo del cual no se puede fijar otro, y la local, sobre la cual cada jurisdicci\u00f3n fij\u00f3 otro valor, y esto ha hecho que todos los meses se haya tenido que ir aumentando el arancel, algo que no ocurr\u00eda antes cuando cada tres o seis meses pod\u00eda haber un reajuste\u201d, le dijo tambi\u00e9n a T\u00e9lam.<\/p>\n<p>Adem\u00e1s, <strong>el secretario general de la Asociaci\u00f3n de Entidades Educativas Privadas Argentinas (Adeepra) y de la Confederaci\u00f3n Argentina de Instituciones Educativas Privadas (Caiep), Perpetuo Lentijo<\/strong>, le dijo a la agencia estatal que los colegios que nuclean esas c\u00e1maras \u201cen general tienen aranceles controlados\u201d ya que \u201clas escuelas con aporte estatal tienen topes arancelarios en todas las jurisdicciones\u201d.<\/p>\n<blockquote><p>\u201cLo que se ha comunicado ahora a los padres por estos d\u00edas son los valores de las cuotas de marzo que tienen en un promedio un incremento del 30% sobre las cuotas de diciembre en ciudad y provincia de Buenos Aires\u201d, precis\u00f3.<\/p><\/blockquote>\n<p>En tanto, <strong>\u201cen los casos de las escuelas sin aporte, en algunos casos, el incremento anunciado ha sido mayor\u201d<\/strong>. \u201cConfiamos en que el ritmo inflacionario permita mantener estos valores, pero en la medida que se siga acelerando no s\u00e9 si llegaremos, porque si sigue habiendo acuerdos paritarios e incremento de salarios probablemente este porcentaje no alcance\u201d, advirti\u00f3.<\/p>\n<p><strong>Para los colegios que no tienen aportes estatales, Lentijo dijo que el aumento estimado es de 50%.<\/strong> \u201cEn general esos establecimientos enviaron en octubre la declaraci\u00f3n jurada con esa proyecci\u00f3n y en algunos casos han tenido que sentarse con las familias a consensuar valores accesibles o razonables\u201d, cont\u00f3.<\/p>\n<p><em>Fuente: DIB.<\/em><\/p>\n","protected":false},"excerpt":{"rendered":"<p>Distintas c\u00e1maras que nuclean a colegios de todo el pa\u00eds se refirieron a los incrementos del pr\u00f3ximo a\u00f1o.<\/p>\n","protected":false},"author":2,"featured_media":100412,"comment_status":"closed","ping_status":"closed","sticky":false,"template":"","format":"standard","meta":{"_jetpack_memberships_contains_paid_content":false,"footnotes":""},"categories":[6,1],"tags":[],"class_list":["post-105092","post","type-post","status-publish","format-standard","has-post-thumbnail","hentry","category-nacionales","category-portada"],"jetpack_featured_media_url":"https:\/\/i0.wp.com\/cdnoticias.com\/wp-content\/uploads\/2023\/10\/escuelas-privadas.jpg?fit=1280%2C720&ssl=1","jetpack_sharing_enabled":true,"_links":{"self":[{"href":"https:\/\/cdnoticias.com\/index.php\/wp-json\/wp\/v2\/posts\/105092","targetHints":{"allow":["GET"]}}],"collection":[{"href":"https:\/\/cdnoticias.com\/index.php\/wp-json\/wp\/v2\/posts"}],"about":[{"href":"https:\/\/cdnoticias.com\/index.php\/wp-json\/wp\/v2\/types\/post"}],"author":[{"embeddable":true,"href":"https:\/\/cdnoticias.com\/index.php\/wp-json\/wp\/v2\/users\/2"}],"replies":[{"embeddable":true,"href":"https:\/\/cdnoticias.com\/index.php\/wp-json\/wp\/v2\/comments?post=105092"}],"version-history":[{"count":0,"href":"https:\/\/cdnoticias.com\/index.php\/wp-json\/wp\/v2\/posts\/105092\/revisions"}],"wp:featuredmedia":[{"embeddable":true,"href":"https:\/\/cdnoticias.com\/index.php\/wp-json\/wp\/v2\/media\/100412"}],"wp:attachment":[{"href":"https:\/\/cdnoticias.com\/index.php\/wp-json\/wp\/v2\/media?parent=105092"}],"wp:term":[{"taxonomy":"category","embeddable":true,"href":"https:\/\/cdnoticias.com\/index.php\/wp-json\/wp\/v2\/categories?post=105092"},{"taxonomy":"post_tag","embeddable":true,"href":"https:\/\/cdnoticias.com\/index.php\/wp-json\/wp\/v2\/tags?post=105092"}],"curies":[{"name":"wp","href":"https:\/\/api.w.org\/{rel}","templated":true}]}}