{"id":105072,"date":"2023-12-25T10:45:05","date_gmt":"2023-12-25T13:45:05","guid":{"rendered":"https:\/\/cdnoticias.com\/?p=105072"},"modified":"2023-12-25T16:49:48","modified_gmt":"2023-12-25T19:49:48","slug":"navidad-2023-se-vendio-un-28-menos-que-el-ano-pasado","status":"publish","type":"post","link":"https:\/\/cdnoticias.com\/index.php\/2023\/12\/25\/navidad-2023-se-vendio-un-28-menos-que-el-ano-pasado\/","title":{"rendered":"Navidad 2023: se vendi\u00f3 un 2,8% menos que el a\u00f1o pasado"},"content":{"rendered":"<p>Los datos surgen de un relevamiento realizado por CAME. Hubo crecimiento solo en dos rubros: indumentaria y librer\u00edas.<!--more--><\/p>\n<hr \/>\n<p>Las <strong>ventas navide\u00f1as en los comercios minoristas pymes bajaron 2,8% frente al a\u00f1o pasado a precios constantes, y el 44% de ellos vendi\u00f3 menos de lo esperado.<\/strong> As\u00ed surge de datos relevados por la <strong>Confederaci\u00f3n Argentina de Mediana Empresa (CAME)<\/strong> en un relevamiento realizado entre el viernes 22 y el domingo 24 de diciembre en 230 comercios pymes del pa\u00eds.<\/p>\n<p>La Navidad 2023 result\u00f3 una fecha muy desafiante, marcada por el recambio de gobierno, la devaluaci\u00f3n de la moneda y fuertes subas de precios que afectaron la demanda dando lugar a unas fiestas m\u00e1s austeras.<\/p>\n<p>A pesar de estos retos, los negocios consultados reconocieron que, considerando las circunstancias, los resultados podr\u00edan haber sido a\u00fan m\u00e1s desalentadores. Se destac\u00f3 como un punto positivo el hecho de que, este a\u00f1o, <strong>se observaron compras anticipadas de regalos ya desde fines de noviembre, para evitar los nuevos ajustes de precios.<\/strong><\/p>\n<p>En cuanto a los seis principales sectores relevados, solo dos mostraron crecimiento: <strong>Indumentaria, con un aumento del 9,2%, y Librer\u00edas, que experiment\u00f3 un incremento del 8,8%.<\/strong> Los dem\u00e1s rubros sufrieron descensos, siendo <strong>el peor desempe\u00f1o el de Cosm\u00e9tica y Perfumer\u00eda,<\/strong> con una retracci\u00f3n del 23,5% en comparaci\u00f3n con la festividad del 2022. En tanto, Jugueter\u00edas, un ramo crucial en esta temporada, registr\u00f3 una leve contracci\u00f3n del 0,3% anual, mientras que Calzados disminuy\u00f3 un 13,6%.<\/p>\n<blockquote><p>Ante las condiciones econ\u00f3micas desfavorables, la <strong>b\u00fasqueda de ofertas y la preferencia por productos m\u00e1s accesibles<\/strong> fueron tendencias marcadas entre los consumidores.<\/p><\/blockquote>\n<p>El gasto promedio por compra se situ\u00f3 en<strong> $25.860.<\/strong> A pesar de los desaf\u00edos, estos datos sugieren cierta resiliencia en el comportamiento de los consumidores durante las festividades.<\/p>\n","protected":false},"excerpt":{"rendered":"<p>Los datos surgen de un relevamiento realizado por CAME. Hubo crecimiento solo en dos rubros: indumentaria y librer\u00edas.<\/p>\n","protected":false},"author":2,"featured_media":105029,"comment_status":"closed","ping_status":"closed","sticky":false,"template":"","format":"standard","meta":{"_jetpack_memberships_contains_paid_content":false,"footnotes":""},"categories":[6,1],"tags":[],"class_list":["post-105072","post","type-post","status-publish","format-standard","has-post-thumbnail","hentry","category-nacionales","category-portada"],"jetpack_featured_media_url":"https:\/\/i0.wp.com\/cdnoticias.com\/wp-content\/uploads\/2023\/12\/Diseno-sin-titulo-1.jpg?fit=1000%2C600&ssl=1","jetpack_sharing_enabled":true,"_links":{"self":[{"href":"https:\/\/cdnoticias.com\/index.php\/wp-json\/wp\/v2\/posts\/105072","targetHints":{"allow":["GET"]}}],"collection":[{"href":"https:\/\/cdnoticias.com\/index.php\/wp-json\/wp\/v2\/posts"}],"about":[{"href":"https:\/\/cdnoticias.com\/index.php\/wp-json\/wp\/v2\/types\/post"}],"author":[{"embeddable":true,"href":"https:\/\/cdnoticias.com\/index.php\/wp-json\/wp\/v2\/users\/2"}],"replies":[{"embeddable":true,"href":"https:\/\/cdnoticias.com\/index.php\/wp-json\/wp\/v2\/comments?post=105072"}],"version-history":[{"count":0,"href":"https:\/\/cdnoticias.com\/index.php\/wp-json\/wp\/v2\/posts\/105072\/revisions"}],"wp:featuredmedia":[{"embeddable":true,"href":"https:\/\/cdnoticias.com\/index.php\/wp-json\/wp\/v2\/media\/105029"}],"wp:attachment":[{"href":"https:\/\/cdnoticias.com\/index.php\/wp-json\/wp\/v2\/media?parent=105072"}],"wp:term":[{"taxonomy":"category","embeddable":true,"href":"https:\/\/cdnoticias.com\/index.php\/wp-json\/wp\/v2\/categories?post=105072"},{"taxonomy":"post_tag","embeddable":true,"href":"https:\/\/cdnoticias.com\/index.php\/wp-json\/wp\/v2\/tags?post=105072"}],"curies":[{"name":"wp","href":"https:\/\/api.w.org\/{rel}","templated":true}]}}