{"id":105059,"date":"2023-12-24T18:03:53","date_gmt":"2023-12-24T21:03:53","guid":{"rendered":"https:\/\/cdnoticias.com\/?p=105059"},"modified":"2023-12-24T18:03:54","modified_gmt":"2023-12-24T21:03:54","slug":"el-fenomeno-de-nubes-mammatus-en-olavarria","status":"publish","type":"post","link":"https:\/\/cdnoticias.com\/index.php\/2023\/12\/24\/el-fenomeno-de-nubes-mammatus-en-olavarria\/","title":{"rendered":"El fen\u00f3meno de nubes mammatus en Olavarr\u00eda"},"content":{"rendered":"\n<p>Bajo la alerta naranja -y con aviso por tormentas fuertes a corto plazo- en nuestra ciudad se pudo observar un fen\u00f3meno particular.<\/p>\n\n\n\n<hr class=\"wp-block-separator aligncenter has-alpha-channel-opacity\"\/>\n\n\n\n<p>En un contexto de Nochebuena y alerta naranja por fuertes tormentas en Olavarr\u00eda,<strong> la ciudad se cubri\u00f3 de lo que podr\u00edamos denominar como \u201cnubes mammatus\u201d: se forman cuando el aire fr\u00edo desciende y se une al aire c\u00e1lido que sube. En ese l\u00edmite, aparecen este tipo de nubes.<\/strong><\/p>\n\n\n\n<p><strong>Las redes sociales se plagaron de im\u00e1genes de este tipo, muy llamativas por sus formas y su quietud en el cielo.<\/strong><\/p>\n\n\n\n<p>En paralelo, a las 16:16<strong> el Servicio Meteorol\u00f3gico Nacional dio un \u201caviso a muy corto plazo\u201d por tormentas fuertes y ocasional ca\u00edda de granizo.<\/strong> Con validez por dos horas, a\u00fan no llovi\u00f3 ni se desat\u00f3 la tormenta, pero estas nubes mastod\u00f3nticas (o mammatus) mostraron un cielo particular en Olavarr\u00eda.<\/p>\n\n\n\n<figure class=\"wp-block-embed is-type-rich is-provider-twitter wp-block-embed-twitter\"><div class=\"wp-block-embed__wrapper\">\n<blockquote class=\"twitter-tweet\" data-width=\"550\" data-dnt=\"true\"><p lang=\"es\" dir=\"ltr\">ACP \u26a0 | Aviso a muy corto plazo<br>TORMENTAS FUERTES CON RAFAGAS Y OCASIONAL CAIDA DE GRANIZO. <br>\u23f1\ufe0f Hora: 24\/12\/2023 16:16h<br>V\u00e1lido por 2 horas.<br>+ info <a href=\"https:\/\/t.co\/VzMLfM3HY3\">https:\/\/t.co\/VzMLfM3HY3<\/a> <a href=\"https:\/\/t.co\/zgwxMqafbD\">pic.twitter.com\/zgwxMqafbD<\/a><\/p>&mdash; SMN Alertas (@SMN_Alertas) <a href=\"https:\/\/twitter.com\/SMN_Alertas\/status\/1739002358934254011?ref_src=twsrc%5Etfw\">December 24, 2023<\/a><\/blockquote><script async src=\"https:\/\/platform.twitter.com\/widgets.js\" charset=\"utf-8\"><\/script>\n<\/div><\/figure>\n","protected":false},"excerpt":{"rendered":"<p>Bajo la alerta naranja -y con aviso por tormentas fuertes a corto plazo- en nuestra ciudad se pudo observar un<\/p>\n","protected":false},"author":2,"featured_media":105055,"comment_status":"closed","ping_status":"closed","sticky":false,"template":"","format":"standard","meta":{"_jetpack_memberships_contains_paid_content":false,"footnotes":""},"categories":[5,1],"tags":[],"class_list":["post-105059","post","type-post","status-publish","format-standard","has-post-thumbnail","hentry","category-informacion-general","category-portada"],"jetpack_featured_media_url":"https:\/\/i0.wp.com\/cdnoticias.com\/wp-content\/uploads\/2023\/12\/tormenta-olavarria.jpg?fit=1000%2C600&ssl=1","jetpack_sharing_enabled":true,"_links":{"self":[{"href":"https:\/\/cdnoticias.com\/index.php\/wp-json\/wp\/v2\/posts\/105059","targetHints":{"allow":["GET"]}}],"collection":[{"href":"https:\/\/cdnoticias.com\/index.php\/wp-json\/wp\/v2\/posts"}],"about":[{"href":"https:\/\/cdnoticias.com\/index.php\/wp-json\/wp\/v2\/types\/post"}],"author":[{"embeddable":true,"href":"https:\/\/cdnoticias.com\/index.php\/wp-json\/wp\/v2\/users\/2"}],"replies":[{"embeddable":true,"href":"https:\/\/cdnoticias.com\/index.php\/wp-json\/wp\/v2\/comments?post=105059"}],"version-history":[{"count":0,"href":"https:\/\/cdnoticias.com\/index.php\/wp-json\/wp\/v2\/posts\/105059\/revisions"}],"wp:featuredmedia":[{"embeddable":true,"href":"https:\/\/cdnoticias.com\/index.php\/wp-json\/wp\/v2\/media\/105055"}],"wp:attachment":[{"href":"https:\/\/cdnoticias.com\/index.php\/wp-json\/wp\/v2\/media?parent=105059"}],"wp:term":[{"taxonomy":"category","embeddable":true,"href":"https:\/\/cdnoticias.com\/index.php\/wp-json\/wp\/v2\/categories?post=105059"},{"taxonomy":"post_tag","embeddable":true,"href":"https:\/\/cdnoticias.com\/index.php\/wp-json\/wp\/v2\/tags?post=105059"}],"curies":[{"name":"wp","href":"https:\/\/api.w.org\/{rel}","templated":true}]}}