{"id":105035,"date":"2023-12-24T09:12:15","date_gmt":"2023-12-24T12:12:15","guid":{"rendered":"https:\/\/cdnoticias.com\/?p=105035"},"modified":"2023-12-24T10:43:58","modified_gmt":"2023-12-24T13:43:58","slug":"un-hombre-fallecio-en-un-violento-accidente-en-un-camino-rural","status":"publish","type":"post","link":"https:\/\/cdnoticias.com\/index.php\/2023\/12\/24\/un-hombre-fallecio-en-un-violento-accidente-en-un-camino-rural\/","title":{"rendered":"Un hombre falleci\u00f3 en un violento accidente en un camino rural"},"content":{"rendered":"<p>Ocurri\u00f3 el s\u00e1bado en la prolongaci\u00f3n de la avenida Del Valle. El automovilista choc\u00f3 contra mont\u00edculos de tierra y fue despedido del veh\u00edculo.<!--more--><\/p>\n<hr \/>\n<p>Un accidente fatal se produjo durante la tarde del s\u00e1bado en un <strong>camino rural ubicado en la prolongaci\u00f3n de avenida Del Valle hacia el oeste del partido de Olavarr\u00eda, pasando unos 800 metros ruta 60.<\/strong><\/p>\n<p><strong>El conductor de un auto Citroen Picasso colision\u00f3 con un talud de tierra<\/strong> de una obra que se realiza en el camino vecinal, provocando el vuelco del veh\u00edculo y despidiendo del habit\u00e1culo a la v\u00edctima.<\/p>\n<p><strong>El hombre fue atendido por personal de salud en el lugar, pero falleci\u00f3.<\/strong> Se trata del empresario <strong>Alejandro Rigada<\/strong>, cuyo campo se encuentra a metros del lugar del siniestro.<\/p>\n<p>Rigada, de acuerdo a lo que se inform\u00f3 ten\u00eda prohibici\u00f3n de conducir por orden de la justicia. El hombre no llevaba identificaci\u00f3n, siendo su cuerpo reconocido por un familiar directo.<\/p>\n<p>Trabaj\u00f3 en el lugar personal del<strong> Comando de patrulla Rural de Olavarr\u00eda<\/strong>. Concurri\u00f3 tambi\u00e9n la Unidad 17 de Bomberos voluntarios de nuestra ciudad, a cargo del oficial Rafael Mart\u00ednez.<\/p>\n<p><em>Fuente y foto: gentileza En L\u00ednea Noticias.\u00a0<\/em><\/p>\n","protected":false},"excerpt":{"rendered":"<p>Ocurri\u00f3 el s\u00e1bado en la prolongaci\u00f3n de la avenida Del Valle. El automovilista choc\u00f3 contra mont\u00edculos de tierra y fue<\/p>\n","protected":false},"author":2,"featured_media":105036,"comment_status":"closed","ping_status":"closed","sticky":false,"template":"","format":"standard","meta":{"_jetpack_memberships_contains_paid_content":false,"footnotes":""},"categories":[14,1],"tags":[],"class_list":["post-105035","post","type-post","status-publish","format-standard","has-post-thumbnail","hentry","category-policiales","category-portada"],"jetpack_featured_media_url":"https:\/\/i0.wp.com\/cdnoticias.com\/wp-content\/uploads\/2023\/12\/Vuelco-Del-Valle.jpg?fit=1024%2C564&ssl=1","jetpack_sharing_enabled":true,"_links":{"self":[{"href":"https:\/\/cdnoticias.com\/index.php\/wp-json\/wp\/v2\/posts\/105035","targetHints":{"allow":["GET"]}}],"collection":[{"href":"https:\/\/cdnoticias.com\/index.php\/wp-json\/wp\/v2\/posts"}],"about":[{"href":"https:\/\/cdnoticias.com\/index.php\/wp-json\/wp\/v2\/types\/post"}],"author":[{"embeddable":true,"href":"https:\/\/cdnoticias.com\/index.php\/wp-json\/wp\/v2\/users\/2"}],"replies":[{"embeddable":true,"href":"https:\/\/cdnoticias.com\/index.php\/wp-json\/wp\/v2\/comments?post=105035"}],"version-history":[{"count":0,"href":"https:\/\/cdnoticias.com\/index.php\/wp-json\/wp\/v2\/posts\/105035\/revisions"}],"wp:featuredmedia":[{"embeddable":true,"href":"https:\/\/cdnoticias.com\/index.php\/wp-json\/wp\/v2\/media\/105036"}],"wp:attachment":[{"href":"https:\/\/cdnoticias.com\/index.php\/wp-json\/wp\/v2\/media?parent=105035"}],"wp:term":[{"taxonomy":"category","embeddable":true,"href":"https:\/\/cdnoticias.com\/index.php\/wp-json\/wp\/v2\/categories?post=105035"},{"taxonomy":"post_tag","embeddable":true,"href":"https:\/\/cdnoticias.com\/index.php\/wp-json\/wp\/v2\/tags?post=105035"}],"curies":[{"name":"wp","href":"https:\/\/api.w.org\/{rel}","templated":true}]}}