{"id":105021,"date":"2023-12-23T20:28:30","date_gmt":"2023-12-23T23:28:30","guid":{"rendered":"https:\/\/cdnoticias.com\/?p=105021"},"modified":"2023-12-24T09:28:49","modified_gmt":"2023-12-24T12:28:49","slug":"el-clasico-cientos-de-olavarrienses-fueron-al-centro-para-sus-compras-de-ultimo-momento","status":"publish","type":"post","link":"https:\/\/cdnoticias.com\/index.php\/2023\/12\/23\/el-clasico-cientos-de-olavarrienses-fueron-al-centro-para-sus-compras-de-ultimo-momento\/","title":{"rendered":"El cl\u00e1sico: cientos de olavarrienses fueron al centro para sus \u201ccompras de \u00faltimo momento\u201d"},"content":{"rendered":"\n<p>Con el Paseo de Artesanos como epicentro, los vecinos y vecinas hicieron largas colas en regaler\u00edas, locales de ropa, incluso en supermercados para tener todo listo para recibir la Navidad.<\/p>\n\n\n\n<hr class=\"wp-block-separator aligncenter has-alpha-channel-opacity\"\/>\n\n\n\n<p>Un cl\u00e1sico que se repite todos los a\u00f1os: <strong>cientos de olavarrienses llegaron al centro de la ciudad con el objetivo de adquirir -lo que podr\u00edamos denominar por estas horas- las \u201ccompras de \u00faltimo momento\u201d a poco m\u00e1s de 24 horas de la llegada de la Navidad.<\/strong><\/p>\n\n\n\n<figure class=\"wp-block-image size-full\"><img data-recalc-dims=\"1\" loading=\"lazy\" decoding=\"async\" width=\"800\" height=\"480\" src=\"https:\/\/i0.wp.com\/cdnoticias.com\/wp-content\/uploads\/2023\/12\/Diseno-sin-titulo-4.jpg?resize=800%2C480&#038;ssl=1\" alt=\"\" class=\"wp-image-105026\" srcset=\"https:\/\/i0.wp.com\/cdnoticias.com\/wp-content\/uploads\/2023\/12\/Diseno-sin-titulo-4.jpg?w=1000&amp;ssl=1 1000w, https:\/\/i0.wp.com\/cdnoticias.com\/wp-content\/uploads\/2023\/12\/Diseno-sin-titulo-4.jpg?resize=300%2C180&amp;ssl=1 300w, https:\/\/i0.wp.com\/cdnoticias.com\/wp-content\/uploads\/2023\/12\/Diseno-sin-titulo-4.jpg?resize=768%2C461&amp;ssl=1 768w\" sizes=\"auto, (max-width: 800px) 100vw, 800px\" \/><\/figure>\n\n\n\n<p>Con la <strong>\u201cFeria Navide\u00f1a\u201d de la plaza central como epicentro,<\/strong> los olavarrienses recorrieron, preguntaron precios y compraron regalos para sus seres queridos.<\/p>\n\n\n\n<figure class=\"wp-block-image size-full\"><img data-recalc-dims=\"1\" loading=\"lazy\" decoding=\"async\" width=\"800\" height=\"480\" src=\"https:\/\/i0.wp.com\/cdnoticias.com\/wp-content\/uploads\/2023\/12\/Diseno-sin-titulo-5.jpg?resize=800%2C480&#038;ssl=1\" alt=\"\" class=\"wp-image-105024\" srcset=\"https:\/\/i0.wp.com\/cdnoticias.com\/wp-content\/uploads\/2023\/12\/Diseno-sin-titulo-5.jpg?w=1000&amp;ssl=1 1000w, https:\/\/i0.wp.com\/cdnoticias.com\/wp-content\/uploads\/2023\/12\/Diseno-sin-titulo-5.jpg?resize=300%2C180&amp;ssl=1 300w, https:\/\/i0.wp.com\/cdnoticias.com\/wp-content\/uploads\/2023\/12\/Diseno-sin-titulo-5.jpg?resize=768%2C461&amp;ssl=1 768w\" sizes=\"auto, (max-width: 800px) 100vw, 800px\" \/><\/figure>\n\n\n\n<p>Tambi\u00e9n<strong> hubo artistas que, a la gorra, mostraron sus destrezas e incluso hubo un lugar donde una cantante ameniz\u00f3 la tarde <\/strong>plagada de ruidos y movimiento. <\/p>\n\n\n\n<p>Tras los avisos de tormentas fuertes para la noche del s\u00e1bado,<strong> muchos por estas horas se encontraban desarmando sus stands para retornar al otro d\u00eda, cuando hayan pasado las lluvias y los vientos.<\/strong><\/p>\n\n\n\n<figure class=\"wp-block-image size-full\"><img data-recalc-dims=\"1\" loading=\"lazy\" decoding=\"async\" width=\"800\" height=\"480\" src=\"https:\/\/i0.wp.com\/cdnoticias.com\/wp-content\/uploads\/2023\/12\/Diseno-sin-titulo-3.jpg?resize=800%2C480&#038;ssl=1\" alt=\"\" class=\"wp-image-105027\" srcset=\"https:\/\/i0.wp.com\/cdnoticias.com\/wp-content\/uploads\/2023\/12\/Diseno-sin-titulo-3.jpg?w=1000&amp;ssl=1 1000w, https:\/\/i0.wp.com\/cdnoticias.com\/wp-content\/uploads\/2023\/12\/Diseno-sin-titulo-3.jpg?resize=300%2C180&amp;ssl=1 300w, https:\/\/i0.wp.com\/cdnoticias.com\/wp-content\/uploads\/2023\/12\/Diseno-sin-titulo-3.jpg?resize=768%2C461&amp;ssl=1 768w\" sizes=\"auto, (max-width: 800px) 100vw, 800px\" \/><\/figure>\n\n\n\n<p>Pero no s\u00f3lo la Feria fue lugar de compras: <strong>regaler\u00edas, tiendas de ropa y otros productos se vieron con largas colas para sumar algo al arbolito y que la familia tenga su regalo navide\u00f1o.<\/strong><\/p>\n\n\n\n<figure class=\"wp-block-image size-full\"><img data-recalc-dims=\"1\" loading=\"lazy\" decoding=\"async\" width=\"800\" height=\"480\" src=\"https:\/\/i0.wp.com\/cdnoticias.com\/wp-content\/uploads\/2023\/12\/Diseno-sin-titulo-7.jpg?resize=800%2C480&#038;ssl=1\" alt=\"\" class=\"wp-image-105022\" srcset=\"https:\/\/i0.wp.com\/cdnoticias.com\/wp-content\/uploads\/2023\/12\/Diseno-sin-titulo-7.jpg?w=1000&amp;ssl=1 1000w, https:\/\/i0.wp.com\/cdnoticias.com\/wp-content\/uploads\/2023\/12\/Diseno-sin-titulo-7.jpg?resize=300%2C180&amp;ssl=1 300w, https:\/\/i0.wp.com\/cdnoticias.com\/wp-content\/uploads\/2023\/12\/Diseno-sin-titulo-7.jpg?resize=768%2C461&amp;ssl=1 768w\" sizes=\"auto, (max-width: 800px) 100vw, 800px\" \/><\/figure>\n\n\n\n<figure class=\"wp-block-image size-full\"><img data-recalc-dims=\"1\" loading=\"lazy\" decoding=\"async\" width=\"800\" height=\"480\" src=\"https:\/\/i0.wp.com\/cdnoticias.com\/wp-content\/uploads\/2023\/12\/Diseno-sin-titulo-6.jpg?resize=800%2C480&#038;ssl=1\" alt=\"\" class=\"wp-image-105023\" srcset=\"https:\/\/i0.wp.com\/cdnoticias.com\/wp-content\/uploads\/2023\/12\/Diseno-sin-titulo-6.jpg?w=1000&amp;ssl=1 1000w, https:\/\/i0.wp.com\/cdnoticias.com\/wp-content\/uploads\/2023\/12\/Diseno-sin-titulo-6.jpg?resize=300%2C180&amp;ssl=1 300w, https:\/\/i0.wp.com\/cdnoticias.com\/wp-content\/uploads\/2023\/12\/Diseno-sin-titulo-6.jpg?resize=768%2C461&amp;ssl=1 768w\" sizes=\"auto, (max-width: 800px) 100vw, 800px\" \/><\/figure>\n\n\n\n<p>En di\u00e1logo con<strong> Central de Noticias<\/strong>, la mayor\u00eda de los consultados se\u00f1al\u00f3 que<strong> este domingo -de Nochebuena- la gran cantidad de comercios estar\u00e1 hasta abierto al p\u00fablico desde la ma\u00f1ana temprano hasta las 18:00 horas m\u00e1ximo. <\/strong>Esperan, todos ellos, poder mejorar las ventas con respecto al a\u00f1o pasado y en la comparativa de un a\u00f1o complejo en lo econ\u00f3mico.<\/p>\n","protected":false},"excerpt":{"rendered":"<p>Con el Paseo de Artesanos como epicentro, los vecinos y vecinas hicieron largas colas en regaler\u00edas, locales de ropa, incluso<\/p>\n","protected":false},"author":2,"featured_media":105029,"comment_status":"closed","ping_status":"closed","sticky":false,"template":"","format":"standard","meta":{"_jetpack_memberships_contains_paid_content":false,"footnotes":""},"categories":[5,1],"tags":[],"class_list":["post-105021","post","type-post","status-publish","format-standard","has-post-thumbnail","hentry","category-informacion-general","category-portada"],"jetpack_featured_media_url":"https:\/\/i0.wp.com\/cdnoticias.com\/wp-content\/uploads\/2023\/12\/Diseno-sin-titulo-1.jpg?fit=1000%2C600&ssl=1","jetpack_sharing_enabled":true,"_links":{"self":[{"href":"https:\/\/cdnoticias.com\/index.php\/wp-json\/wp\/v2\/posts\/105021","targetHints":{"allow":["GET"]}}],"collection":[{"href":"https:\/\/cdnoticias.com\/index.php\/wp-json\/wp\/v2\/posts"}],"about":[{"href":"https:\/\/cdnoticias.com\/index.php\/wp-json\/wp\/v2\/types\/post"}],"author":[{"embeddable":true,"href":"https:\/\/cdnoticias.com\/index.php\/wp-json\/wp\/v2\/users\/2"}],"replies":[{"embeddable":true,"href":"https:\/\/cdnoticias.com\/index.php\/wp-json\/wp\/v2\/comments?post=105021"}],"version-history":[{"count":0,"href":"https:\/\/cdnoticias.com\/index.php\/wp-json\/wp\/v2\/posts\/105021\/revisions"}],"wp:featuredmedia":[{"embeddable":true,"href":"https:\/\/cdnoticias.com\/index.php\/wp-json\/wp\/v2\/media\/105029"}],"wp:attachment":[{"href":"https:\/\/cdnoticias.com\/index.php\/wp-json\/wp\/v2\/media?parent=105021"}],"wp:term":[{"taxonomy":"category","embeddable":true,"href":"https:\/\/cdnoticias.com\/index.php\/wp-json\/wp\/v2\/categories?post=105021"},{"taxonomy":"post_tag","embeddable":true,"href":"https:\/\/cdnoticias.com\/index.php\/wp-json\/wp\/v2\/tags?post=105021"}],"curies":[{"name":"wp","href":"https:\/\/api.w.org\/{rel}","templated":true}]}}