{"id":104986,"date":"2023-12-23T10:00:13","date_gmt":"2023-12-23T13:00:13","guid":{"rendered":"https:\/\/cdnoticias.com\/?p=104986"},"modified":"2023-12-23T15:42:54","modified_gmt":"2023-12-23T18:42:54","slug":"la-tormenta-afecto-el-servicio-de-luz-en-barrio-nicolas-avellaneda-y-bancario-i","status":"publish","type":"post","link":"https:\/\/cdnoticias.com\/index.php\/2023\/12\/23\/la-tormenta-afecto-el-servicio-de-luz-en-barrio-nicolas-avellaneda-y-bancario-i\/","title":{"rendered":"La tormenta afect\u00f3 el servicio de luz en barrio Nicol\u00e1s Avellaneda y Bancario I"},"content":{"rendered":"<p>Coopelectric indic\u00f3 que tambi\u00e9n se vieron afectadas las bombas de agua por lo que solicitan un uso racional del recurso.<!--more--><\/p>\n<hr \/>\n<p>Desde Coopelectric se comunic\u00f3 que la tormenta del viernes por la noche y madrugada del s\u00e1bado afect\u00f3 una l\u00ednea auxiliar que<strong> dej\u00f3 sin servicios las zonas de barrio Nicol\u00e1s Avellaneda y Bancario I.<\/strong><\/p>\n<p>A ra\u00edz de esto, <strong>tambi\u00e9n se vieron afectadas las bombas de agua,<\/strong> por lo cual solicitaron hacer un uso racional y solidario del recurso.<\/p>\n<p>Indicaron que personal de Coopelectric se encuentra recorriendo las zonas para evaluar da\u00f1os y luego proceder a las correspondientes acciones para reponer el servicio prontamente.<\/p>\n","protected":false},"excerpt":{"rendered":"<p>Coopelectric indic\u00f3 que tambi\u00e9n se vieron afectadas las bombas de agua por lo que solicitan un uso racional del recurso.<\/p>\n","protected":false},"author":2,"featured_media":41402,"comment_status":"closed","ping_status":"closed","sticky":false,"template":"","format":"standard","meta":{"_jetpack_memberships_contains_paid_content":false,"footnotes":""},"categories":[5,1],"tags":[],"class_list":["post-104986","post","type-post","status-publish","format-standard","has-post-thumbnail","hentry","category-informacion-general","category-portada"],"jetpack_featured_media_url":"https:\/\/i0.wp.com\/cdnoticias.com\/wp-content\/uploads\/2021\/12\/coopelectric-camion1.jpg?fit=1540%2C856&ssl=1","jetpack_sharing_enabled":true,"_links":{"self":[{"href":"https:\/\/cdnoticias.com\/index.php\/wp-json\/wp\/v2\/posts\/104986","targetHints":{"allow":["GET"]}}],"collection":[{"href":"https:\/\/cdnoticias.com\/index.php\/wp-json\/wp\/v2\/posts"}],"about":[{"href":"https:\/\/cdnoticias.com\/index.php\/wp-json\/wp\/v2\/types\/post"}],"author":[{"embeddable":true,"href":"https:\/\/cdnoticias.com\/index.php\/wp-json\/wp\/v2\/users\/2"}],"replies":[{"embeddable":true,"href":"https:\/\/cdnoticias.com\/index.php\/wp-json\/wp\/v2\/comments?post=104986"}],"version-history":[{"count":0,"href":"https:\/\/cdnoticias.com\/index.php\/wp-json\/wp\/v2\/posts\/104986\/revisions"}],"wp:featuredmedia":[{"embeddable":true,"href":"https:\/\/cdnoticias.com\/index.php\/wp-json\/wp\/v2\/media\/41402"}],"wp:attachment":[{"href":"https:\/\/cdnoticias.com\/index.php\/wp-json\/wp\/v2\/media?parent=104986"}],"wp:term":[{"taxonomy":"category","embeddable":true,"href":"https:\/\/cdnoticias.com\/index.php\/wp-json\/wp\/v2\/categories?post=104986"},{"taxonomy":"post_tag","embeddable":true,"href":"https:\/\/cdnoticias.com\/index.php\/wp-json\/wp\/v2\/tags?post=104986"}],"curies":[{"name":"wp","href":"https:\/\/api.w.org\/{rel}","templated":true}]}}