{"id":104976,"date":"2023-12-23T11:00:02","date_gmt":"2023-12-23T14:00:02","guid":{"rendered":"https:\/\/cdnoticias.com\/?p=104976"},"modified":"2023-12-23T11:00:04","modified_gmt":"2023-12-23T14:00:04","slug":"reconocimiento-a-docentes-jubilados-de-la-facultad-de-ciencias-sociales","status":"publish","type":"post","link":"https:\/\/cdnoticias.com\/index.php\/2023\/12\/23\/reconocimiento-a-docentes-jubilados-de-la-facultad-de-ciencias-sociales\/","title":{"rendered":"Reconocimiento a docentes jubilados de la Facultad de Ciencias Sociales"},"content":{"rendered":"\n<p>El acto se llev\u00f3 a cabo este mi\u00e9rcoles en el Centro Cultural Universitario. Estuvieron presentes tambi\u00e9n consejeros\/as acad\u00e9micos\/as, docentes y no docentes que acompa\u00f1aron el encuentro.<\/p>\n\n\n\n<hr class=\"wp-block-separator aligncenter has-alpha-channel-opacity\"\/>\n\n\n\n<p>En un encuentro cargado de emotividad,<strong> la Licenciada Gabriela Gamberini y la Doctora Mar\u00eda Luz Endere, decana y vicedecana de la Facultad de Ciencias Sociales<\/strong> respectivamente, junto al equipo de secretarios de gesti\u00f3n, encabezaron el acto de entrega de placas de reconocimiento a docentes jubilados a lo largo del corriente a\u00f1o.<\/p>\n\n\n\n<p><\/p>\n\n\n\n<p>El acto se llev\u00f3 adelante este mi\u00e9rcoles en el<strong> Centro Cultural Universitario Olavarr\u00eda<\/strong>, de acuerdo a lo que establece la Resoluci\u00f3n de CA N.\u00ba 287\/17 en el marco de la \u00faltima plenaria del Consejo Acad\u00e9mico de la Facultad.<\/p>\n\n\n\n<p><\/p>\n\n\n\n<p>Estuvieron presentes tambi\u00e9n consejeros\/as acad\u00e9micos\/as, docentes y no docentes que acompa\u00f1aron el encuentro.<\/p>\n\n\n\n<p><\/p>\n\n\n\n<p>Las autoridades destacaron el rol que cumplieron el <strong>Dr. Miguel \u00c1ngel Mugueta, la Dra. Anal\u00eda Errobidart, el Lic. Rodolfo Daniel Ramos y el Lic. Horacio Alejo Villalba <\/strong>a lo largo de la historia de la Facultad de Ciencias Sociales, y agradecieron la tarea y el trabajo desarrollado.<\/p>\n\n\n\n<p><\/p>\n\n\n\n<p>En el caso de <strong>Mugueta, Ramos y Villalba <\/strong>no pudieron participar del acto por cuestiones particulares, por lo que se les har\u00e1 llegar el reconocimiento oportunamente.<\/p>\n\n\n\n<p><\/p>\n\n\n\n<p>La<strong> Dra. Anal\u00eda Errobidart <\/strong>lleg\u00f3 a la Facultad de Ciencias Sociales en el a\u00f1o 1989, cuando fue convocada por la gesti\u00f3n para desempe\u00f1arse como Secretaria Acad\u00e9mica.<\/p>\n\n\n\n<figure class=\"wp-block-image size-full\"><img data-recalc-dims=\"1\" loading=\"lazy\" decoding=\"async\" width=\"800\" height=\"534\" src=\"https:\/\/i0.wp.com\/cdnoticias.com\/wp-content\/uploads\/2023\/12\/reconocimiento-jubilados-docentes2.jpg?resize=800%2C534&#038;ssl=1\" alt=\"\" class=\"wp-image-104959\" srcset=\"https:\/\/i0.wp.com\/cdnoticias.com\/wp-content\/uploads\/2023\/12\/reconocimiento-jubilados-docentes2.jpg?w=1000&amp;ssl=1 1000w, https:\/\/i0.wp.com\/cdnoticias.com\/wp-content\/uploads\/2023\/12\/reconocimiento-jubilados-docentes2.jpg?resize=300%2C200&amp;ssl=1 300w, https:\/\/i0.wp.com\/cdnoticias.com\/wp-content\/uploads\/2023\/12\/reconocimiento-jubilados-docentes2.jpg?resize=768%2C512&amp;ssl=1 768w, https:\/\/i0.wp.com\/cdnoticias.com\/wp-content\/uploads\/2023\/12\/reconocimiento-jubilados-docentes2.jpg?resize=272%2C182&amp;ssl=1 272w\" sizes=\"auto, (max-width: 800px) 100vw, 800px\" \/><\/figure>\n\n\n\n<p>Fue una de las impulsoras de la creaci\u00f3n de los Profesorados de Comunicaci\u00f3n y Antropolog\u00eda, a mediados de la d\u00e9cada del \u201890, y entre los a\u00f1os 2000 y 2008 ejerci\u00f3 el cargo de vicedecana de la FACSO.<\/p>\n\n\n\n<p><\/p>\n\n\n\n<p>Asimismo, a lo largo de su vasta trayectoria se desempe\u00f1\u00f3 como docente e investigadora del Departamento de Educaci\u00f3n y del N\u00facleo Investigaciones en Formaci\u00f3n Inicial y Pr\u00e1cticas Educativas (IFIPRAC_Ed), el cual dirige actualmente.<\/p>\n\n\n\n<p><\/p>\n\n\n\n<p>Luego de recibir la placa de reconocimiento,<strong> la Dra. Errobidart describi\u00f3 que lo m\u00e1s de 30 a\u00f1os de trabajo en la Facultad de Ciencias Sociales <\/strong>\u201chan pasado r\u00e1pido, pero fueron intensos. Estoy agradecida de haber trabajado con mucha gente con la que adem\u00e1s de la relaci\u00f3n desde lo acad\u00e9mico se ha creado un estrecho v\u00ednculo desde lo humano. En todo este tiempo me constru\u00ed como persona en la FACSO\u201d.<\/p>\n\n\n\n<figure class=\"wp-block-image size-full\"><img data-recalc-dims=\"1\" loading=\"lazy\" decoding=\"async\" width=\"800\" height=\"537\" src=\"https:\/\/i0.wp.com\/cdnoticias.com\/wp-content\/uploads\/2023\/12\/reconocimiento-jubilados-docentes3.jpg?resize=800%2C537&#038;ssl=1\" alt=\"\" class=\"wp-image-104960\" srcset=\"https:\/\/i0.wp.com\/cdnoticias.com\/wp-content\/uploads\/2023\/12\/reconocimiento-jubilados-docentes3.jpg?w=1000&amp;ssl=1 1000w, https:\/\/i0.wp.com\/cdnoticias.com\/wp-content\/uploads\/2023\/12\/reconocimiento-jubilados-docentes3.jpg?resize=300%2C201&amp;ssl=1 300w, https:\/\/i0.wp.com\/cdnoticias.com\/wp-content\/uploads\/2023\/12\/reconocimiento-jubilados-docentes3.jpg?resize=768%2C515&amp;ssl=1 768w, https:\/\/i0.wp.com\/cdnoticias.com\/wp-content\/uploads\/2023\/12\/reconocimiento-jubilados-docentes3.jpg?resize=272%2C182&amp;ssl=1 272w\" sizes=\"auto, (max-width: 800px) 100vw, 800px\" \/><\/figure>\n\n\n\n<p>E<strong>l Dr. Mugueta<\/strong> es uno de los primeros graduados de la carrera de la Licenciatura en Antropolog\u00eda orientaci\u00f3n Arqueolog\u00eda de la Facultad de Ciencias Sociales, y se desempe\u00f1\u00f3 como docente en el Departamento de Comunicaci\u00f3n Social e investigador del N\u00facleo de Estudios Socioculturales (Nures) y el n\u00facleo Producciones e Investigaciones Comunicaciones y Sociales de la Ciudad Intermedia (PROINCOMSCI).<\/p>\n\n\n\n<p><\/p>\n\n\n\n<p>Mientras tanto <strong>el Lic. Ramos <\/strong>fue docente de la carrera de la Licenciatura en Comunicaci\u00f3n Social. Finalmente, Villalba se desempe\u00f1\u00f3 como docente del Departamento de Arqueolog\u00eda e investigador del Instituto de Investigaciones arqueol\u00f3gicas y paleontol\u00f3gicas del cuaternario pampeano (INCUAPA. CONICET-UNICEN).<\/p>\n","protected":false},"excerpt":{"rendered":"<p>El acto se llev\u00f3 a cabo este mi\u00e9rcoles en el Centro Cultural Universitario. Estuvieron presentes tambi\u00e9n consejeros\/as acad\u00e9micos\/as, docentes y<\/p>\n","protected":false},"author":6,"featured_media":104958,"comment_status":"closed","ping_status":"closed","sticky":false,"template":"","format":"standard","meta":{"_jetpack_memberships_contains_paid_content":false,"footnotes":""},"categories":[5,1],"tags":[],"class_list":["post-104976","post","type-post","status-publish","format-standard","has-post-thumbnail","hentry","category-informacion-general","category-portada"],"jetpack_featured_media_url":"https:\/\/i0.wp.com\/cdnoticias.com\/wp-content\/uploads\/2023\/12\/reconocimiento-jubilados-docentes.jpg?fit=1000%2C651&ssl=1","jetpack_sharing_enabled":true,"_links":{"self":[{"href":"https:\/\/cdnoticias.com\/index.php\/wp-json\/wp\/v2\/posts\/104976","targetHints":{"allow":["GET"]}}],"collection":[{"href":"https:\/\/cdnoticias.com\/index.php\/wp-json\/wp\/v2\/posts"}],"about":[{"href":"https:\/\/cdnoticias.com\/index.php\/wp-json\/wp\/v2\/types\/post"}],"author":[{"embeddable":true,"href":"https:\/\/cdnoticias.com\/index.php\/wp-json\/wp\/v2\/users\/6"}],"replies":[{"embeddable":true,"href":"https:\/\/cdnoticias.com\/index.php\/wp-json\/wp\/v2\/comments?post=104976"}],"version-history":[{"count":0,"href":"https:\/\/cdnoticias.com\/index.php\/wp-json\/wp\/v2\/posts\/104976\/revisions"}],"wp:featuredmedia":[{"embeddable":true,"href":"https:\/\/cdnoticias.com\/index.php\/wp-json\/wp\/v2\/media\/104958"}],"wp:attachment":[{"href":"https:\/\/cdnoticias.com\/index.php\/wp-json\/wp\/v2\/media?parent=104976"}],"wp:term":[{"taxonomy":"category","embeddable":true,"href":"https:\/\/cdnoticias.com\/index.php\/wp-json\/wp\/v2\/categories?post=104976"},{"taxonomy":"post_tag","embeddable":true,"href":"https:\/\/cdnoticias.com\/index.php\/wp-json\/wp\/v2\/tags?post=104976"}],"curies":[{"name":"wp","href":"https:\/\/api.w.org\/{rel}","templated":true}]}}