{"id":104974,"date":"2023-12-22T20:12:00","date_gmt":"2023-12-22T23:12:00","guid":{"rendered":"https:\/\/cdnoticias.com\/?p=104974"},"modified":"2023-12-23T09:50:45","modified_gmt":"2023-12-23T12:50:45","slug":"carnicerias-menos-ventas-y-mas-busqueda-de-ofertas-de-los-vecinos-en-este-fin-de-ano","status":"publish","type":"post","link":"https:\/\/cdnoticias.com\/index.php\/2023\/12\/22\/carnicerias-menos-ventas-y-mas-busqueda-de-ofertas-de-los-vecinos-en-este-fin-de-ano\/","title":{"rendered":"Carnicer\u00edas: menos ventas y m\u00e1s b\u00fasqueda de ofertas de los vecinos en este fin de a\u00f1o"},"content":{"rendered":"\n<p><\/p>\n\n\n\n<p>\u201cLas ventas vienen bastante bien pero no como otros a\u00f1os\u201d sostuvo uno de los carniceros consultados por Central de Noticias. Cu\u00e1les son los cortes m\u00e1s pedidos por los olavarrienses y qu\u00e9 descuentos usan.<\/p>\n\n\n\n<hr class=\"wp-block-separator aligncenter has-alpha-channel-opacity\"\/>\n\n\n\n<p>Las <strong>fiestas de fin de a\u00f1o <\/strong>se aproximan y <a href=\"https:\/\/cdnoticias.com\/index.php\/2023\/12\/21\/fiestas-con-incertidumbre-la-gente-salio-a-comprar-pero-busco-descuentos-y-ofertas\/\" target=\"_blank\" rel=\"noreferrer noopener\">los olavarrienses recorren los supermercados, carnicer\u00edas y comercios de barrio<\/a> en b\u00fasqueda de precios.<\/p>\n\n\n\n<p><\/p>\n\n\n\n<p><em>Central de Noticias<\/em> recorri\u00f3 dos carnicer\u00edas<strong>, \u201cCostumbres Argentinas\u201d y \u201cEl Tabl\u00f3n\u201d, <\/strong>para conocer la <strong>situaci\u00f3n actual de los locales <\/strong>en este contexto de incertidumbre y de suba de precios.<\/p>\n\n\n\n<p><\/p>\n\n\n\n<figure class=\"wp-block-image aligncenter size-full\"><img data-recalc-dims=\"1\" loading=\"lazy\" decoding=\"async\" width=\"800\" height=\"450\" src=\"https:\/\/i0.wp.com\/cdnoticias.com\/wp-content\/uploads\/2023\/12\/carniceria-4.jpg?resize=800%2C450&#038;ssl=1\" alt=\"\" class=\"wp-image-104969\" srcset=\"https:\/\/i0.wp.com\/cdnoticias.com\/wp-content\/uploads\/2023\/12\/carniceria-4.jpg?w=1009&amp;ssl=1 1009w, https:\/\/i0.wp.com\/cdnoticias.com\/wp-content\/uploads\/2023\/12\/carniceria-4.jpg?resize=300%2C169&amp;ssl=1 300w, https:\/\/i0.wp.com\/cdnoticias.com\/wp-content\/uploads\/2023\/12\/carniceria-4.jpg?resize=768%2C432&amp;ssl=1 768w\" sizes=\"auto, (max-width: 800px) 100vw, 800px\" \/><\/figure>\n\n\n\n<p><\/p>\n\n\n\n<blockquote class=\"wp-block-quote is-layout-flow wp-block-quote-is-layout-flow\">\n<p>Ambos comerciantes coincidieron en que gran parte de las compras se efect\u00faan a trav\u00e9s de billeteras virtuales. Los clientes aprovechan los descuentos y promociones que brindan las aplicaciones como Modo, Mercado Pago y en su gran mayor\u00eda Cuenta DNI que ofrece descuento en carnicer\u00edas los d\u00edas s\u00e1bados y domingos.<\/p>\n<\/blockquote>\n\n\n\n<p><\/p>\n\n\n\n<p>Claudio de <strong><em>Costumbres Argentinas<\/em><\/strong> sostuvo que \u201c<strong><em>las ventas vienen bastante bien pero no como otros a\u00f1os. Ha cambiado mucho el precio de la carne, hubo una fuerte suba y esperemos que baje un poco porque si no a la gente no lo alcanza el bolsillo\u201d.<\/em><\/strong><\/p>\n\n\n\n<p><\/p>\n\n\n\n<figure class=\"wp-block-image aligncenter size-large\"><img data-recalc-dims=\"1\" loading=\"lazy\" decoding=\"async\" width=\"800\" height=\"450\" src=\"https:\/\/i0.wp.com\/cdnoticias.com\/wp-content\/uploads\/2023\/12\/carniceria-3.jpg?resize=800%2C450&#038;ssl=1\" alt=\"\" class=\"wp-image-104968\" srcset=\"https:\/\/i0.wp.com\/cdnoticias.com\/wp-content\/uploads\/2023\/12\/carniceria-3.jpg?resize=1024%2C576&amp;ssl=1 1024w, https:\/\/i0.wp.com\/cdnoticias.com\/wp-content\/uploads\/2023\/12\/carniceria-3.jpg?resize=300%2C169&amp;ssl=1 300w, https:\/\/i0.wp.com\/cdnoticias.com\/wp-content\/uploads\/2023\/12\/carniceria-3.jpg?resize=768%2C432&amp;ssl=1 768w, https:\/\/i0.wp.com\/cdnoticias.com\/wp-content\/uploads\/2023\/12\/carniceria-3.jpg?w=1063&amp;ssl=1 1063w\" sizes=\"auto, (max-width: 800px) 100vw, 800px\" \/><\/figure>\n\n\n\n<p><\/p>\n\n\n\n<p>En cuanto a los c<strong>ortes m\u00e1s vendidos estos d\u00edas <\/strong>cont\u00f3 que fueron: \u201cEl asado de tira que este viernes lo largamos en oferta a $5890, vac\u00edo, marucha, tapa de asado, peceto, lengua, chorizo y alguna manta parrillera por si son muchos en la familia para que rinda\u201d.<\/p>\n\n\n\n<p><\/p>\n\n\n\n<figure class=\"wp-block-image aligncenter size-full\"><img data-recalc-dims=\"1\" loading=\"lazy\" decoding=\"async\" width=\"800\" height=\"450\" src=\"https:\/\/i0.wp.com\/cdnoticias.com\/wp-content\/uploads\/2023\/12\/carniceria-1.jpg?resize=800%2C450&#038;ssl=1\" alt=\"\" class=\"wp-image-104966\" srcset=\"https:\/\/i0.wp.com\/cdnoticias.com\/wp-content\/uploads\/2023\/12\/carniceria-1.jpg?w=981&amp;ssl=1 981w, https:\/\/i0.wp.com\/cdnoticias.com\/wp-content\/uploads\/2023\/12\/carniceria-1.jpg?resize=300%2C169&amp;ssl=1 300w, https:\/\/i0.wp.com\/cdnoticias.com\/wp-content\/uploads\/2023\/12\/carniceria-1.jpg?resize=768%2C432&amp;ssl=1 768w\" sizes=\"auto, (max-width: 800px) 100vw, 800px\" \/><\/figure>\n\n\n\n<blockquote class=\"wp-block-quote is-layout-flow wp-block-quote-is-layout-flow\">\n<p>A la hora de poner los precios explic\u00f3 que \u201chablo con varios colegas y tratamos de ver el precio del mercado, lo que pasa es que lo que no nos bajan a nosotros son los intermediarios\u201d.<\/p>\n<\/blockquote>\n\n\n\n<p><\/p>\n\n\n\n<p>Por \u00faltimo, resalt\u00f3 que \u201cse usa mucho la Cuenta DNI en estos momentos, con d\u00e9bito tambi\u00e9n se esta trabajando bien y la gente espera el s\u00e1bado para poder hacer su compra\u201d.<\/p>\n\n\n\n<p><\/p>\n\n\n\n<p>Desde la carnicer\u00eda \u201c<strong><em>El Tabl\u00f3n<\/em><\/strong>\u201d Marisa, en contrapunto, dijo que \u201c<strong><em>la gente ya no se queja porque est\u00e1 acostumbr\u00e1ndose a que aumenta todo. Este viernes por la ma\u00f1ana un cliente se llev\u00f3 un costillar con los ojos cerrados\u201d.<\/em><\/strong><\/p>\n\n\n\n<p><\/p>\n\n\n\n<figure class=\"wp-block-image aligncenter size-full\"><img data-recalc-dims=\"1\" loading=\"lazy\" decoding=\"async\" width=\"800\" height=\"450\" src=\"https:\/\/i0.wp.com\/cdnoticias.com\/wp-content\/uploads\/2023\/12\/carniceria-8.jpg?resize=800%2C450&#038;ssl=1\" alt=\"\" class=\"wp-image-104973\" srcset=\"https:\/\/i0.wp.com\/cdnoticias.com\/wp-content\/uploads\/2023\/12\/carniceria-8.jpg?w=931&amp;ssl=1 931w, https:\/\/i0.wp.com\/cdnoticias.com\/wp-content\/uploads\/2023\/12\/carniceria-8.jpg?resize=300%2C169&amp;ssl=1 300w, https:\/\/i0.wp.com\/cdnoticias.com\/wp-content\/uploads\/2023\/12\/carniceria-8.jpg?resize=768%2C432&amp;ssl=1 768w\" sizes=\"auto, (max-width: 800px) 100vw, 800px\" \/><\/figure>\n\n\n\n<p><\/p>\n\n\n\n<blockquote class=\"wp-block-quote is-layout-flow wp-block-quote-is-layout-flow\">\n<p>De todas maneras, afirm\u00f3 que \u201clas ventas por ahora vienen bien, no nos podemos quejar a ra\u00edz de c\u00f3mo est\u00e1 la situaci\u00f3n. En tanto, agreg\u00f3 que \u201clos cortes m\u00e1s vendidos son mantas, picada, milanesa y hamburguesa preparada y chorizo\u201d.<\/p>\n<\/blockquote>\n\n\n\n<p><\/p>\n\n\n\n<figure class=\"wp-block-image aligncenter size-large\"><img data-recalc-dims=\"1\" loading=\"lazy\" decoding=\"async\" width=\"800\" height=\"450\" src=\"https:\/\/i0.wp.com\/cdnoticias.com\/wp-content\/uploads\/2023\/12\/carniceria-6.jpg?resize=800%2C450&#038;ssl=1\" alt=\"\" class=\"wp-image-104971\" srcset=\"https:\/\/i0.wp.com\/cdnoticias.com\/wp-content\/uploads\/2023\/12\/carniceria-6.jpg?resize=1024%2C576&amp;ssl=1 1024w, https:\/\/i0.wp.com\/cdnoticias.com\/wp-content\/uploads\/2023\/12\/carniceria-6.jpg?resize=300%2C169&amp;ssl=1 300w, https:\/\/i0.wp.com\/cdnoticias.com\/wp-content\/uploads\/2023\/12\/carniceria-6.jpg?resize=768%2C432&amp;ssl=1 768w, https:\/\/i0.wp.com\/cdnoticias.com\/wp-content\/uploads\/2023\/12\/carniceria-6.jpg?w=1072&amp;ssl=1 1072w\" sizes=\"auto, (max-width: 800px) 100vw, 800px\" \/><\/figure>\n\n\n\n<p>En concreto, el desfasaje de precios de los \u00faltimos meses hace que la \u00fanica opci\u00f3n sea buscar, caminar y encontrar el mejor precio<strong><em>. \u201cLo que en una carnicer\u00eda vale 9 mil, en otra vale 7 mil\u201d<\/em><\/strong> se\u00f1al\u00f3 una clienta a este medio en torno a lo complejo que es entender cu\u00e1nto cuesta la carne.<\/p>\n\n\n\n<p><\/p>\n\n\n\n<figure class=\"wp-block-image aligncenter size-large\"><img data-recalc-dims=\"1\" loading=\"lazy\" decoding=\"async\" width=\"800\" height=\"450\" src=\"https:\/\/i0.wp.com\/cdnoticias.com\/wp-content\/uploads\/2023\/12\/carniceria-7.jpg?resize=800%2C450&#038;ssl=1\" alt=\"\" class=\"wp-image-104972\" srcset=\"https:\/\/i0.wp.com\/cdnoticias.com\/wp-content\/uploads\/2023\/12\/carniceria-7.jpg?resize=1024%2C576&amp;ssl=1 1024w, https:\/\/i0.wp.com\/cdnoticias.com\/wp-content\/uploads\/2023\/12\/carniceria-7.jpg?resize=300%2C169&amp;ssl=1 300w, https:\/\/i0.wp.com\/cdnoticias.com\/wp-content\/uploads\/2023\/12\/carniceria-7.jpg?resize=768%2C432&amp;ssl=1 768w, https:\/\/i0.wp.com\/cdnoticias.com\/wp-content\/uploads\/2023\/12\/carniceria-7.jpg?resize=1536%2C864&amp;ssl=1 1536w, https:\/\/i0.wp.com\/cdnoticias.com\/wp-content\/uploads\/2023\/12\/carniceria-7.jpg?w=1804&amp;ssl=1 1804w, https:\/\/i0.wp.com\/cdnoticias.com\/wp-content\/uploads\/2023\/12\/carniceria-7.jpg?w=1600&amp;ssl=1 1600w\" sizes=\"auto, (max-width: 800px) 100vw, 800px\" \/><\/figure>\n\n\n\n<p><\/p>\n\n\n\n<p>Por lo pronto, los grupos de amigos, amigas, familiares y conocidos en WhatsApp u otras redes sociales tienen mensajes con memes, de salutaciones por cumplea\u00f1os, y de oferta de carnicer\u00edas para aprovechar el fin de semana (con Cuenta DNI).<\/p>\n","protected":false},"excerpt":{"rendered":"<p>\u201cLas ventas vienen bastante bien pero no como otros a\u00f1os\u201d sostuvo uno de los carniceros consultados por Central de Noticias.<\/p>\n","protected":false},"author":6,"featured_media":104967,"comment_status":"closed","ping_status":"closed","sticky":false,"template":"","format":"standard","meta":{"_jetpack_memberships_contains_paid_content":false,"footnotes":""},"categories":[5,1],"tags":[],"class_list":["post-104974","post","type-post","status-publish","format-standard","has-post-thumbnail","hentry","category-informacion-general","category-portada"],"jetpack_featured_media_url":"https:\/\/i0.wp.com\/cdnoticias.com\/wp-content\/uploads\/2023\/12\/carniceria-2.jpg?fit=951%2C535&ssl=1","jetpack_sharing_enabled":true,"_links":{"self":[{"href":"https:\/\/cdnoticias.com\/index.php\/wp-json\/wp\/v2\/posts\/104974","targetHints":{"allow":["GET"]}}],"collection":[{"href":"https:\/\/cdnoticias.com\/index.php\/wp-json\/wp\/v2\/posts"}],"about":[{"href":"https:\/\/cdnoticias.com\/index.php\/wp-json\/wp\/v2\/types\/post"}],"author":[{"embeddable":true,"href":"https:\/\/cdnoticias.com\/index.php\/wp-json\/wp\/v2\/users\/6"}],"replies":[{"embeddable":true,"href":"https:\/\/cdnoticias.com\/index.php\/wp-json\/wp\/v2\/comments?post=104974"}],"version-history":[{"count":0,"href":"https:\/\/cdnoticias.com\/index.php\/wp-json\/wp\/v2\/posts\/104974\/revisions"}],"wp:featuredmedia":[{"embeddable":true,"href":"https:\/\/cdnoticias.com\/index.php\/wp-json\/wp\/v2\/media\/104967"}],"wp:attachment":[{"href":"https:\/\/cdnoticias.com\/index.php\/wp-json\/wp\/v2\/media?parent=104974"}],"wp:term":[{"taxonomy":"category","embeddable":true,"href":"https:\/\/cdnoticias.com\/index.php\/wp-json\/wp\/v2\/categories?post=104974"},{"taxonomy":"post_tag","embeddable":true,"href":"https:\/\/cdnoticias.com\/index.php\/wp-json\/wp\/v2\/tags?post=104974"}],"curies":[{"name":"wp","href":"https:\/\/api.w.org\/{rel}","templated":true}]}}