{"id":104940,"date":"2023-12-22T12:20:29","date_gmt":"2023-12-22T15:20:29","guid":{"rendered":"https:\/\/cdnoticias.com\/?p=104940"},"modified":"2023-12-22T18:54:46","modified_gmt":"2023-12-22T21:54:46","slug":"el-acto-de-asuncion-del-intendente-wesner-se-llevara-adelante-el-martes","status":"publish","type":"post","link":"https:\/\/cdnoticias.com\/index.php\/2023\/12\/22\/el-acto-de-asuncion-del-intendente-wesner-se-llevara-adelante-el-martes\/","title":{"rendered":"El acto de asunci\u00f3n del intendente Wesner se llevar\u00e1 adelante el martes"},"content":{"rendered":"<p>El acto protocolar tendr\u00e1 lugar en el Teatro a las 18 horas. Se espera tambi\u00e9n all\u00ed la jura de los secretarios.<\/p>\n<p><!--more--><\/p>\n<hr \/>\n<p>El<strong> acto de asunci\u00f3n del intendente Maximiliano Wesner<\/strong> se realizar\u00e1 el <strong>martes 26 de diciembre a las 18 en el Teatro Municipal<\/strong>.<\/p>\n<p>Se trata de la <strong>reprogramaci\u00f3n del acto protocolar<\/strong> que formaliza el inicio del mandato del jefe comunal. Cabe recordar que inicialmente <a href=\"https:\/\/cdnoticias.com\/index.php\/2023\/12\/17\/olavarria-no-te-espera\/\" target=\"_blank\" rel=\"noopener\">iba a concretarse el pasado 12 de diciembre, pero el temporal que azot\u00f3 a la ciudad a la misma hora de inicio de acto oblig\u00f3 a la suspensi\u00f3n<\/a>.<\/p>\n<blockquote><p>Desde el Concejo Deliberante se salv\u00f3 la imposibilidad de la jura de Wesner mediante una acto administrativo que legaliz\u00f3 el inicio de la gesti\u00f3n, pero a\u00fan resta la <a href=\"https:\/\/cdnoticias.com\/index.php\/2023\/12\/10\/maximiliano-wesner-confirmo-a-los-integrantes-de-su-gabinete-del-municipio-de-olavarria\/\" target=\"_blank\" rel=\"noopener\">jura de los secretarios<\/a>, lo cual se espera que suceda el mismo martes en el Teatro.<\/p><\/blockquote>\n<p>De esta manera, <strong>se da en Olavarr\u00eda una situaci\u00f3n ins\u00f3lita: a 12 d\u00edas del comienzo formal de la gesti\u00f3n municipal del nuevo intendente a\u00fan no pudo dar su juramento<\/strong> ni tampoco asumieron formalmente los principales funcionarios, a pesar de que todos cumplen con las funciones desde el 10 de diciembre.<\/p>\n","protected":false},"excerpt":{"rendered":"<p>El acto protocolar tendr\u00e1 lugar en el Teatro a las 18 horas. Se espera tambi\u00e9n all\u00ed la jura de los<\/p>\n","protected":false},"author":4,"featured_media":104584,"comment_status":"closed","ping_status":"closed","sticky":false,"template":"","format":"standard","meta":{"_jetpack_memberships_contains_paid_content":false,"footnotes":""},"categories":[4,1],"tags":[],"class_list":["post-104940","post","type-post","status-publish","format-standard","has-post-thumbnail","hentry","category-politica","category-portada"],"jetpack_featured_media_url":"https:\/\/i0.wp.com\/cdnoticias.com\/wp-content\/uploads\/2023\/12\/wesner-asume-HCD-02.jpg?fit=1200%2C668&ssl=1","jetpack_sharing_enabled":true,"_links":{"self":[{"href":"https:\/\/cdnoticias.com\/index.php\/wp-json\/wp\/v2\/posts\/104940","targetHints":{"allow":["GET"]}}],"collection":[{"href":"https:\/\/cdnoticias.com\/index.php\/wp-json\/wp\/v2\/posts"}],"about":[{"href":"https:\/\/cdnoticias.com\/index.php\/wp-json\/wp\/v2\/types\/post"}],"author":[{"embeddable":true,"href":"https:\/\/cdnoticias.com\/index.php\/wp-json\/wp\/v2\/users\/4"}],"replies":[{"embeddable":true,"href":"https:\/\/cdnoticias.com\/index.php\/wp-json\/wp\/v2\/comments?post=104940"}],"version-history":[{"count":0,"href":"https:\/\/cdnoticias.com\/index.php\/wp-json\/wp\/v2\/posts\/104940\/revisions"}],"wp:featuredmedia":[{"embeddable":true,"href":"https:\/\/cdnoticias.com\/index.php\/wp-json\/wp\/v2\/media\/104584"}],"wp:attachment":[{"href":"https:\/\/cdnoticias.com\/index.php\/wp-json\/wp\/v2\/media?parent=104940"}],"wp:term":[{"taxonomy":"category","embeddable":true,"href":"https:\/\/cdnoticias.com\/index.php\/wp-json\/wp\/v2\/categories?post=104940"},{"taxonomy":"post_tag","embeddable":true,"href":"https:\/\/cdnoticias.com\/index.php\/wp-json\/wp\/v2\/tags?post=104940"}],"curies":[{"name":"wp","href":"https:\/\/api.w.org\/{rel}","templated":true}]}}