{"id":104935,"date":"2023-12-22T11:42:28","date_gmt":"2023-12-22T14:42:28","guid":{"rendered":"https:\/\/cdnoticias.com\/?p=104935"},"modified":"2023-12-22T12:20:50","modified_gmt":"2023-12-22T15:20:50","slug":"asistencia-a-afectados-por-el-temporal-convenio-entre-desarrollo-de-la-comunidad-provincial-y-el-municipio","status":"publish","type":"post","link":"https:\/\/cdnoticias.com\/index.php\/2023\/12\/22\/asistencia-a-afectados-por-el-temporal-convenio-entre-desarrollo-de-la-comunidad-provincial-y-el-municipio\/","title":{"rendered":"Asistencia a afectados por el temporal: convenio entre Desarrollo de la Comunidad provincial y el Municipio"},"content":{"rendered":"<p>El intendente Maximiliano Wesner y la subsecretaria de Pol\u00edticas Sociales, Juliana Petreigne, firmaron el acuerdo de cooperaci\u00f3n. La funcionaria tambi\u00e9n visit\u00f3 a familias afectadas.<!--more--><\/p>\n<hr \/>\n<p><strong>El intendente Maximiliano Wesner<\/strong> recibi\u00f3 este jueves a la <strong>subsecretaria de Pol\u00edticas Sociales de la Provincia de Buenos Aires, Juliana Petreigne<\/strong>, del Ministerio de Desarrollo de la Comunidad.<\/p>\n<p>&nbsp;<\/p>\n<p>La funcionaria provincial lleg\u00f3 a Olavarr\u00eda para<strong> firmar un convenio de asistencia a familias afectadas por el temporal<\/strong>.<\/p>\n<p>&nbsp;<\/p>\n<p><img data-recalc-dims=\"1\" loading=\"lazy\" decoding=\"async\" class=\"size-full wp-image-104937 aligncenter\" src=\"https:\/\/i0.wp.com\/cdnoticias.com\/wp-content\/uploads\/2023\/12\/convenio-desarrollo-de-la-comunidad-Juliana-Petreigne-wesner-1.jpg?resize=800%2C445&#038;ssl=1\" alt=\"\" width=\"800\" height=\"445\" srcset=\"https:\/\/i0.wp.com\/cdnoticias.com\/wp-content\/uploads\/2023\/12\/convenio-desarrollo-de-la-comunidad-Juliana-Petreigne-wesner-1.jpg?w=1000&amp;ssl=1 1000w, https:\/\/i0.wp.com\/cdnoticias.com\/wp-content\/uploads\/2023\/12\/convenio-desarrollo-de-la-comunidad-Juliana-Petreigne-wesner-1.jpg?resize=300%2C167&amp;ssl=1 300w, https:\/\/i0.wp.com\/cdnoticias.com\/wp-content\/uploads\/2023\/12\/convenio-desarrollo-de-la-comunidad-Juliana-Petreigne-wesner-1.jpg?resize=768%2C427&amp;ssl=1 768w, https:\/\/i0.wp.com\/cdnoticias.com\/wp-content\/uploads\/2023\/12\/convenio-desarrollo-de-la-comunidad-Juliana-Petreigne-wesner-1.jpg?resize=800%2C445&amp;ssl=1 800w\" sizes=\"auto, (max-width: 800px) 100vw, 800px\" \/><\/p>\n<p>&nbsp;<\/p>\n<p>De la reuni\u00f3n en la Sala de Reuniones del Palacio San Mart\u00edn, particip\u00f3 adem\u00e1s el <strong>secretario de Desarrollo de la Comunidad municipal, Cristian Delpiani<\/strong>.<\/p>\n<p>&nbsp;<\/p>\n<blockquote><p>Se inform\u00f3 que Wesner y Petreigne \u201cfirmaron un convenio de cooperaci\u00f3n entre la Municipalidad de Olavarr\u00eda y el Ministerio de Desarrollo de la Comunidad de la provincia de Buenos Aires. El acuerdo permite organizar y coordinar la asistencia a las zonas damnificadas por eventos naturales y antr\u00f3picos, a trav\u00e9s de la solicitud del Municipio, con la finalidad de optimizar la capacidad de respuesta, en coordinaci\u00f3n con otras \u00e1reas\u201d.<\/p><\/blockquote>\n<p>&nbsp;<\/p>\n<p><img data-recalc-dims=\"1\" loading=\"lazy\" decoding=\"async\" class=\"size-full wp-image-104936 aligncenter\" src=\"https:\/\/i0.wp.com\/cdnoticias.com\/wp-content\/uploads\/2023\/12\/convenio-desarrollo-de-la-comunidad-Juliana-Petreigne-wesner-0.jpg?resize=800%2C445&#038;ssl=1\" alt=\"\" width=\"800\" height=\"445\" srcset=\"https:\/\/i0.wp.com\/cdnoticias.com\/wp-content\/uploads\/2023\/12\/convenio-desarrollo-de-la-comunidad-Juliana-Petreigne-wesner-0.jpg?w=1000&amp;ssl=1 1000w, https:\/\/i0.wp.com\/cdnoticias.com\/wp-content\/uploads\/2023\/12\/convenio-desarrollo-de-la-comunidad-Juliana-Petreigne-wesner-0.jpg?resize=300%2C167&amp;ssl=1 300w, https:\/\/i0.wp.com\/cdnoticias.com\/wp-content\/uploads\/2023\/12\/convenio-desarrollo-de-la-comunidad-Juliana-Petreigne-wesner-0.jpg?resize=768%2C427&amp;ssl=1 768w, https:\/\/i0.wp.com\/cdnoticias.com\/wp-content\/uploads\/2023\/12\/convenio-desarrollo-de-la-comunidad-Juliana-Petreigne-wesner-0.jpg?resize=800%2C445&amp;ssl=1 800w\" sizes=\"auto, (max-width: 800px) 100vw, 800px\" \/><\/p>\n<p>&nbsp;<\/p>\n<p>Se destac\u00f3 que la finalidad de este convenio es <strong>promover el apoyo desde el Ministerio de Desarrollo de la Comunidad<\/strong> y <strong>brindar asistencia a las familias de mayor vulnerabilidad<\/strong>, que se ven afectadas en este tipo de emergencias, como as\u00ed tambi\u00e9n<strong> favorecer acciones conjuntas en programas sociales y atenci\u00f3n comunitaria.<\/strong><\/p>\n<p>&nbsp;<\/p>\n<p>Tras la firma del convenio, la funcionaria provincial, acompa\u00f1ada por la jefa de Gabinete Mercedes Land\u00edvar y el titular de Desarrollo de la Comunidad Cristian Delpiani, <strong>visitaron domicilios particulares de familias que fueron asistidas tras el temporal<\/strong> que azot\u00f3 a Olavarr\u00eda y la regi\u00f3n d\u00edas atr\u00e1s.<\/p>\n<p>&nbsp;<\/p>\n","protected":false},"excerpt":{"rendered":"<p>El intendente Maximiliano Wesner y la subsecretaria de Pol\u00edticas Sociales, Juliana Petreigne, firmaron el acuerdo de cooperaci\u00f3n. La funcionaria tambi\u00e9n<\/p>\n","protected":false},"author":4,"featured_media":104938,"comment_status":"closed","ping_status":"closed","sticky":false,"template":"","format":"standard","meta":{"_jetpack_memberships_contains_paid_content":false,"footnotes":""},"categories":[5,1],"tags":[],"class_list":["post-104935","post","type-post","status-publish","format-standard","has-post-thumbnail","hentry","category-informacion-general","category-portada"],"jetpack_featured_media_url":"https:\/\/i0.wp.com\/cdnoticias.com\/wp-content\/uploads\/2023\/12\/convenio-desarrollo-de-la-comunidad-Juliana-Petreigne-wesner.jpg?fit=1000%2C556&ssl=1","jetpack_sharing_enabled":true,"_links":{"self":[{"href":"https:\/\/cdnoticias.com\/index.php\/wp-json\/wp\/v2\/posts\/104935","targetHints":{"allow":["GET"]}}],"collection":[{"href":"https:\/\/cdnoticias.com\/index.php\/wp-json\/wp\/v2\/posts"}],"about":[{"href":"https:\/\/cdnoticias.com\/index.php\/wp-json\/wp\/v2\/types\/post"}],"author":[{"embeddable":true,"href":"https:\/\/cdnoticias.com\/index.php\/wp-json\/wp\/v2\/users\/4"}],"replies":[{"embeddable":true,"href":"https:\/\/cdnoticias.com\/index.php\/wp-json\/wp\/v2\/comments?post=104935"}],"version-history":[{"count":0,"href":"https:\/\/cdnoticias.com\/index.php\/wp-json\/wp\/v2\/posts\/104935\/revisions"}],"wp:featuredmedia":[{"embeddable":true,"href":"https:\/\/cdnoticias.com\/index.php\/wp-json\/wp\/v2\/media\/104938"}],"wp:attachment":[{"href":"https:\/\/cdnoticias.com\/index.php\/wp-json\/wp\/v2\/media?parent=104935"}],"wp:term":[{"taxonomy":"category","embeddable":true,"href":"https:\/\/cdnoticias.com\/index.php\/wp-json\/wp\/v2\/categories?post=104935"},{"taxonomy":"post_tag","embeddable":true,"href":"https:\/\/cdnoticias.com\/index.php\/wp-json\/wp\/v2\/tags?post=104935"}],"curies":[{"name":"wp","href":"https:\/\/api.w.org\/{rel}","templated":true}]}}