{"id":10493,"date":"2021-01-03T15:53:58","date_gmt":"2021-01-03T18:53:58","guid":{"rendered":"http:\/\/www.centraldenoticias.com.ar\/?p=10493"},"modified":"2021-01-03T19:53:07","modified_gmt":"2021-01-03T22:53:07","slug":"desactivaron-reuniones-sociales-en-espacios-publicos-durante-la-madrugada","status":"publish","type":"post","link":"https:\/\/cdnoticias.com\/index.php\/2021\/01\/03\/desactivaron-reuniones-sociales-en-espacios-publicos-durante-la-madrugada\/","title":{"rendered":"Desactivaron reuniones sociales en espacios p\u00fablicos durante la madrugada"},"content":{"rendered":"<p>Adem\u00e1s varias personas fueron infraccionadas por \u201cruidos molestos\u201d. <strong>El detalle<\/strong>.<\/p>\n<p><!--more--><\/p>\n<hr \/>\n<p>Controlar, o m\u00e1s bien evitar, las reuniones sociales durante la noche y la madrugada es una preocupaci\u00f3n que lejos est\u00e1 de limitarse a nuestra ciudad. En los \u00faltimos d\u00edas ha trascendido c\u00f3mo<strong> desde el gobierno Nacional, con su correlato en el Provincial, analizan medidas y hasta un posible \u201ctoque de queda\u201d para limitar la circulaci\u00f3n nocturna y con ello que los casos de coronavirus no sigan creciendo.<\/strong><\/p>\n<p>&nbsp;<\/p>\n<p>Mientras se definen medidas y persisten los encuentros para encontrar una manera de frenar el incremento de casos, en Olavarr\u00eda persisten los esfuerzos preventivos y lo sucedido durante la madrugada de este domingo sirve de ejemplo. Quiz\u00e1s la situaci\u00f3n m\u00e1s particular se dio en torno a <strong>un importante grupo de veh\u00edculos que pudo verse en una primera instancia sobre el espacio verde de uno de los laterales del puente de avenida Pringles y Ruta Nacional 226.<\/strong><\/p>\n<p>&nbsp;<\/p>\n<p><img data-recalc-dims=\"1\" loading=\"lazy\" decoding=\"async\" class=\"alignnone size-full wp-image-5441\" src=\"https:\/\/i0.wp.com\/cdnoticias.com\/wp-content\/uploads\/2020\/11\/control.jpg?resize=799%2C449&#038;ssl=1\" alt=\"\" width=\"799\" height=\"449\" srcset=\"https:\/\/i0.wp.com\/cdnoticias.com\/wp-content\/uploads\/2020\/11\/control.jpg?w=799&amp;ssl=1 799w, https:\/\/i0.wp.com\/cdnoticias.com\/wp-content\/uploads\/2020\/11\/control.jpg?resize=300%2C169&amp;ssl=1 300w, https:\/\/i0.wp.com\/cdnoticias.com\/wp-content\/uploads\/2020\/11\/control.jpg?resize=768%2C432&amp;ssl=1 768w\" sizes=\"auto, (max-width: 799px) 100vw, 799px\" \/><\/p>\n<p>&nbsp;<\/p>\n<p>Personal de Control Urbano, con la colaboraci\u00f3n de agentes del Comando de Patrullas, concurrieron y desconcentraron el lugar. Una escena similar se habr\u00eda dado luego sobre el Parque Sur, tal es as\u00ed que las tareas de control se prolongaron pr\u00e1cticamente hasta el inicio de la ma\u00f1ana. Esto \u00faltimo respondi\u00f3 a que <strong>los llamados y denuncias por presuntas reuniones sociales y fiestas clandestinas lejos estuvieron de limitarse a estos dos casos, sino que provinieron de numerosos puntos de la ciudad<\/strong>. En ese sentido, las fuentes consultadas, adem\u00e1s de dar cuenta de una noche &#8220;complicada&#8221;, admitieron la preocupaci\u00f3n por la situaci\u00f3n.<\/p>\n<p>&nbsp;<\/p>\n<p>Por otra parte,<strong> en el Parque Mitre fueron infraccionados varios conductores por \u201cruidos molestos\u201d, principalmente por la m\u00fasica a alto volumen<\/strong>. Asimismo, tambi\u00e9n se detectaron faltas a la Ley de Tr\u00e1nsito, como el caso de un motociclista que <strong>hac\u00eda \u201cWillys\u201d y que cuando fue interceptado no s\u00f3lo se constat\u00f3 que la moto ten\u00eda prohibici\u00f3n de circular sino que adem\u00e1s su conductor carec\u00eda de documentaci\u00f3n habilitante.<\/strong><\/p>\n<p>&nbsp;<\/p>\n<p>Por \u00faltimo, vale mencionar que <strong>actas por \u201cruidos molestos\u201d tambi\u00e9n se labraron en domicilios particulares<\/strong>, situaci\u00f3n que fueron detectadas a partir de los reiterados llamados y denuncias de vecinos.<\/p>\n","protected":false},"excerpt":{"rendered":"<p>Adem\u00e1s varias personas fueron infraccionadas por \u201cruidos molestos\u201d. El detalle.<\/p>\n","protected":false},"author":3,"featured_media":10494,"comment_status":"closed","ping_status":"closed","sticky":false,"template":"","format":"standard","meta":{"_jetpack_memberships_contains_paid_content":false,"footnotes":""},"categories":[14,1],"tags":[],"class_list":["post-10493","post","type-post","status-publish","format-standard","has-post-thumbnail","hentry","category-policiales","category-portada"],"jetpack_featured_media_url":"https:\/\/i0.wp.com\/cdnoticias.com\/wp-content\/uploads\/2021\/01\/operativos-1.jpg?fit=774%2C450&ssl=1","jetpack_sharing_enabled":true,"_links":{"self":[{"href":"https:\/\/cdnoticias.com\/index.php\/wp-json\/wp\/v2\/posts\/10493","targetHints":{"allow":["GET"]}}],"collection":[{"href":"https:\/\/cdnoticias.com\/index.php\/wp-json\/wp\/v2\/posts"}],"about":[{"href":"https:\/\/cdnoticias.com\/index.php\/wp-json\/wp\/v2\/types\/post"}],"author":[{"embeddable":true,"href":"https:\/\/cdnoticias.com\/index.php\/wp-json\/wp\/v2\/users\/3"}],"replies":[{"embeddable":true,"href":"https:\/\/cdnoticias.com\/index.php\/wp-json\/wp\/v2\/comments?post=10493"}],"version-history":[{"count":0,"href":"https:\/\/cdnoticias.com\/index.php\/wp-json\/wp\/v2\/posts\/10493\/revisions"}],"wp:featuredmedia":[{"embeddable":true,"href":"https:\/\/cdnoticias.com\/index.php\/wp-json\/wp\/v2\/media\/10494"}],"wp:attachment":[{"href":"https:\/\/cdnoticias.com\/index.php\/wp-json\/wp\/v2\/media?parent=10493"}],"wp:term":[{"taxonomy":"category","embeddable":true,"href":"https:\/\/cdnoticias.com\/index.php\/wp-json\/wp\/v2\/categories?post=10493"},{"taxonomy":"post_tag","embeddable":true,"href":"https:\/\/cdnoticias.com\/index.php\/wp-json\/wp\/v2\/tags?post=10493"}],"curies":[{"name":"wp","href":"https:\/\/api.w.org\/{rel}","templated":true}]}}