{"id":104926,"date":"2023-12-22T09:20:54","date_gmt":"2023-12-22T12:20:54","guid":{"rendered":"https:\/\/cdnoticias.com\/?p=104926"},"modified":"2023-12-22T09:26:25","modified_gmt":"2023-12-22T12:26:25","slug":"como-sera-el-cronograma-de-recoleccion-de-residuos-en-navidad","status":"publish","type":"post","link":"https:\/\/cdnoticias.com\/index.php\/2023\/12\/22\/como-sera-el-cronograma-de-recoleccion-de-residuos-en-navidad\/","title":{"rendered":"\u00bfC\u00f3mo ser\u00e1 el cronograma de recolecci\u00f3n de residuos en Navidad?"},"content":{"rendered":"<p>Transportes Malvinas inform\u00f3 el desarrollo de los servicios de recolecci\u00f3n y barrido. Habr\u00e1 un operativo especial.<!--more--><\/p>\n<hr \/>\n<p>Desde la <strong>empresa Transportes Malvinas<\/strong> se inform\u00f3 a toda la comunidad c\u00f3mo se desarrollar\u00e1n los <strong>servicios de recolecci\u00f3n y barrido<\/strong> durante estas fiestas que se aproximan.<\/p>\n<p>Teniendo en cuenta que durante los pr\u00f3ximos d\u00edas el volumen de residuos crece considerablemente, <strong>se dispondr\u00e1 un operativo especial de servicio<\/strong> que contempla esta situaci\u00f3n, con el objetivo de mantener la limpieza en calles de la ciudad.<\/p>\n<blockquote><p>El <strong>domingo 24 de diciembre<\/strong> solo se prestar\u00e1 servicio de barrido manual por la ma\u00f1ana en la zona de microcentro y no habr\u00e1 servicio de recolecci\u00f3n. En tanto que el d\u00eda l<strong>unes 25<\/strong> <strong>la recolecci\u00f3n ser\u00e1 nocturna con un cami\u00f3n de refuerzo especial.<\/strong><\/p><\/blockquote>\n<p>Mientras que los d\u00edas <strong>martes 26 y mi\u00e9rcoles 27<\/strong> se prestar\u00e1n normalmente todos los servicios (recolecci\u00f3n y barrido manual y mec\u00e1nico) y <strong>se adicionar\u00e1n refuerzos en la recolecci\u00f3n matutina.<\/strong><\/p>\n<p>Desde la empresa se solicita sacar los residuos reci\u00e9n el d\u00eda lunes 25 por la noche, cuando se reanudar\u00e1 el servicio de recolecci\u00f3n con sus respectivos refuerzos.<\/p>\n","protected":false},"excerpt":{"rendered":"<p>Transportes Malvinas inform\u00f3 el desarrollo de los servicios de recolecci\u00f3n y barrido. Habr\u00e1 un operativo especial.<\/p>\n","protected":false},"author":2,"featured_media":10326,"comment_status":"closed","ping_status":"closed","sticky":false,"template":"","format":"standard","meta":{"_jetpack_memberships_contains_paid_content":false,"footnotes":""},"categories":[5,1],"tags":[],"class_list":["post-104926","post","type-post","status-publish","format-standard","has-post-thumbnail","hentry","category-informacion-general","category-portada"],"jetpack_featured_media_url":"https:\/\/i0.wp.com\/cdnoticias.com\/wp-content\/uploads\/2020\/12\/Malvinas-basura.jpg?fit=591%2C394&ssl=1","jetpack_sharing_enabled":true,"_links":{"self":[{"href":"https:\/\/cdnoticias.com\/index.php\/wp-json\/wp\/v2\/posts\/104926","targetHints":{"allow":["GET"]}}],"collection":[{"href":"https:\/\/cdnoticias.com\/index.php\/wp-json\/wp\/v2\/posts"}],"about":[{"href":"https:\/\/cdnoticias.com\/index.php\/wp-json\/wp\/v2\/types\/post"}],"author":[{"embeddable":true,"href":"https:\/\/cdnoticias.com\/index.php\/wp-json\/wp\/v2\/users\/2"}],"replies":[{"embeddable":true,"href":"https:\/\/cdnoticias.com\/index.php\/wp-json\/wp\/v2\/comments?post=104926"}],"version-history":[{"count":0,"href":"https:\/\/cdnoticias.com\/index.php\/wp-json\/wp\/v2\/posts\/104926\/revisions"}],"wp:featuredmedia":[{"embeddable":true,"href":"https:\/\/cdnoticias.com\/index.php\/wp-json\/wp\/v2\/media\/10326"}],"wp:attachment":[{"href":"https:\/\/cdnoticias.com\/index.php\/wp-json\/wp\/v2\/media?parent=104926"}],"wp:term":[{"taxonomy":"category","embeddable":true,"href":"https:\/\/cdnoticias.com\/index.php\/wp-json\/wp\/v2\/categories?post=104926"},{"taxonomy":"post_tag","embeddable":true,"href":"https:\/\/cdnoticias.com\/index.php\/wp-json\/wp\/v2\/tags?post=104926"}],"curies":[{"name":"wp","href":"https:\/\/api.w.org\/{rel}","templated":true}]}}