{"id":104919,"date":"2023-12-22T08:33:03","date_gmt":"2023-12-22T11:33:03","guid":{"rendered":"https:\/\/cdnoticias.com\/?p=104919"},"modified":"2023-12-22T08:33:05","modified_gmt":"2023-12-22T11:33:05","slug":"antonio-lajud-tulin-q-e-p-d","status":"publish","type":"post","link":"https:\/\/cdnoticias.com\/index.php\/2023\/12\/22\/antonio-lajud-tulin-q-e-p-d\/","title":{"rendered":"Antonio Lajud &#8220;Tulin&#8221; (Q.E.P.D.)"},"content":{"rendered":"<p>Falleci\u00f3 en Olavarr\u00eda el d\u00eda 21 de diciembre de 2023 a los 99 a\u00f1os de edad. <\/p>\n<p>Sus sobrinos. Sus amigos y dem\u00e1s deudos participan su fallecimiento. <\/p>\n<p>Sin velatorio. Responso: Capilla Ardiente (la sala se habilita este viernes 22 de 10 a 11 horas). Cremaci\u00f3n:  Crematorio Pinos de Paz, en d\u00eda a confirmar. Servicio adherido a Coopelectric.  <\/p>\n<p>Vecino de Barrio Mariano Moreno. <\/p>\n<p>Nacido en Olavarr\u00eda. <\/p>\n<p>Actividad que desarrollaba:  Jubilado del Ferrocarril.<\/p>\n","protected":false},"excerpt":{"rendered":"<p>Falleci\u00f3 en Olavarr\u00eda el d\u00eda 21 de diciembre de 2023 a los 99 a\u00f1os de edad. Sus sobrinos. Sus amigos<\/p>\n","protected":false},"author":4,"featured_media":51544,"comment_status":"closed","ping_status":"closed","sticky":false,"template":"","format":"standard","meta":{"_jetpack_memberships_contains_paid_content":false,"footnotes":""},"categories":[10],"tags":[],"class_list":["post-104919","post","type-post","status-publish","format-standard","has-post-thumbnail","hentry","category-necrologicas"],"jetpack_featured_media_url":"https:\/\/i0.wp.com\/cdnoticias.com\/wp-content\/uploads\/2022\/04\/necrologicas-390-x-240.jpg?fit=390%2C240&ssl=1","jetpack_sharing_enabled":true,"_links":{"self":[{"href":"https:\/\/cdnoticias.com\/index.php\/wp-json\/wp\/v2\/posts\/104919","targetHints":{"allow":["GET"]}}],"collection":[{"href":"https:\/\/cdnoticias.com\/index.php\/wp-json\/wp\/v2\/posts"}],"about":[{"href":"https:\/\/cdnoticias.com\/index.php\/wp-json\/wp\/v2\/types\/post"}],"author":[{"embeddable":true,"href":"https:\/\/cdnoticias.com\/index.php\/wp-json\/wp\/v2\/users\/4"}],"replies":[{"embeddable":true,"href":"https:\/\/cdnoticias.com\/index.php\/wp-json\/wp\/v2\/comments?post=104919"}],"version-history":[{"count":0,"href":"https:\/\/cdnoticias.com\/index.php\/wp-json\/wp\/v2\/posts\/104919\/revisions"}],"wp:featuredmedia":[{"embeddable":true,"href":"https:\/\/cdnoticias.com\/index.php\/wp-json\/wp\/v2\/media\/51544"}],"wp:attachment":[{"href":"https:\/\/cdnoticias.com\/index.php\/wp-json\/wp\/v2\/media?parent=104919"}],"wp:term":[{"taxonomy":"category","embeddable":true,"href":"https:\/\/cdnoticias.com\/index.php\/wp-json\/wp\/v2\/categories?post=104919"},{"taxonomy":"post_tag","embeddable":true,"href":"https:\/\/cdnoticias.com\/index.php\/wp-json\/wp\/v2\/tags?post=104919"}],"curies":[{"name":"wp","href":"https:\/\/api.w.org\/{rel}","templated":true}]}}