{"id":104855,"date":"2023-12-21T12:39:24","date_gmt":"2023-12-21T15:39:24","guid":{"rendered":"https:\/\/cdnoticias.com\/?p=104855"},"modified":"2023-12-21T17:44:01","modified_gmt":"2023-12-21T20:44:01","slug":"wesner-entrego-escrituras-y-presento-al-nuevo-director-de-casa-de-tierras","status":"publish","type":"post","link":"https:\/\/cdnoticias.com\/index.php\/2023\/12\/21\/wesner-entrego-escrituras-y-presento-al-nuevo-director-de-casa-de-tierras\/","title":{"rendered":"Wesner entreg\u00f3 escrituras y present\u00f3 al nuevo director de Casa de Tierras"},"content":{"rendered":"<p>Juan S\u00e1nchez est\u00e1 al frente de la dependencia municipal. En su mensaje a los vecinos beneficiarios, el intendente expres\u00f3 \u201custedes son parte de este tr\u00e1mite, son parte de esta gesti\u00f3n y lo tienen que sentir as\u00ed\u201d.<!--more--><\/p>\n<hr \/>\n<p>Este jueves se llev\u00f3 adelante el <strong>acto de entrega de escrituras en la sede del Club Pueblo Nuevo<\/strong> encabezado por el<strong> intendente Maximiliano Wesner<\/strong> y la <strong>escribana de la Escriban\u00eda General de Gobierno provincial, Mariana S\u00e1nchez<\/strong>.<\/p>\n<blockquote><p>\u201cCuando hablamos de vivienda, con un d\u00e9ficit habitacional inmenso que sufre la provincia de Buenos Aires y que Olavarr\u00eda no es ajena, que llegue este momento pr\u00e1cticamente culmine de la firma, es m\u00e1s que importante y espero que pueda ser valorado de esa forma\u201d destac\u00f3 Wesner el acto.<\/p><\/blockquote>\n<p><img data-recalc-dims=\"1\" loading=\"lazy\" decoding=\"async\" class=\"size-full wp-image-104843 aligncenter\" src=\"https:\/\/i0.wp.com\/cdnoticias.com\/wp-content\/uploads\/2023\/12\/escrituras-01.jpg?resize=800%2C450&#038;ssl=1\" alt=\"\" width=\"800\" height=\"450\" srcset=\"https:\/\/i0.wp.com\/cdnoticias.com\/wp-content\/uploads\/2023\/12\/escrituras-01.jpg?w=800&amp;ssl=1 800w, https:\/\/i0.wp.com\/cdnoticias.com\/wp-content\/uploads\/2023\/12\/escrituras-01.jpg?resize=300%2C169&amp;ssl=1 300w, https:\/\/i0.wp.com\/cdnoticias.com\/wp-content\/uploads\/2023\/12\/escrituras-01.jpg?resize=768%2C432&amp;ssl=1 768w\" sizes=\"auto, (max-width: 800px) 100vw, 800px\" \/><\/p>\n<p><img data-recalc-dims=\"1\" loading=\"lazy\" decoding=\"async\" class=\"size-full wp-image-104844 aligncenter\" src=\"https:\/\/i0.wp.com\/cdnoticias.com\/wp-content\/uploads\/2023\/12\/escrituras-03.jpg?resize=800%2C450&#038;ssl=1\" alt=\"\" width=\"800\" height=\"450\" srcset=\"https:\/\/i0.wp.com\/cdnoticias.com\/wp-content\/uploads\/2023\/12\/escrituras-03.jpg?w=800&amp;ssl=1 800w, https:\/\/i0.wp.com\/cdnoticias.com\/wp-content\/uploads\/2023\/12\/escrituras-03.jpg?resize=300%2C169&amp;ssl=1 300w, https:\/\/i0.wp.com\/cdnoticias.com\/wp-content\/uploads\/2023\/12\/escrituras-03.jpg?resize=768%2C432&amp;ssl=1 768w\" sizes=\"auto, (max-width: 800px) 100vw, 800px\" \/><\/p>\n<p>All\u00ed <strong>fue presentado el nuevo director de Casa de Tierra y Regularizaci\u00f3n Territorial municipal Juan S\u00e1nchez<\/strong>, y participaron asimismo la <strong>ex titular de la dependencia, Mar\u00eda Jos\u00e9 Gonz\u00e1lez<\/strong>, y el <strong>presidente del Concejo Deliberante, Guillermo Santell\u00e1n<\/strong>.<\/p>\n<p>Durante el acto <strong>se entregaron 252 t\u00edtulos de propiedad<\/strong>, de los cuales 206 corresponden a la Ley 10.830, mientras que los 46 restantes a la operatoria del Instituto de la Vivienda. <strong>Los primeros en recibir sus escrituras fueron las autoridades del Club La Amistad<\/strong>, instituci\u00f3n que regulariz\u00f3 la titularidad de lotes que fueron donados por una familia.<\/p>\n<p><img data-recalc-dims=\"1\" loading=\"lazy\" decoding=\"async\" class=\"size-full wp-image-104846 aligncenter\" src=\"https:\/\/i0.wp.com\/cdnoticias.com\/wp-content\/uploads\/2023\/12\/escrituras-05.jpg?resize=800%2C450&#038;ssl=1\" alt=\"\" width=\"800\" height=\"450\" srcset=\"https:\/\/i0.wp.com\/cdnoticias.com\/wp-content\/uploads\/2023\/12\/escrituras-05.jpg?w=800&amp;ssl=1 800w, https:\/\/i0.wp.com\/cdnoticias.com\/wp-content\/uploads\/2023\/12\/escrituras-05.jpg?resize=300%2C169&amp;ssl=1 300w, https:\/\/i0.wp.com\/cdnoticias.com\/wp-content\/uploads\/2023\/12\/escrituras-05.jpg?resize=768%2C432&amp;ssl=1 768w\" sizes=\"auto, (max-width: 800px) 100vw, 800px\" \/><\/p>\n<p><img data-recalc-dims=\"1\" loading=\"lazy\" decoding=\"async\" class=\"size-full wp-image-104845 aligncenter\" src=\"https:\/\/i0.wp.com\/cdnoticias.com\/wp-content\/uploads\/2023\/12\/escrituras-04.jpg?resize=800%2C450&#038;ssl=1\" alt=\"\" width=\"800\" height=\"450\" srcset=\"https:\/\/i0.wp.com\/cdnoticias.com\/wp-content\/uploads\/2023\/12\/escrituras-04.jpg?w=800&amp;ssl=1 800w, https:\/\/i0.wp.com\/cdnoticias.com\/wp-content\/uploads\/2023\/12\/escrituras-04.jpg?resize=300%2C169&amp;ssl=1 300w, https:\/\/i0.wp.com\/cdnoticias.com\/wp-content\/uploads\/2023\/12\/escrituras-04.jpg?resize=768%2C432&amp;ssl=1 768w\" sizes=\"auto, (max-width: 800px) 100vw, 800px\" \/><\/p>\n<p><strong>Wesner fue el \u00fanico orador<\/strong> del encuentro. En el inicio de su intervenci\u00f3n <strong>agradeci\u00f3 a Mar\u00eda Jos\u00e9 Gonz\u00e1lez por \u201cel trabajo en la conducci\u00f3<\/strong>n de la direcci\u00f3n de Regularizaci\u00f3n Dominial llevado adelante. <strong>Gracias Juan (S\u00e1nchez) por esa continuaci\u00f3n y seguramente alguna mejora que haya que hacer\u201d<\/strong> a la labor del \u00e1rea. Adem\u00e1s agradeci\u00f3 a los trabajadores y trabajadoras de la Direcci\u00f3n municipal.<\/p>\n<p>El intendente tuvo en cuenta que <strong>la firma de las escrituras implica \u201cel documento de resguardo de la seguridad jur\u00eddica de sus bienes, de sus viviendas<\/strong>. Viviendas que seguramente a lo largo del tiempo fueron pasando generaciones en algunos casos, en otras primera generaci\u00f3n\u201d. Wesner subray\u00f3 \u201clo importante que es una escritura y lo importante que es este acto tan esperado\u201d.<\/p>\n<p><img data-recalc-dims=\"1\" loading=\"lazy\" decoding=\"async\" class=\"size-full wp-image-104848 aligncenter\" src=\"https:\/\/i0.wp.com\/cdnoticias.com\/wp-content\/uploads\/2023\/12\/escrituras-07.jpg?resize=800%2C450&#038;ssl=1\" alt=\"\" width=\"800\" height=\"450\" srcset=\"https:\/\/i0.wp.com\/cdnoticias.com\/wp-content\/uploads\/2023\/12\/escrituras-07.jpg?w=800&amp;ssl=1 800w, https:\/\/i0.wp.com\/cdnoticias.com\/wp-content\/uploads\/2023\/12\/escrituras-07.jpg?resize=300%2C169&amp;ssl=1 300w, https:\/\/i0.wp.com\/cdnoticias.com\/wp-content\/uploads\/2023\/12\/escrituras-07.jpg?resize=768%2C432&amp;ssl=1 768w\" sizes=\"auto, (max-width: 800px) 100vw, 800px\" \/><\/p>\n<p><img data-recalc-dims=\"1\" loading=\"lazy\" decoding=\"async\" class=\"size-full wp-image-104847 aligncenter\" src=\"https:\/\/i0.wp.com\/cdnoticias.com\/wp-content\/uploads\/2023\/12\/escrituras-06.jpg?resize=800%2C450&#038;ssl=1\" alt=\"\" width=\"800\" height=\"450\" srcset=\"https:\/\/i0.wp.com\/cdnoticias.com\/wp-content\/uploads\/2023\/12\/escrituras-06.jpg?w=800&amp;ssl=1 800w, https:\/\/i0.wp.com\/cdnoticias.com\/wp-content\/uploads\/2023\/12\/escrituras-06.jpg?resize=300%2C169&amp;ssl=1 300w, https:\/\/i0.wp.com\/cdnoticias.com\/wp-content\/uploads\/2023\/12\/escrituras-06.jpg?resize=768%2C432&amp;ssl=1 768w\" sizes=\"auto, (max-width: 800px) 100vw, 800px\" \/><\/p>\n<blockquote><p>En su mensaje a los vecinos que iban a recibir la documentaci\u00f3n expres\u00f3 \u201custedes son parte de este tr\u00e1mite, son parte de esta gesti\u00f3n y lo tienen que sentir as\u00ed. Con lo cual bienvenidos y bienvenidas\u201d.<\/p><\/blockquote>\n<p>Luego<strong> reiter\u00f3 su valoraci\u00f3n al plantel de empleados de la Direcci\u00f3n de Casa de Tierras e hizo extensivo su reconocimiento a \u201ctodos los trabajadores y trabajadoras de la Municipalidad<\/strong> que, una vez m\u00e1s, en estos d\u00edas han demostrado que les interesa la gesti\u00f3n, que se sienten parte de la gesti\u00f3n, que pusieron no solamente el cuerpo en estas tres tormentas que atravesamos la semana anterior, sino que est\u00e1n a disposici\u00f3n permanentemente para seguir transformando la ciudad y las localidades\u201d.<\/p>\n<p>Al cierre del discurso de Wesner se inici\u00f3 la convocatoria a cada una de las familias e instituciones citadas para la firma.<\/p>\n<p><img data-recalc-dims=\"1\" loading=\"lazy\" decoding=\"async\" class=\"size-full wp-image-104849 aligncenter\" src=\"https:\/\/i0.wp.com\/cdnoticias.com\/wp-content\/uploads\/2023\/12\/escrituras-08.jpg?resize=800%2C450&#038;ssl=1\" alt=\"\" width=\"800\" height=\"450\" srcset=\"https:\/\/i0.wp.com\/cdnoticias.com\/wp-content\/uploads\/2023\/12\/escrituras-08.jpg?w=800&amp;ssl=1 800w, https:\/\/i0.wp.com\/cdnoticias.com\/wp-content\/uploads\/2023\/12\/escrituras-08.jpg?resize=300%2C169&amp;ssl=1 300w, https:\/\/i0.wp.com\/cdnoticias.com\/wp-content\/uploads\/2023\/12\/escrituras-08.jpg?resize=768%2C432&amp;ssl=1 768w\" sizes=\"auto, (max-width: 800px) 100vw, 800px\" \/><\/p>\n<p><img data-recalc-dims=\"1\" loading=\"lazy\" decoding=\"async\" class=\"size-full wp-image-104851 aligncenter\" src=\"https:\/\/i0.wp.com\/cdnoticias.com\/wp-content\/uploads\/2023\/12\/escrituras-wesner-02.jpg?resize=800%2C450&#038;ssl=1\" alt=\"\" width=\"800\" height=\"450\" srcset=\"https:\/\/i0.wp.com\/cdnoticias.com\/wp-content\/uploads\/2023\/12\/escrituras-wesner-02.jpg?w=800&amp;ssl=1 800w, https:\/\/i0.wp.com\/cdnoticias.com\/wp-content\/uploads\/2023\/12\/escrituras-wesner-02.jpg?resize=300%2C169&amp;ssl=1 300w, https:\/\/i0.wp.com\/cdnoticias.com\/wp-content\/uploads\/2023\/12\/escrituras-wesner-02.jpg?resize=768%2C432&amp;ssl=1 768w\" sizes=\"auto, (max-width: 800px) 100vw, 800px\" \/><\/p>\n","protected":false},"excerpt":{"rendered":"<p>Juan S\u00e1nchez est\u00e1 al frente de la dependencia municipal. En su mensaje a los vecinos beneficiarios, el intendente expres\u00f3 \u201custedes<\/p>\n","protected":false},"author":4,"featured_media":104850,"comment_status":"closed","ping_status":"closed","sticky":false,"template":"","format":"standard","meta":{"_jetpack_memberships_contains_paid_content":false,"footnotes":""},"categories":[5,1],"tags":[],"class_list":["post-104855","post","type-post","status-publish","format-standard","has-post-thumbnail","hentry","category-informacion-general","category-portada"],"jetpack_featured_media_url":"https:\/\/i0.wp.com\/cdnoticias.com\/wp-content\/uploads\/2023\/12\/escrituras-09.jpg?fit=800%2C450&ssl=1","jetpack_sharing_enabled":true,"_links":{"self":[{"href":"https:\/\/cdnoticias.com\/index.php\/wp-json\/wp\/v2\/posts\/104855","targetHints":{"allow":["GET"]}}],"collection":[{"href":"https:\/\/cdnoticias.com\/index.php\/wp-json\/wp\/v2\/posts"}],"about":[{"href":"https:\/\/cdnoticias.com\/index.php\/wp-json\/wp\/v2\/types\/post"}],"author":[{"embeddable":true,"href":"https:\/\/cdnoticias.com\/index.php\/wp-json\/wp\/v2\/users\/4"}],"replies":[{"embeddable":true,"href":"https:\/\/cdnoticias.com\/index.php\/wp-json\/wp\/v2\/comments?post=104855"}],"version-history":[{"count":0,"href":"https:\/\/cdnoticias.com\/index.php\/wp-json\/wp\/v2\/posts\/104855\/revisions"}],"wp:featuredmedia":[{"embeddable":true,"href":"https:\/\/cdnoticias.com\/index.php\/wp-json\/wp\/v2\/media\/104850"}],"wp:attachment":[{"href":"https:\/\/cdnoticias.com\/index.php\/wp-json\/wp\/v2\/media?parent=104855"}],"wp:term":[{"taxonomy":"category","embeddable":true,"href":"https:\/\/cdnoticias.com\/index.php\/wp-json\/wp\/v2\/categories?post=104855"},{"taxonomy":"post_tag","embeddable":true,"href":"https:\/\/cdnoticias.com\/index.php\/wp-json\/wp\/v2\/tags?post=104855"}],"curies":[{"name":"wp","href":"https:\/\/api.w.org\/{rel}","templated":true}]}}