{"id":104852,"date":"2023-12-21T12:20:41","date_gmt":"2023-12-21T15:20:41","guid":{"rendered":"https:\/\/cdnoticias.com\/?p=104852"},"modified":"2023-12-21T12:20:43","modified_gmt":"2023-12-21T15:20:43","slug":"diputados-aprobaron-la-creacion-de-un-fondo-de-emergencia-para-bahia-blanca","status":"publish","type":"post","link":"https:\/\/cdnoticias.com\/index.php\/2023\/12\/21\/diputados-aprobaron-la-creacion-de-un-fondo-de-emergencia-para-bahia-blanca\/","title":{"rendered":"Diputados aprobaron la creaci\u00f3n de un Fondo de Emergencia para Bah\u00eda Blanca"},"content":{"rendered":"<p>&#8220;Tenemos que seguir el camino del di\u00e1logo y la empat\u00eda con quienes m\u00e1s lo necesitan&#8221;, dijo el diputado olavarriense Mart\u00edn Endere.<!--more--><\/p>\n<hr \/>\n<p>En la tarde del mi\u00e9rcoles el <strong>diputado provincial de Olavarr\u00eda Mart\u00edn Endere<\/strong> particip\u00f3 de una sesi\u00f3n extraordinaria de la Honorable C\u00e1mara de Diputados de la provincia de Buenos Aires en la que se aprob\u00f3 la<strong> creaci\u00f3n del Fondo de Emergencia de 100 millones de pesos para los afectados por el temporal que azot\u00f3 Bah\u00eda Blanca.<\/strong><\/p>\n<p>En este sentido, Endere expres\u00f3: &#8220;es un orgullo para el cuerpo poder colaborar con los vecinos de Bah\u00eda Blanca que sufrieron una tragedia el pasado fin de semana. Esto demuestra la solidaridad de los bonaerenses y que este es el camino: el de la empat\u00eda y el di\u00e1logo&#8221;.<\/p>\n<p>Adem\u00e1s, durante la misma sesi\u00f3n se aprob\u00f3 la<strong> Ley de Ministerios enviada por el gobernador Axel Kicillof.<\/strong><\/p>\n<blockquote><p>&#8220;Creemos que la aprobaci\u00f3n de Ley de Ministerios le brinda gobernabilidad a Axel Kicillof pero es imperioso que comience a resolver los problemas estructurales de la provincia de Buenos Aires&#8221;, dijo Mart\u00edn Endere al respecto.<\/p><\/blockquote>\n<p>Finalmente, el cuerpo de legisladores bonaerenses aprob\u00f3 las <strong>licencias extraordinarias<\/strong> de Mercedes Land\u00edvar, Mariano Cascallares y Federico Oterm\u00edn y las licencias ordinarias de Nahuel Sotelo y Santiago Passaglia.<\/p>\n","protected":false},"excerpt":{"rendered":"<p>&#8220;Tenemos que seguir el camino del di\u00e1logo y la empat\u00eda con quienes m\u00e1s lo necesitan&#8221;, dijo el diputado olavarriense Mart\u00edn<\/p>\n","protected":false},"author":2,"featured_media":104853,"comment_status":"closed","ping_status":"closed","sticky":false,"template":"","format":"standard","meta":{"_jetpack_memberships_contains_paid_content":false,"footnotes":""},"categories":[6,1],"tags":[],"class_list":["post-104852","post","type-post","status-publish","format-standard","has-post-thumbnail","hentry","category-nacionales","category-portada"],"jetpack_featured_media_url":"https:\/\/i0.wp.com\/cdnoticias.com\/wp-content\/uploads\/2023\/12\/diputados-ley-emergencia.jpg?fit=800%2C450&ssl=1","jetpack_sharing_enabled":true,"_links":{"self":[{"href":"https:\/\/cdnoticias.com\/index.php\/wp-json\/wp\/v2\/posts\/104852","targetHints":{"allow":["GET"]}}],"collection":[{"href":"https:\/\/cdnoticias.com\/index.php\/wp-json\/wp\/v2\/posts"}],"about":[{"href":"https:\/\/cdnoticias.com\/index.php\/wp-json\/wp\/v2\/types\/post"}],"author":[{"embeddable":true,"href":"https:\/\/cdnoticias.com\/index.php\/wp-json\/wp\/v2\/users\/2"}],"replies":[{"embeddable":true,"href":"https:\/\/cdnoticias.com\/index.php\/wp-json\/wp\/v2\/comments?post=104852"}],"version-history":[{"count":0,"href":"https:\/\/cdnoticias.com\/index.php\/wp-json\/wp\/v2\/posts\/104852\/revisions"}],"wp:featuredmedia":[{"embeddable":true,"href":"https:\/\/cdnoticias.com\/index.php\/wp-json\/wp\/v2\/media\/104853"}],"wp:attachment":[{"href":"https:\/\/cdnoticias.com\/index.php\/wp-json\/wp\/v2\/media?parent=104852"}],"wp:term":[{"taxonomy":"category","embeddable":true,"href":"https:\/\/cdnoticias.com\/index.php\/wp-json\/wp\/v2\/categories?post=104852"},{"taxonomy":"post_tag","embeddable":true,"href":"https:\/\/cdnoticias.com\/index.php\/wp-json\/wp\/v2\/tags?post=104852"}],"curies":[{"name":"wp","href":"https:\/\/api.w.org\/{rel}","templated":true}]}}